{"id":6170,"date":"2018-01-04T13:56:39","date_gmt":"2018-01-04T13:56:39","guid":{"rendered":"http:\/\/fmriachuelo.com.ar\/?p=6170"},"modified":"2018-01-04T13:56:39","modified_gmt":"2018-01-04T13:56:39","slug":"asambleas-y-paro-en-los-medios-publicos-contra-los-despidos-y-el-vaciamiento","status":"publish","type":"post","link":"http:\/\/fmriachuelo.it10.com.ar\/index.php\/2018\/01\/04\/asambleas-y-paro-en-los-medios-publicos-contra-los-despidos-y-el-vaciamiento\/","title":{"rendered":"ASAMBLEAS  Y PARO  EN LOS MEDIOS P\u00daBLICOS CONTRA LOS DESPIDOS Y EL VACIAMIENTO"},"content":{"rendered":"<p>[FM Riachuelo \u00a004\/01\/2018] El 03 de enero Rompe el Cerco Informativo habl\u00f3 con Agust\u00edn Lecchi , Secretario de Organizaci\u00f3n del Sindicato de prensa de Buenos Aires (SIPREBA) \u00a0y Delegado de la TV P\u00fablica sobre los despidos masivos que se est\u00e1n produciendo en todos los medios p\u00fablicos a nivel nacional.<\/p>\n<p>Trabajadores de prensa de la TV P\u00fablica, T\u00e9lam y Radio Nacional realizaron una \u00a0asamblea en Maip\u00fa 555, para enfrentar el vaciamiento de la gesti\u00f3n macrista y se suman a la marcha de ATE de hoy 4 de enero.<\/p>\n<p>SiPreBA \u00a0y las comisiones internas de los tres medios salieron a rechazar \u00abde plano las pol\u00edticas de vaciamiento y ajuste de los medios p\u00fablicos, que revelan la falsedad de los enunciados que repiten los funcionarios: mientras proclaman inaugurar un tiempo de libertades y pluralidad de contenidos se ocupan de expulsar a los periodistas que deben garantizarlas.\u00bb<\/p>\n<p>Agust\u00edn Lecchi \u00a0habl\u00f3 con FM Riachuelo sobre el tema:<\/p>\n<p><iframe loading=\"lazy\" title=\"03 - 01 - 2017 - AGUST\u00cdN LECCHI - Sec.Organizaci\u00f3n SIPREBA Y Delegado TV P\u00daBLICA by FMR\" width=\"500\" height=\"400\" scrolling=\"no\" frameborder=\"no\" src=\"https:\/\/w.soundcloud.com\/player\/?visual=true&#038;url=https%3A%2F%2Fapi.soundcloud.com%2Ftracks%2F378415955&#038;show_artwork=true&#038;maxheight=750&#038;maxwidth=500\"><\/iframe><\/p>\n<p>Lecchi \u00a0nos coment\u00f3: \u201cEntre los despedidos hay compa\u00f1eros de hasta m\u00e1s de 9 a\u00f1os de antig\u00fcedad\u201d, \u00a0y agreg\u00f3: \u201cEsta gesti\u00f3n contin\u00faa con la precarizaci\u00f3n laboral y encima suma los despidos, no hubo ning\u00fan anticipo de que ser\u00edan despedidos, se enteraron cuando quisieron ingresar a ocupar sus puestos de trabajo. Incluso hab\u00eda compa\u00f1eras que ten\u00edan asignadas las vacantes en \u00a0la guarder\u00eda para este a\u00f1o y fueron despedidas\u201d<\/p>\n<p>Por este tema la Asamblea general \u00a0exigi\u00f3 la inmediata reincorporaci\u00f3n de los trabajadores despedidos, y resolvieron realizar un paro de 24 horas la pr\u00f3xima semana simult\u00e1neamente en los tres medios p\u00fablicos, \u00a0con un festival en Maip\u00fa 555, si no hay \u00a0respuesta por parte de las autoridades del gobierno de Cambiemos.<\/p>\n<p>Tambi\u00e9n se resolvi\u00f3 en Asamblea participar en la movilizaci\u00f3n de ATE convocada para hoy hacia el Ministerio de Modernizaci\u00f3n para repudiar todos los despidos llevados adelante en el Estado.<\/p>\n<p>El ajuste en el Sistema Federal de Medios y Contenidos P\u00fablicos (SFMyC) no se detiene, el comienzo de un proceso de \u201cvaciamiento\u201d de los Medios p\u00fablicos parece ser la l\u00f3gica del gobierno neoliberal.<\/p>\n<p>&nbsp;<\/p>\n<p>&nbsp;<\/p>\n<p>&nbsp;<\/p>\n<p>&nbsp;<\/p>\n","protected":false},"excerpt":{"rendered":"<p>[FM Riachuelo \u00a004\/01\/2018] El 03 de enero Rompe el Cerco Informativo habl\u00f3 con Agust\u00edn Lecchi , Secretario de Organizaci\u00f3n del Sindicato de prensa de Buenos Aires (SIPREBA) \u00a0y Delegado de la TV P\u00fablica sobre los despidos masivos que se est\u00e1n produciendo en todos los medios p\u00fablicos a nivel nacional. Trabajadores de prensa de la TV [&hellip;]<\/p>\n","protected":false},"author":5,"featured_media":6171,"comment_status":"open","ping_status":"open","sticky":false,"template":"","format":"standard","meta":{"_monsterinsights_skip_tracking":false,"_monsterinsights_sitenote_active":false,"_monsterinsights_sitenote_note":"","_monsterinsights_sitenote_category":0,"jnews-multi-image_gallery":[],"jnews_single_post":[],"jnews_primary_category":[],"_joinchat":[],"footnotes":""},"categories":[76,77,75],"tags":[],"class_list":["post-6170","post","type-post","status-publish","format-standard","has-post-thumbnail","hentry","category-salud-comunitaria","category-soberania","category-trabajo"],"_links":{"self":[{"href":"http:\/\/fmriachuelo.it10.com.ar\/index.php\/wp-json\/wp\/v2\/posts\/6170","targetHints":{"allow":["GET"]}}],"collection":[{"href":"http:\/\/fmriachuelo.it10.com.ar\/index.php\/wp-json\/wp\/v2\/posts"}],"about":[{"href":"http:\/\/fmriachuelo.it10.com.ar\/index.php\/wp-json\/wp\/v2\/types\/post"}],"author":[{"embeddable":true,"href":"http:\/\/fmriachuelo.it10.com.ar\/index.php\/wp-json\/wp\/v2\/users\/5"}],"replies":[{"embeddable":true,"href":"http:\/\/fmriachuelo.it10.com.ar\/index.php\/wp-json\/wp\/v2\/comments?post=6170"}],"version-history":[{"count":0,"href":"http:\/\/fmriachuelo.it10.com.ar\/index.php\/wp-json\/wp\/v2\/posts\/6170\/revisions"}],"wp:featuredmedia":[{"embeddable":true,"href":"http:\/\/fmriachuelo.it10.com.ar\/index.php\/wp-json\/wp\/v2\/media\/6171"}],"wp:attachment":[{"href":"http:\/\/fmriachuelo.it10.com.ar\/index.php\/wp-json\/wp\/v2\/media?parent=6170"}],"wp:term":[{"taxonomy":"category","embeddable":true,"href":"http:\/\/fmriachuelo.it10.com.ar\/index.php\/wp-json\/wp\/v2\/categories?post=6170"},{"taxonomy":"post_tag","embeddable":true,"href":"http:\/\/fmriachuelo.it10.com.ar\/index.php\/wp-json\/wp\/v2\/tags?post=6170"}],"curies":[{"name":"wp","href":"https:\/\/api.w.org\/{rel}","templated":true}]}}