{"id":6163,"date":"2018-01-03T15:40:48","date_gmt":"2018-01-03T15:40:48","guid":{"rendered":"http:\/\/fmriachuelo.com.ar\/?p=6163"},"modified":"2018-01-03T15:40:48","modified_gmt":"2018-01-03T15:40:48","slug":"ingenio-la-esperanza-jujuy-es-el-laboratorio-de-todo-lo-que-hoy-pasa-en-el-pais","status":"publish","type":"post","link":"http:\/\/fmriachuelo.it10.com.ar\/index.php\/2018\/01\/03\/ingenio-la-esperanza-jujuy-es-el-laboratorio-de-todo-lo-que-hoy-pasa-en-el-pais\/","title":{"rendered":"INGENIO LA ESPERANZA: \u201cJUJUY ES EL LABORATORIO DE TODO LO QUE HOY PASA EN EL PA\u00cdS\u201d"},"content":{"rendered":"<p>[FM Riachuelo 03\/01\/2018] El d\u00eda viernes 29 de diciembre del 2017, luego de una semana de detenci\u00f3n ilegal, fueron liberados cerca del mediod\u00eda, los cuatro detenidos restantes de la \u00faltima represi\u00f3n contra los trabajadores que tuvo lugar el d\u00eda 20.<\/p>\n<p>FARCO (Foro Argentino de Radios Comunitarias) realiz\u00f3 una entrevista el pasado 29 de diciembre a Martina Montoya integrante del Centro de Acci\u00f3n Popular Olga M\u00e1rquez de Aredes<\/p>\n<p>Este es su testimonio:<\/p>\n<p><iframe loading=\"lazy\" title=\"LIBERARON TRABAJADORES INGENIO LA ESPERANZA by FMR\" width=\"500\" height=\"450\" scrolling=\"no\" frameborder=\"no\" src=\"https:\/\/w.soundcloud.com\/player\/?visual=true&#038;url=https%3A%2F%2Fapi.soundcloud.com%2Fplaylists%2F414072809&#038;show_artwork=true&#038;maxheight=750&#038;maxwidth=500\"><\/iframe><\/p>\n<p>Los \u00faltimos detenidos quedaron en el Penal 7 ubicado en Alto Comedero: \u00a0Sergio Ju\u00e1rez y N\u00e9stor Bautista, Secretario General y Adjunto del SOEA, as\u00ed como Oscar Delgado, trabajador de prensa del organismo de derechos humanos CAPOMA; y Roberto Molina, (hijo de uno de los trabajadores del Ingenio).<\/p>\n<p>El d\u00eda 20 de diciembre en el marco de una brutal represi\u00f3n a los trabajadores del Ingenio quienes se encontraban protestando contra 400 despidos y en reclamo de haberes adeudados, fueron detenidos 29 personas, entre ellas 4 mujeres. Luego de la persistencia de los familiares de los obreros, que realizaron una movilizaci\u00f3n y acampe frente al Juzgado de San Pedro, se logro la liberaci\u00f3n de 25 de los detenidos.<\/p>\n<p>Entre los demorados se encontraba Oscar Delgado, trabajador de prensa del organismo de derechos humanos CAPOMA, quien fue catalogado en un documento del Juzgado Nro. 2, junto a otros periodistas y comunicadores sociales, como \u201cperiodista revoltoso y en contra del gobierno\u201d.<\/p>\n<p>Martina Montoya, integrante del Centro de Acci\u00f3n Popular Olga M\u00e1rquez de Aredes dijo \u201cesto no termina ac\u00e1, esto ha empezado desde que asumi\u00f3 el gobernador Gerardo Morales, de la mano de Mauricio Macri, que tratan de adoctrinarnos\u201d. Adem\u00e1s agrego \u201c<strong>Jujuy comenz\u00f3 siendo el laboratorio de todo lo que hoy pasa en el pa\u00eds<\/strong>\u201d.<\/p>\n","protected":false},"excerpt":{"rendered":"<p>[FM Riachuelo 03\/01\/2018] El d\u00eda viernes 29 de diciembre del 2017, luego de una semana de detenci\u00f3n ilegal, fueron liberados cerca del mediod\u00eda, los cuatro detenidos restantes de la \u00faltima represi\u00f3n contra los trabajadores que tuvo lugar el d\u00eda 20. FARCO (Foro Argentino de Radios Comunitarias) realiz\u00f3 una entrevista el pasado 29 de diciembre a [&hellip;]<\/p>\n","protected":false},"author":5,"featured_media":6164,"comment_status":"open","ping_status":"open","sticky":false,"template":"","format":"standard","meta":{"_monsterinsights_skip_tracking":false,"_monsterinsights_sitenote_active":false,"_monsterinsights_sitenote_note":"","_monsterinsights_sitenote_category":0,"jnews-multi-image_gallery":[],"jnews_single_post":[],"jnews_primary_category":[],"_joinchat":[],"footnotes":""},"categories":[76,74,75],"tags":[],"class_list":["post-6163","post","type-post","status-publish","format-standard","has-post-thumbnail","hentry","category-salud-comunitaria","category-san-cayetano","category-trabajo"],"_links":{"self":[{"href":"http:\/\/fmriachuelo.it10.com.ar\/index.php\/wp-json\/wp\/v2\/posts\/6163","targetHints":{"allow":["GET"]}}],"collection":[{"href":"http:\/\/fmriachuelo.it10.com.ar\/index.php\/wp-json\/wp\/v2\/posts"}],"about":[{"href":"http:\/\/fmriachuelo.it10.com.ar\/index.php\/wp-json\/wp\/v2\/types\/post"}],"author":[{"embeddable":true,"href":"http:\/\/fmriachuelo.it10.com.ar\/index.php\/wp-json\/wp\/v2\/users\/5"}],"replies":[{"embeddable":true,"href":"http:\/\/fmriachuelo.it10.com.ar\/index.php\/wp-json\/wp\/v2\/comments?post=6163"}],"version-history":[{"count":0,"href":"http:\/\/fmriachuelo.it10.com.ar\/index.php\/wp-json\/wp\/v2\/posts\/6163\/revisions"}],"wp:featuredmedia":[{"embeddable":true,"href":"http:\/\/fmriachuelo.it10.com.ar\/index.php\/wp-json\/wp\/v2\/media\/6164"}],"wp:attachment":[{"href":"http:\/\/fmriachuelo.it10.com.ar\/index.php\/wp-json\/wp\/v2\/media?parent=6163"}],"wp:term":[{"taxonomy":"category","embeddable":true,"href":"http:\/\/fmriachuelo.it10.com.ar\/index.php\/wp-json\/wp\/v2\/categories?post=6163"},{"taxonomy":"post_tag","embeddable":true,"href":"http:\/\/fmriachuelo.it10.com.ar\/index.php\/wp-json\/wp\/v2\/tags?post=6163"}],"curies":[{"name":"wp","href":"https:\/\/api.w.org\/{rel}","templated":true}]}}