{"id":616,"date":"2015-04-02T18:37:00","date_gmt":"2015-04-02T18:37:00","guid":{"rendered":"http:\/\/fmriachuelo.observatorioess.org.ar\/index.php\/2015\/04\/02\/2-de-abril-dia-del-veterano-de-guerra\/"},"modified":"2025-03-27T13:14:36","modified_gmt":"2025-03-27T16:14:36","slug":"2-de-abril-dia-del-veterano-de-guerra","status":"publish","type":"post","link":"http:\/\/fmriachuelo.it10.com.ar\/index.php\/2015\/04\/02\/2-de-abril-dia-del-veterano-de-guerra\/","title":{"rendered":"2 DE ABRIL: DIA DEL VETERANO DE GUERRA"},"content":{"rendered":"<p><span style=\"font-family: Verdana, sans-serif\"><strong><span style=\"color: red\"><span style=\"font-size: large\">USURPADORES<\/span>&nbsp;<\/span> <span style=\"color: red;font-size: large\">IMPERIALES<\/span><\/strong><\/span><br \/><span style=\"font-family: Verdana, sans-serif\"><strong>UN NUEVO ANIVERSARIO DE LA GESTA HEROICA DE NUESTROS SOLDADOS Y DEL ATROPELLO DEL EJERCITO<\/strong><\/span><br \/><strong><span style=\"font-family: Verdana\">Esta fecha nos encuentra hoy con la militarizaci\u00f3n de la zona por parte del Gobierno de Gran Breta\u00f1a para defender su bot\u00edn de guerra. \u00a1\u00a1America tierra de Paz!!<\/span><\/strong><br \/><strong><span style=\"font-family: Verdana\"><\/span><\/strong><\/p>\n<div style=\"clear: both;text-align: center\"><a href=\"http:\/\/2.bp.blogspot.com\/-9mHcPGxqsrM\/VR7cV-uKLOI\/AAAAAAAADfk\/wzIPdfCbu8g\/s1600\/malvinas.png\" style=\"clear: left;float: left;margin-bottom: 1em;margin-right: 1em\"><img loading=\"lazy\" decoding=\"async\" border=\"0\" src=\"http:\/\/2.bp.blogspot.com\/-9mHcPGxqsrM\/VR7cV-uKLOI\/AAAAAAAADfk\/wzIPdfCbu8g\/s1600\/malvinas.png\" height=\"207\" width=\"400\" \/><\/a><\/div>\n<p><span style=\"font-family: Verdana, sans-serif\">2 de abril de 1982 &#8211; El ej\u00e9rcito de la dictadura argentina ocupa las islas Malvinas tratando de recuperar el archipi\u00e9lago de la posesi\u00f3n brit\u00e1nica.<\/p>\n<p> A fines de 1981, Argentina experimentaba una profunda crisis econ\u00f3mica, con una inflaci\u00f3n del 600% y una creciente movilizaci\u00f3n sindical. Todo esto, sumado a la pol\u00edtica represiva de la Junta Militar que reprim\u00eda al pa\u00eds desde 1976 y a la notoriedad que comenzaban a adquirir las brutales violaciones a los derechos humanos, produjo una creciente oposici\u00f3n a la dictadura.<\/span><br \/><a name='more'><\/a><span style=\"font-family: Verdana, sans-serif\"><br \/> Fue entonces que la dictadura representada por Leopoldo Fortunato Galtieri intent\u00f3 fortalecer su posici\u00f3n pol\u00edtica apelando a la euforia nacionalista que la recuperaci\u00f3n de las islas podr\u00eda desencadenar. Por lo dem\u00e1s, los gobernantes argentinos tambi\u00e9n consideraban improbable que Gran Breta\u00f1a respondiera militarmente a la toma de las Islas, de modo que pensaban que podr\u00edan aprovechar los efectos pol\u00edticos de la operaci\u00f3n sin enfrentar una guerra contra una de las mayores potencias militares del planeta.<br \/> La guerra tuvo consecuencias de grandes proporciones, fundamentalmente en el plano pol\u00edtico. En Inglaterra, la victoria militar hizo posible el triunfo del partido gobernante en las elecciones de ese mismo a\u00f1o, algo que estaba lejos de ser seguro antes de la guerra y llev\u00f3 a una profundizaci\u00f3n de las pol\u00edticas conservadoras que caracterizaban al gobierno de Thatcher. En Argentina, el fracaso de la recuperaci\u00f3n de Malvinas precipit\u00f3 la ca\u00edda del r\u00e9gimen militar y el retorno de la democracia en 1983, con el consecuente juicio a las Juntas Militares por los cr\u00edmenes de lesa humanidad cometidos durante su gobierno de facto. La derrota tuvo tambi\u00e9n otras consecuencias en el pa\u00eds: muchos de los soldados que regresaron de Malvinas fueron estigmatizados por haber participado de una guerra que s\u00fabitamente perdi\u00f3 toda la popularidad que le hab\u00eda valido la euforia nacionalista inicial. Aunque los ex combatientes brit\u00e1nicos tambi\u00e9n sufrieron las consecuencias de la guerra en su salud f\u00edsica y mental, los veteranos de guerra argentinos fueron castigados particularmente por las debilidades que el Estado demostr\u00f3 en su asistencia. Un solo dato pinta dram\u00e1ticamente las dimensiones de esta tremenda realidad: seg\u00fan estad\u00edsticas del Ministerio de Salud del a\u00f1o 2004, la tasa anual de suicidios en la Argentina es de 8,2 casos cada 100.000 habitantes, mientras que la tasa anual de suicidios entre los ex combatientes trepa hasta 108,7 casos cada 100.000 habitantes, casi 14 veces m\u00e1s que entre el resto de la poblaci\u00f3n.<br \/> La disputa por la soberan\u00eda sobre las islas est\u00e1 lejos de una soluci\u00f3n definitiva, sobre todo teniendo en cuenta que desde 2007 el gobierno brit\u00e1nico pretende extender la potestad sobre la plataforma continental del l\u00edmite exterior de las Islas Malvinas de 200 a 350 millas hacia el Este. Esta petici\u00f3n del gobierno del Reino Unido ante la ONU exige, por un lado, volver a considerar los fundamentos de los reclamos de soberan\u00eda sobre las islas por parte del Estado argentino en el marco de una estrategia pac\u00edfica basada en los reclamos ante la ONU y su Comit\u00e9 de Descolonizaci\u00f3n. Pero tambi\u00e9n nos obliga a analizar los nuevos imperativos estrat\u00e9gicos a escala internacional, vinculados con los intentos de las grandes potencias por controlar zonas donde se estima que podr\u00edan existir recursos naturales y energ\u00e9ticos.<\/span><br \/><span style=\"color: blue;font-family: Verdana\">Fuente: Agenda Tem\u00e1tica, Producci\u00f3n Riachuelo<\/span><\/p>\n","protected":false},"excerpt":{"rendered":"<p>USURPADORES&nbsp; IMPERIALESUN NUEVO ANIVERSARIO DE LA GESTA HEROICA DE NUESTROS SOLDADOS Y DEL ATROPELLO DEL EJERCITOEsta fecha nos encuentra hoy con la militarizaci\u00f3n de la zona por parte del Gobierno de Gran Breta\u00f1a para defender su bot\u00edn de guerra. \u00a1\u00a1America tierra de Paz!! 2 de abril de 1982 &#8211; El ej\u00e9rcito de la dictadura argentina [&hellip;]<\/p>\n","protected":false},"author":4,"featured_media":0,"comment_status":"open","ping_status":"open","sticky":false,"template":"","format":"standard","meta":{"_monsterinsights_skip_tracking":false,"_monsterinsights_sitenote_active":false,"_monsterinsights_sitenote_note":"","_monsterinsights_sitenote_category":0,"jnews-multi-image_gallery":[],"jnews_single_post":{"format":"standard"},"jnews_primary_category":[],"_joinchat":[],"footnotes":""},"categories":[58],"tags":[70,167,65],"class_list":["post-616","post","type-post","status-publish","format-standard","hentry","category-noticiariachuelo","tag-de-la-patria-grande","tag-politica-internacional","tag-soberania"],"_links":{"self":[{"href":"http:\/\/fmriachuelo.it10.com.ar\/index.php\/wp-json\/wp\/v2\/posts\/616","targetHints":{"allow":["GET"]}}],"collection":[{"href":"http:\/\/fmriachuelo.it10.com.ar\/index.php\/wp-json\/wp\/v2\/posts"}],"about":[{"href":"http:\/\/fmriachuelo.it10.com.ar\/index.php\/wp-json\/wp\/v2\/types\/post"}],"author":[{"embeddable":true,"href":"http:\/\/fmriachuelo.it10.com.ar\/index.php\/wp-json\/wp\/v2\/users\/4"}],"replies":[{"embeddable":true,"href":"http:\/\/fmriachuelo.it10.com.ar\/index.php\/wp-json\/wp\/v2\/comments?post=616"}],"version-history":[{"count":1,"href":"http:\/\/fmriachuelo.it10.com.ar\/index.php\/wp-json\/wp\/v2\/posts\/616\/revisions"}],"predecessor-version":[{"id":22934,"href":"http:\/\/fmriachuelo.it10.com.ar\/index.php\/wp-json\/wp\/v2\/posts\/616\/revisions\/22934"}],"wp:attachment":[{"href":"http:\/\/fmriachuelo.it10.com.ar\/index.php\/wp-json\/wp\/v2\/media?parent=616"}],"wp:term":[{"taxonomy":"category","embeddable":true,"href":"http:\/\/fmriachuelo.it10.com.ar\/index.php\/wp-json\/wp\/v2\/categories?post=616"},{"taxonomy":"post_tag","embeddable":true,"href":"http:\/\/fmriachuelo.it10.com.ar\/index.php\/wp-json\/wp\/v2\/tags?post=616"}],"curies":[{"name":"wp","href":"https:\/\/api.w.org\/{rel}","templated":true}]}}