{"id":6151,"date":"2018-01-02T14:23:44","date_gmt":"2018-01-02T14:23:44","guid":{"rendered":"http:\/\/fmriachuelo.com.ar\/?p=6151"},"modified":"2018-01-02T14:23:44","modified_gmt":"2018-01-02T14:23:44","slug":"homenaje-a-pitu-y-pola-en-su-cumpleanos-por-su-papa-jorge-herrera-piquete","status":"publish","type":"post","link":"http:\/\/fmriachuelo.it10.com.ar\/index.php\/2018\/01\/02\/homenaje-a-pitu-y-pola-en-su-cumpleanos-por-su-papa-jorge-herrera-piquete\/","title":{"rendered":"HOMENAJE A PITU Y POLA EN SU CUMPLEA\u00d1OS POR SU PAPA JORGE HERRERA PIQUETE"},"content":{"rendered":"<p>[FM Riachuelo 02\/01\/2018] En el programa Rompiendo el Cerco del viernes pasado, entrevistamos al pap\u00e1 de Pitu y Pola, Jorge Herrera Piquete, quien los record\u00f3 tras cuatro a\u00f1os del incendio en el\u00a0Barrio de la Boca, que como saldo tr\u00e1gico termin\u00f3 con sus vidas.<\/p>\n<p>Es grave la situaci\u00f3n del barrio donde se producen numerosos\u00a0incendios, con el\u00a0gran problema de encontrarse en cada caso que las bocas de agua est\u00e1n cementadas,y los bomberos no tienen posibilidades de sacar agua y actuar con la rapidez necesaria.<\/p>\n<p>Jorge Herrera Piquete, su pap\u00e1 habl\u00f3\u00a0con\u00a0 Fm riachuelo y record\u00f3:\u00bbEstoy pasando el d\u00eda de hoy que es el cumplea\u00f1os de Pitu, y quer\u00eda recordarlo en nombre de \u00e9l y\u00a0del Polaco\u00a0y de todos los pibxs que perdimos en el Barrio\u00bb.\u00a0 Sigui\u00f3 diciendo \u00bb hay un problema edilicio en el barrio que est\u00e1 marcado por los incendios, el\u00a0\u00a0Estado tiene que hacerse cargo del problema social de viviendas que sufre la zona sur de CABA\u00bb.<\/p>\n<p>Por otro lado habl\u00f3 sobre Pitu diciendo:\u00bb\u00a0Lo recuerdo\u00a0como era \u00e9l, yendo a la escuela junto con el Polaco, pero sobre todo lo recuerdo pidiendo justicia, la justicia que a\u00fan no se hizo, y\u00a0 sinti\u00e9ndome acompa\u00f1ado por ustedes, que est\u00e1n siempre\u00a0 apoy\u00e1ndonos\u00a0 en lo que nos pasa\u00bb.<\/p>\n<p>Nos Resistimos a naturalizar la muerte y proponemos\u00a0 vida, un presente con inclusi\u00f3n y cuidado para un futuro digno de nuestros pibes y pibas.<\/p>\n<div class=\"clear\">\u00a0Escuch\u00e1 su testimonio<\/div>\n<div class=\"post_social\"><\/div>\n<p><iframe loading=\"lazy\" title=\"29 - 12 - 2017- JORGE HERRERA PIQUETE PAPA DE PITU Y POLA by FMR\" width=\"500\" height=\"400\" scrolling=\"no\" frameborder=\"no\" src=\"https:\/\/w.soundcloud.com\/player\/?visual=true&#038;url=https%3A%2F%2Fapi.soundcloud.com%2Ftracks%2F376392572&#038;show_artwork=true&#038;maxheight=750&#038;maxwidth=500\"><\/iframe><\/p>\n","protected":false},"excerpt":{"rendered":"<p>[FM Riachuelo 02\/01\/2018] En el programa Rompiendo el Cerco del viernes pasado, entrevistamos al pap\u00e1 de Pitu y Pola, Jorge Herrera Piquete, quien los record\u00f3 tras cuatro a\u00f1os del incendio en el\u00a0Barrio de la Boca, que como saldo tr\u00e1gico termin\u00f3 con sus vidas. Es grave la situaci\u00f3n del barrio donde se producen numerosos\u00a0incendios, con el\u00a0gran [&hellip;]<\/p>\n","protected":false},"author":5,"featured_media":6158,"comment_status":"open","ping_status":"open","sticky":false,"template":"","format":"standard","meta":{"_monsterinsights_skip_tracking":false,"_monsterinsights_sitenote_active":false,"_monsterinsights_sitenote_note":"","_monsterinsights_sitenote_category":0,"jnews-multi-image_gallery":[],"jnews_single_post":[],"jnews_primary_category":[],"_joinchat":[],"footnotes":""},"categories":[78,79,76,74],"tags":[],"class_list":["post-6151","post","type-post","status-publish","format-standard","has-post-thumbnail","hentry","category-economia-popular","category-nadie-se-salva-solo","category-salud-comunitaria","category-san-cayetano"],"_links":{"self":[{"href":"http:\/\/fmriachuelo.it10.com.ar\/index.php\/wp-json\/wp\/v2\/posts\/6151","targetHints":{"allow":["GET"]}}],"collection":[{"href":"http:\/\/fmriachuelo.it10.com.ar\/index.php\/wp-json\/wp\/v2\/posts"}],"about":[{"href":"http:\/\/fmriachuelo.it10.com.ar\/index.php\/wp-json\/wp\/v2\/types\/post"}],"author":[{"embeddable":true,"href":"http:\/\/fmriachuelo.it10.com.ar\/index.php\/wp-json\/wp\/v2\/users\/5"}],"replies":[{"embeddable":true,"href":"http:\/\/fmriachuelo.it10.com.ar\/index.php\/wp-json\/wp\/v2\/comments?post=6151"}],"version-history":[{"count":0,"href":"http:\/\/fmriachuelo.it10.com.ar\/index.php\/wp-json\/wp\/v2\/posts\/6151\/revisions"}],"wp:featuredmedia":[{"embeddable":true,"href":"http:\/\/fmriachuelo.it10.com.ar\/index.php\/wp-json\/wp\/v2\/media\/6158"}],"wp:attachment":[{"href":"http:\/\/fmriachuelo.it10.com.ar\/index.php\/wp-json\/wp\/v2\/media?parent=6151"}],"wp:term":[{"taxonomy":"category","embeddable":true,"href":"http:\/\/fmriachuelo.it10.com.ar\/index.php\/wp-json\/wp\/v2\/categories?post=6151"},{"taxonomy":"post_tag","embeddable":true,"href":"http:\/\/fmriachuelo.it10.com.ar\/index.php\/wp-json\/wp\/v2\/tags?post=6151"}],"curies":[{"name":"wp","href":"https:\/\/api.w.org\/{rel}","templated":true}]}}