{"id":6147,"date":"2017-12-28T15:04:33","date_gmt":"2017-12-28T15:04:33","guid":{"rendered":"http:\/\/fmriachuelo.com.ar\/?p=6147"},"modified":"2017-12-28T15:04:33","modified_gmt":"2017-12-28T15:04:33","slug":"mateada-companera-en-casa-popular-el-fogon","status":"publish","type":"post","link":"http:\/\/fmriachuelo.it10.com.ar\/index.php\/2017\/12\/28\/mateada-companera-en-casa-popular-el-fogon\/","title":{"rendered":"MATEADA COMPA\u00d1ERA EN CASA POPULAR \u201cEL FOG\u00d3N\u201d"},"content":{"rendered":"<p>[FM Riachuelo 28\/12\/2017] En el d\u00eda de ayer en la Casa Popular \u201cEl Fog\u00f3n\u201d, ubicada en Gerli, Avellaneda se realiz\u00f3 un debate colectivo acompa\u00f1ado de una mateada, para discutir sobre la unidad de los trabajadores en el siglo XXI.<\/p>\n<p><iframe loading=\"lazy\" title=\"27 - 12 - 2017- LITO BORELLO SEC DE DD HH- CTEP by FMR\" width=\"500\" height=\"400\" scrolling=\"no\" frameborder=\"no\" src=\"https:\/\/w.soundcloud.com\/player\/?visual=true&#038;url=https%3A%2F%2Fapi.soundcloud.com%2Ftracks%2F375539336&#038;show_artwork=true&#038;maxheight=750&#038;maxwidth=500\"><\/iframe><\/p>\n<p>La actividad comenz\u00f3 a las 17 hs. en \u201cEl Fog\u00f3n\u201d, donde se busc\u00f3 realizar un an\u00e1lisis de los movimientos populares y sus posibles perspectivas, ante los desaf\u00edos que nos presenta el S.XXI, junto con una mateada compa\u00f1era con todos los presentes, entre los que se encontraba Lito Borello, secretario de Derechos Humanos de la CTEP.<\/p>\n<p>La Casa Popular \u201cEl Fog\u00f3n\u201d, busca ser un nuevo espacio de trabajo territorial y barrial, donde se realizaran actividades de la econom\u00eda popular correspondientes a la l\u00f3gica y din\u00e1mica del barrio.<\/p>\n<p>FM Riachuelo estuvo en el lugar y entrevisto a Lito Borello, quien nos dijo lo siguiente: \u201cQuer\u00edamos que esta mateada, esta actividad de balance de un diciembre muy activo, fuera de las primeras actividades del lugar\u201d. Adem\u00e1s agreg\u00f3 que \u201cnace como un desaf\u00edo muy grande, que es el de construir un lugar que el barrio lo sienta propio\u201d.<\/p>\n<p>Ha nacido un nuevo espacio bajo la consigna \u201c<strong>Solo el pueblo salvara al pueblo<\/strong>\u201d.<\/p>\n","protected":false},"excerpt":{"rendered":"<p>[FM Riachuelo 28\/12\/2017] En el d\u00eda de ayer en la Casa Popular \u201cEl Fog\u00f3n\u201d, ubicada en Gerli, Avellaneda se realiz\u00f3 un debate colectivo acompa\u00f1ado de una mateada, para discutir sobre la unidad de los trabajadores en el siglo XXI. La actividad comenz\u00f3 a las 17 hs. en \u201cEl Fog\u00f3n\u201d, donde se busc\u00f3 realizar un an\u00e1lisis [&hellip;]<\/p>\n","protected":false},"author":5,"featured_media":6148,"comment_status":"open","ping_status":"open","sticky":false,"template":"","format":"standard","meta":{"_monsterinsights_skip_tracking":false,"_monsterinsights_sitenote_active":false,"_monsterinsights_sitenote_note":"","_monsterinsights_sitenote_category":0,"jnews-multi-image_gallery":[],"jnews_single_post":[],"jnews_primary_category":[],"_joinchat":[],"footnotes":""},"categories":[79,76,77],"tags":[],"class_list":["post-6147","post","type-post","status-publish","format-standard","has-post-thumbnail","hentry","category-nadie-se-salva-solo","category-salud-comunitaria","category-soberania"],"_links":{"self":[{"href":"http:\/\/fmriachuelo.it10.com.ar\/index.php\/wp-json\/wp\/v2\/posts\/6147","targetHints":{"allow":["GET"]}}],"collection":[{"href":"http:\/\/fmriachuelo.it10.com.ar\/index.php\/wp-json\/wp\/v2\/posts"}],"about":[{"href":"http:\/\/fmriachuelo.it10.com.ar\/index.php\/wp-json\/wp\/v2\/types\/post"}],"author":[{"embeddable":true,"href":"http:\/\/fmriachuelo.it10.com.ar\/index.php\/wp-json\/wp\/v2\/users\/5"}],"replies":[{"embeddable":true,"href":"http:\/\/fmriachuelo.it10.com.ar\/index.php\/wp-json\/wp\/v2\/comments?post=6147"}],"version-history":[{"count":0,"href":"http:\/\/fmriachuelo.it10.com.ar\/index.php\/wp-json\/wp\/v2\/posts\/6147\/revisions"}],"wp:featuredmedia":[{"embeddable":true,"href":"http:\/\/fmriachuelo.it10.com.ar\/index.php\/wp-json\/wp\/v2\/media\/6148"}],"wp:attachment":[{"href":"http:\/\/fmriachuelo.it10.com.ar\/index.php\/wp-json\/wp\/v2\/media?parent=6147"}],"wp:term":[{"taxonomy":"category","embeddable":true,"href":"http:\/\/fmriachuelo.it10.com.ar\/index.php\/wp-json\/wp\/v2\/categories?post=6147"},{"taxonomy":"post_tag","embeddable":true,"href":"http:\/\/fmriachuelo.it10.com.ar\/index.php\/wp-json\/wp\/v2\/tags?post=6147"}],"curies":[{"name":"wp","href":"https:\/\/api.w.org\/{rel}","templated":true}]}}