{"id":6140,"date":"2017-12-27T19:43:55","date_gmt":"2017-12-27T19:43:55","guid":{"rendered":"http:\/\/fmriachuelo.com.ar\/?p=6140"},"modified":"2017-12-27T19:43:55","modified_gmt":"2017-12-27T19:43:55","slug":"el-verdurazo-frente-al-congreso-por-los-jubilados-los-pequenos-productores-reparten-20-mil-kilos-de-verdura","status":"publish","type":"post","link":"http:\/\/fmriachuelo.it10.com.ar\/index.php\/2017\/12\/27\/el-verdurazo-frente-al-congreso-por-los-jubilados-los-pequenos-productores-reparten-20-mil-kilos-de-verdura\/","title":{"rendered":"EL \u201cVERDURAZO\u201d  FRENTE AL CONGRESO POR LOS JUBILADOS: LOS PEQUE\u00d1OS PRODUCTORES  REPARTEN 20 MIL KILOS DE VERDURA."},"content":{"rendered":"<p>[FM Riachuelo, 27\/12\/2017]. Hoy se produjo un nuevo \u00abVerdurazo\u00bb por parte de los Miembros de la Uni\u00f3n de Trabajadores de la Tierra (UTT), que frente al Congreso repartieron \u00a0hortalizas y verduras \u00a0a \u00a0los jubilados \u00abpara ayudarlos a pasar el fin de a\u00f1o\u00bb.<\/p>\n<p>La UTT \u00a0explic\u00f3 que decidi\u00f3 hacer la convocatoria frente al Parlamento porque\u00a0all\u00ed \u00abse vot\u00f3 en contra de los jubilados\u00bb y es donde \u00a0\u00abno se avanza con la ley de acceso a la tierra\u00bb. \u00a0\u00a0Adem\u00e1s expresaron que\u00a0 la aprobaci\u00f2n de la reforma previsional le quita parte del aumento a jubilados, a la Asignaci\u00f3n Universal por Hijo (AUH) y a los veteranos de Malvinas.<\/p>\n<p>Con la reducci\u00f3n de las retenciones a la exportaci\u00f3n de soja, el Gobierno pact\u00f3 con el agro negocio una reducci\u00f3n del 6% en las retenciones para el 2018, lo que equivale a\u00a0m\u00e1s de \u00a0$1.000 millones de d\u00f3lares menos de recaudaci\u00f3n para el Estado, siendo as\u00ed una transferencia directa para las econom\u00edas m\u00e1s concentradas, \u00a0empobreciendo a\u00f9n m\u00e0s el sector de la agricultura familiar.<\/p>\n<p>Aqui los testimonios<br \/>\n<iframe loading=\"lazy\" title=\"27\/12\/2017 - EL \u201cVERDURAZO\u201d FRENTE AL CONGRESO POR LOS JUBILADOS by FMR\" width=\"500\" height=\"450\" scrolling=\"no\" frameborder=\"no\" src=\"https:\/\/w.soundcloud.com\/player\/?visual=true&#038;url=https%3A%2F%2Fapi.soundcloud.com%2Fplaylists%2F408291515&#038;show_artwork=true&#038;maxheight=750&#038;maxwidth=500\"><\/iframe><\/p>\n<p>Miguel \u00c1ngel \u00a0Mar\u00edn productor de verduras de hoja de Florencio Varela,\u00a0 nos dijo\u201d estamos en contra el ajuste del Gobierno, estoy participando como productor somos\u00a0 250 personas que nos movilizamos para hacer el reclamo aqu\u00ed\u201d. \u00a0Despu\u00e9s nos cont\u00f3 sobre su problem\u00e1tica:\u201d A m\u00ed me afecta principalmente lo que pasa porque no tenemos un subsidio, alquilo tierras, y lo que produzco y vendo no me alcanza para cubrir ni el alquiler, y tenemos que bajar nuestros precios para competir con los que est\u00e1n en el mercado\u201d<\/p>\n<p>Josu\u00e9 Trujillo vocero\u00a0 de El Pato, en \u00a0Berazategui, nos cuenta: \u201cEn este momento somos la voz de muchos compa\u00f1eros del pa\u00eds, que no pueden trasladarse por ejemplo desde Humahuaca, Neuqu\u00e9n o Mar del Plata, para sumarse a esta protesta, y nos acompa\u00f1an desde su lugar de lucha\u201d. \u00a0Continu\u00f2 diciendo \u00a0\u201cSe le puede mostrar a los Legisladores que hay cosas que se pueden cambiar, las bolsas fueron preparadas para repartir entre los jubilados, \u00a0pero vamos a confiar y entreg\u00e1rselo a quienes se acerquen porque tienen una necesidad\u201d. \u00a0Y agreg\u00f3 : \u201cNosotros vemos que pasa en todas partes, \u00a0que el dinero se va acabando y no te compran, no s\u00e9 hasta cuando esto\u00a0 puede seguir as\u00ed\u201d.<\/p>\n<p>Nahuel Levaggi\u00a0 dirigente de UTT dijo en el acto: \u201c Sabemos que hay una situaci\u00f3n de crisis donde se le mete la mano a los jubilados en el bolsillo mientras que los grandes productores lejos de que paguen les quitan las retenciones, esto significa que le est\u00e1n metiendo la mano a los jubilados para darles a los productores\u201d<\/p>\n<p>Y se\u00f1al\u00f3 \u201cEn el medio los peque\u00f1os productores no tenemos pol\u00edticas p\u00fablicas que nos acompa\u00f1en, no hay pol\u00edticas ni respuestas de parte del Ministerio que acompa\u00f1en la producci\u00f3n de los que todos los d\u00edas \u00a0agachamos el lomo y producimos la comida para toda Argentina, \u00a0por eso hoy compartimos el fruto de nuestro trabajo y llamamos a toda la Sociedad a que haga lo mismo.\u201d<\/p>\n<p>Desde la UTT lamentaron que el gobierno no haya dado ninguna se\u00f1al de querer avanzar en las problem\u00e1ticas estructurales hist\u00f3ricas, como la imposibilidad del acceso a la tierra propia y la enorme diferencia entre lo que recibe el productor y lo que paga el consumidor diariamente.<\/p>\n","protected":false},"excerpt":{"rendered":"<p>[FM Riachuelo, 27\/12\/2017]. Hoy se produjo un nuevo \u00abVerdurazo\u00bb por parte de los Miembros de la Uni\u00f3n de Trabajadores de la Tierra (UTT), que frente al Congreso repartieron \u00a0hortalizas y verduras \u00a0a \u00a0los jubilados \u00abpara ayudarlos a pasar el fin de a\u00f1o\u00bb. La UTT \u00a0explic\u00f3 que decidi\u00f3 hacer la convocatoria frente al Parlamento porque\u00a0all\u00ed \u00abse [&hellip;]<\/p>\n","protected":false},"author":5,"featured_media":6141,"comment_status":"open","ping_status":"open","sticky":false,"template":"","format":"standard","meta":{"_monsterinsights_skip_tracking":false,"_monsterinsights_sitenote_active":false,"_monsterinsights_sitenote_note":"","_monsterinsights_sitenote_category":0,"jnews-multi-image_gallery":[],"jnews_single_post":[],"jnews_primary_category":[],"_joinchat":[],"footnotes":""},"categories":[76,74,75],"tags":[],"class_list":["post-6140","post","type-post","status-publish","format-standard","has-post-thumbnail","hentry","category-salud-comunitaria","category-san-cayetano","category-trabajo"],"_links":{"self":[{"href":"http:\/\/fmriachuelo.it10.com.ar\/index.php\/wp-json\/wp\/v2\/posts\/6140","targetHints":{"allow":["GET"]}}],"collection":[{"href":"http:\/\/fmriachuelo.it10.com.ar\/index.php\/wp-json\/wp\/v2\/posts"}],"about":[{"href":"http:\/\/fmriachuelo.it10.com.ar\/index.php\/wp-json\/wp\/v2\/types\/post"}],"author":[{"embeddable":true,"href":"http:\/\/fmriachuelo.it10.com.ar\/index.php\/wp-json\/wp\/v2\/users\/5"}],"replies":[{"embeddable":true,"href":"http:\/\/fmriachuelo.it10.com.ar\/index.php\/wp-json\/wp\/v2\/comments?post=6140"}],"version-history":[{"count":0,"href":"http:\/\/fmriachuelo.it10.com.ar\/index.php\/wp-json\/wp\/v2\/posts\/6140\/revisions"}],"wp:featuredmedia":[{"embeddable":true,"href":"http:\/\/fmriachuelo.it10.com.ar\/index.php\/wp-json\/wp\/v2\/media\/6141"}],"wp:attachment":[{"href":"http:\/\/fmriachuelo.it10.com.ar\/index.php\/wp-json\/wp\/v2\/media?parent=6140"}],"wp:term":[{"taxonomy":"category","embeddable":true,"href":"http:\/\/fmriachuelo.it10.com.ar\/index.php\/wp-json\/wp\/v2\/categories?post=6140"},{"taxonomy":"post_tag","embeddable":true,"href":"http:\/\/fmriachuelo.it10.com.ar\/index.php\/wp-json\/wp\/v2\/tags?post=6140"}],"curies":[{"name":"wp","href":"https:\/\/api.w.org\/{rel}","templated":true}]}}