{"id":614,"date":"2015-04-03T19:37:00","date_gmt":"2015-04-03T19:37:00","guid":{"rendered":"http:\/\/fmriachuelo.observatorioess.org.ar\/index.php\/2015\/04\/03\/palestina-se-convierte-en-miembro-pleno-de-la-corte-penal-internacional-de-la-haya\/"},"modified":"2025-03-27T13:16:18","modified_gmt":"2025-03-27T16:16:18","slug":"palestina-se-convierte-en-miembro-pleno-de-la-corte-penal-internacional-de-la-haya","status":"publish","type":"post","link":"http:\/\/fmriachuelo.it10.com.ar\/index.php\/2015\/04\/03\/palestina-se-convierte-en-miembro-pleno-de-la-corte-penal-internacional-de-la-haya\/","title":{"rendered":"PALESTINA SE CONVIERTE EN MIEMBRO PLENO DE LA CORTE PENAL INTERNACIONAL DE LA HAYA"},"content":{"rendered":"<p><span style=\"color: red;font-family: Verdana, sans-serif;font-size: large\"><strong>UN RECONOCIMIENTO<\/strong><\/span><\/p>\n<div style=\"clear: both;text-align: center\"><a href=\"http:\/\/2.bp.blogspot.com\/-isdSsaPdEdU\/VR7rZsuzCEI\/AAAAAAAADf0\/5-aZvH68DCY\/s1600\/PALESTINA.jpg\" style=\"clear: left;float: left;margin-bottom: 1em;margin-right: 1em\"><img decoding=\"async\" border=\"0\" src=\"http:\/\/2.bp.blogspot.com\/-isdSsaPdEdU\/VR7rZsuzCEI\/AAAAAAAADf0\/5-aZvH68DCY\/s1600\/PALESTINA.jpg\" \/><\/a><\/div>\n<p><span style=\"font-family: Verdana, sans-serif\">Este mi\u00e9rcoles, <\/span><span style=\"font-family: Verdana, sans-serif\">Palestina<\/span><span style=\"font-family: Verdana, sans-serif\"> ha pasado a ser miembro de pleno derecho de la Corte Penal Internacional de <\/span><span style=\"font-family: Verdana, sans-serif\">La Haya<\/span><span style=\"font-family: Verdana, sans-serif\"> (CPI), el organismo que tiene el fin de investigar los cr\u00edmenes de guerra, de lesa humanidad o de genocidio que tengan lugar en el mundo, seg\u00fan informa AP.<\/p>\n<p>La <\/span><span style=\"font-family: Verdana, sans-serif\">ONU<\/span><span style=\"font-family: Verdana, sans-serif\">, como anunci\u00f3 hace tres meses su secretario general, <\/span><span style=\"font-family: Verdana, sans-serif\">Ban Ki-moon<\/span><span style=\"font-family: Verdana, sans-serif\">, ha autorizado su entrada porque tiene derecho a ello, despu\u00e9s de haber sido reconocido en noviembre de 2012 como Estado observador, no miembro, de la Asamblea General de la ONU. No es un pa\u00eds plenamente soberano, pero s\u00ed tiene la entidad suficiente para sumarse a este tipo de organismos internacionales, puntualiz\u00f3 Ban Ki-moon.<br \/><a name='more'><\/a><br \/>El presidente palestino, <\/span><span style=\"font-family: Verdana, sans-serif\">Mahmud Abb\u00e1s<\/span><span style=\"font-family: Verdana, sans-serif\">, firm\u00f3 el respectivo acuerdo en enero y este 1 de abril entra en vigor. Seg\u00fan activistas, la integraci\u00f3n a la CPI permitir\u00e1 al pueblo palestino denunciar a Israel ante la instituci\u00f3n.<br \/><\/span><span style=\"font-family: Verdana, sans-serif\">Israel <\/span><span style=\"font-family: Verdana, sans-serif\">no es miembro de la Corte, pero los l\u00edderes militares y civiles del pa\u00eds podr\u00e1n enfrentar cargos oficiales si hay pruebas de que han cometido cr\u00edmenes de guerra en el territorio palestino.<\/span><span style=\"color: blue;font-family: Verdana, sans-serif\">Fuente: Cubadebate, Producci\u00f3n Riachuelo<\/span><\/p>\n","protected":false},"excerpt":{"rendered":"<p>UN RECONOCIMIENTO Este mi\u00e9rcoles, Palestina ha pasado a ser miembro de pleno derecho de la Corte Penal Internacional de La Haya (CPI), el organismo que tiene el fin de investigar los cr\u00edmenes de guerra, de lesa humanidad o de genocidio que tengan lugar en el mundo, seg\u00fan informa AP. La ONU, como anunci\u00f3 hace tres [&hellip;]<\/p>\n","protected":false},"author":4,"featured_media":0,"comment_status":"open","ping_status":"open","sticky":false,"template":"","format":"standard","meta":{"_monsterinsights_skip_tracking":false,"_monsterinsights_sitenote_active":false,"_monsterinsights_sitenote_note":"","_monsterinsights_sitenote_category":0,"jnews-multi-image_gallery":[],"jnews_single_post":{"format":"standard"},"jnews_primary_category":[],"_joinchat":[],"footnotes":""},"categories":[58],"tags":[119,167],"class_list":["post-614","post","type-post","status-publish","format-standard","hentry","category-noticiariachuelo","tag-derechos-humanos","tag-politica-internacional"],"_links":{"self":[{"href":"http:\/\/fmriachuelo.it10.com.ar\/index.php\/wp-json\/wp\/v2\/posts\/614","targetHints":{"allow":["GET"]}}],"collection":[{"href":"http:\/\/fmriachuelo.it10.com.ar\/index.php\/wp-json\/wp\/v2\/posts"}],"about":[{"href":"http:\/\/fmriachuelo.it10.com.ar\/index.php\/wp-json\/wp\/v2\/types\/post"}],"author":[{"embeddable":true,"href":"http:\/\/fmriachuelo.it10.com.ar\/index.php\/wp-json\/wp\/v2\/users\/4"}],"replies":[{"embeddable":true,"href":"http:\/\/fmriachuelo.it10.com.ar\/index.php\/wp-json\/wp\/v2\/comments?post=614"}],"version-history":[{"count":1,"href":"http:\/\/fmriachuelo.it10.com.ar\/index.php\/wp-json\/wp\/v2\/posts\/614\/revisions"}],"predecessor-version":[{"id":22936,"href":"http:\/\/fmriachuelo.it10.com.ar\/index.php\/wp-json\/wp\/v2\/posts\/614\/revisions\/22936"}],"wp:attachment":[{"href":"http:\/\/fmriachuelo.it10.com.ar\/index.php\/wp-json\/wp\/v2\/media?parent=614"}],"wp:term":[{"taxonomy":"category","embeddable":true,"href":"http:\/\/fmriachuelo.it10.com.ar\/index.php\/wp-json\/wp\/v2\/categories?post=614"},{"taxonomy":"post_tag","embeddable":true,"href":"http:\/\/fmriachuelo.it10.com.ar\/index.php\/wp-json\/wp\/v2\/tags?post=614"}],"curies":[{"name":"wp","href":"https:\/\/api.w.org\/{rel}","templated":true}]}}