{"id":6135,"date":"2017-12-27T18:57:29","date_gmt":"2017-12-27T18:57:29","guid":{"rendered":"http:\/\/fmriachuelo.com.ar\/?p=6135"},"modified":"2017-12-27T18:57:29","modified_gmt":"2017-12-27T18:57:29","slug":"camarazo-en-el-congreso-no-disparen-contra-la-prensa","status":"publish","type":"post","link":"http:\/\/fmriachuelo.it10.com.ar\/index.php\/2017\/12\/27\/camarazo-en-el-congreso-no-disparen-contra-la-prensa\/","title":{"rendered":"CAMARAZO EN EL CONGRESO: \u201cNO DISPAREN CONTRA LA PRENSA\u201d"},"content":{"rendered":"<p>[FM Riachuelo, 27\/12\/2017] Hoy se realiz\u00f3 frente al Congreso Nacional \u00a0el \u00abCamarazo\u00bb, convocado por la Asociaci\u00f3n de Reporteros (ARGRA) y el Sindicato de Prensa (SIPREBA) repudiando\u00a0 \u00a0las \u201cdetenciones \u00a0y \u00a0represi\u00f3n\u201d sufridas por fot\u00f3grafos y trabajadores de prensa, por parte del accionar de la violencia policial ejercida por este Gobierno.<\/p>\n<p>Durante la cobertura de las \u00faltimas movilizaciones masivas en contra de la reforma previsional, miembros de la prensa, reporteros gr\u00e1ficos y periodistas no pudieron continuar normalmente con su trabajo por haber sido heridos y agredidos<\/p>\n<p>Bajo las consignas\u00a0\u201cNo disparen contra la prensa\u201d y \u201cLibertad para informar\u201d, los gremios encabezaron la concentraci\u00f3n a las 11 horas frente al Congreso, para dar cuenta de la preocupaci\u00f3n por los reporteros gr\u00e1ficos y trabajadores de prensa que quedaron heridos tras recibir impactos con\u00a0balas de goma\u00a0durante las marchas del 14 y 18 de diciembre.<\/p>\n<p>Todos los testimonios<br \/>\n<iframe loading=\"lazy\" title=\"27\/12\/2017 - CAMARAZO EN EL CONGRESO - &quot;No disparen a la prensa&quot; by FMR\" width=\"500\" height=\"450\" scrolling=\"no\" frameborder=\"no\" src=\"https:\/\/w.soundcloud.com\/player\/?visual=true&#038;url=https%3A%2F%2Fapi.soundcloud.com%2Fplaylists%2F408288593&#038;show_artwork=true&#038;maxheight=750&#038;maxwidth=500\"><\/iframe><\/p>\n<p>Agust\u00edn Lechhi, \u00a0el Secretario de Organizaci\u00f3n de SIPREBA nos cont\u00f2:\u201d Esto no es algo aislado hay represi\u00f3n \u00a0contra quienes se movilizan,\u00a0 y \u00a0los trabajadores de prensa fueron un blanco de esa represi\u00f3n.\u00a0 Tanto compa\u00f1eros \u00a0de los distintos medios como de \u00a0Radios Comunitarias, \u00a0e incluso compa\u00f1eros del interior sufrieron \u00e9sta represi\u00f3n\u201d.<\/p>\n<p>Tambi\u00e8n \u00a0agreg\u00f3: \u201cEllos pretenden que no se cumpla con nuestro rol social que es mostrar la realidad tal cual es. \u00a0Somos \u201d los responsables de que se sepa la verdad\u201d, como con Kosteki \u00a0y Santill\u00e1n o Mariano Ferreyra, de quienes se pudo saber lo que hab\u00eda pasado por los compa\u00f1eros reporteros que mostraron los hechos tal como sucedieron\u201d.<\/p>\n<p>Fernando \u00abTato\u00bb Dondero, \u00a0Secretario General de SIPREBA y delegado de P\u00e1gina 12 nos dijo : \u00a0\u201dEl Camarazo \u00a0junto con los compa\u00f1eros de AGRA, \u00a0lo hacemos porque hubo una represi\u00f3n focalizada sobre los trabajadores de prensa , \u00a0a\u00fan cuando se identificaban , porque ellos quer\u00edan mostrar no lo que pasaba, sino lo que ellos quer\u00edan \u00a0en las \u00faltimas movilizaciones masivas\u201d.<\/p>\n<p>Y luego coment\u00f2: \u201c Tuvimos compa\u00f1eros baleados tanto de medios alternativos como hegem\u00f3nicos incluso detenidos como el compa\u00f1ero de Jujuy que mostr\u00f3 la represi\u00f3n en el ingenio la Esperanza, sabemos que la caracter\u00edstica de este gobierno es la represi\u00f3n, pero \u00a0nosotros vamos a continuar en la lucha, que es en nuestra manera de hacer periodismo\u201d<\/p>\n<p>En un comunicado,\u00a0ARGRA\u00a0advirti\u00f3 que \u201cLos trabajadores de prensa que cubren la protesta social son asimilados a objetivos a reprimir por parte de las fuerzas de seguridad\u201d, por esto exigimos el cese inmediato de la represi\u00f3n a los trabajadores de prensa, y responsabilizamos en forma directa al gobierno, por la seguridad de los periodistas en el ejercicio de su labor\u201d.<\/p>\n","protected":false},"excerpt":{"rendered":"<p>[FM Riachuelo, 27\/12\/2017] Hoy se realiz\u00f3 frente al Congreso Nacional \u00a0el \u00abCamarazo\u00bb, convocado por la Asociaci\u00f3n de Reporteros (ARGRA) y el Sindicato de Prensa (SIPREBA) repudiando\u00a0 \u00a0las \u201cdetenciones \u00a0y \u00a0represi\u00f3n\u201d sufridas por fot\u00f3grafos y trabajadores de prensa, por parte del accionar de la violencia policial ejercida por este Gobierno. Durante la cobertura de las \u00faltimas [&hellip;]<\/p>\n","protected":false},"author":5,"featured_media":6136,"comment_status":"open","ping_status":"open","sticky":false,"template":"","format":"standard","meta":{"_monsterinsights_skip_tracking":false,"_monsterinsights_sitenote_active":false,"_monsterinsights_sitenote_note":"","_monsterinsights_sitenote_category":0,"jnews-multi-image_gallery":[],"jnews_single_post":[],"jnews_primary_category":[],"_joinchat":[],"footnotes":""},"categories":[78,79,76,77],"tags":[],"class_list":["post-6135","post","type-post","status-publish","format-standard","has-post-thumbnail","hentry","category-economia-popular","category-nadie-se-salva-solo","category-salud-comunitaria","category-soberania"],"_links":{"self":[{"href":"http:\/\/fmriachuelo.it10.com.ar\/index.php\/wp-json\/wp\/v2\/posts\/6135","targetHints":{"allow":["GET"]}}],"collection":[{"href":"http:\/\/fmriachuelo.it10.com.ar\/index.php\/wp-json\/wp\/v2\/posts"}],"about":[{"href":"http:\/\/fmriachuelo.it10.com.ar\/index.php\/wp-json\/wp\/v2\/types\/post"}],"author":[{"embeddable":true,"href":"http:\/\/fmriachuelo.it10.com.ar\/index.php\/wp-json\/wp\/v2\/users\/5"}],"replies":[{"embeddable":true,"href":"http:\/\/fmriachuelo.it10.com.ar\/index.php\/wp-json\/wp\/v2\/comments?post=6135"}],"version-history":[{"count":0,"href":"http:\/\/fmriachuelo.it10.com.ar\/index.php\/wp-json\/wp\/v2\/posts\/6135\/revisions"}],"wp:featuredmedia":[{"embeddable":true,"href":"http:\/\/fmriachuelo.it10.com.ar\/index.php\/wp-json\/wp\/v2\/media\/6136"}],"wp:attachment":[{"href":"http:\/\/fmriachuelo.it10.com.ar\/index.php\/wp-json\/wp\/v2\/media?parent=6135"}],"wp:term":[{"taxonomy":"category","embeddable":true,"href":"http:\/\/fmriachuelo.it10.com.ar\/index.php\/wp-json\/wp\/v2\/categories?post=6135"},{"taxonomy":"post_tag","embeddable":true,"href":"http:\/\/fmriachuelo.it10.com.ar\/index.php\/wp-json\/wp\/v2\/tags?post=6135"}],"curies":[{"name":"wp","href":"https:\/\/api.w.org\/{rel}","templated":true}]}}