{"id":6119,"date":"2017-12-22T13:12:59","date_gmt":"2017-12-22T13:12:59","guid":{"rendered":"http:\/\/fmriachuelo.com.ar\/?p=6119"},"modified":"2017-12-22T13:12:59","modified_gmt":"2017-12-22T13:12:59","slug":"ni-infiltrados-ni-funcionales-solo-furososcuando-goliat-sataniza-la-reaccion-de-david","status":"publish","type":"post","link":"http:\/\/fmriachuelo.it10.com.ar\/index.php\/2017\/12\/22\/ni-infiltrados-ni-funcionales-solo-furososcuando-goliat-sataniza-la-reaccion-de-david\/","title":{"rendered":"NI \u201cINFILTRADOS\u201d NI \u201cFUNCIONALES\u201d, S\u00d3LO FURIOSOS:CUANDO GOLIAT SATANIZA LA REACCION DE DAVID"},"content":{"rendered":"<p>[JORGE \u00abCHIQUI\u00bb FALCONE, 21\/12\/2017]\u00a0 La coalici\u00f3n Cambiemos, como insisten en recordar sus representantes, \u00a0accedi\u00f3 al gobierno mediante las urnas. No discutiremos eso. En todo caso el debate necesario es a qu\u00e9 estamos dispuestos a llamar \u201cdemocracia\u201d. Y no estar\u00eda mal que a estas alturas se lo preguntaran desde acad\u00e9micos hasta padres, pasando por maestr@s de escuela. Para no naturalizar que, bajo \u201cel mejor de los sistemas posibles\u201d, viej@s y ni\u00f1@s mueran a diario de hambre o enfermedades evitables, y las organizaciones sociales que intentan aportar una representatividad bastardeada por la clase dirigente sean condenadas y expuestas en la plaza p\u00fablica como \u201cdestituyentes\u201d.<\/p>\n<p>Si repasamos c\u00f3mo irrumpi\u00f3 el oficialismo &#8211; represi\u00f3n feroz a los obreros de Cresta Roja, a los municipales de La Plata, a las murgas villeras, etc. &#8211; advertiremos que las actuales diatribas de la prensa bienpensante que se santigua con agua bendita en relaci\u00f3n a la airada reacci\u00f3n del activismo durante la sesi\u00f3n parlamentaria que aprob\u00f3 la Reforma Previsional, pr\u00e1cticamente equivalen a imponerle al prisionero maniatado que no put\u00e9e mientras se lo humilla y abofet\u00e9a. En efecto, <strong>hoy el poder formal de la Argentina le exige a l@s despose\u00edd@s que pongan la cabeza en el cepo y no lo manchen con su sangre<\/strong>.<\/p>\n<p>El pol\u00e9mico tema sobre el derecho a ejercer una violencia justa, si nos ponemos estrictos, se remonta a la sangrienta conquista de un continente que no estaba deshabitado cuando los espa\u00f1oles desembarcaron.<\/p>\n<p>Pero en la base del iceberg de una realidad que se intenta disimular con morteros y picapiedras hay &#8211; por ejemplo &#8211; un rotundo fracaso oficial en la reuni\u00f3n de la OMC, \u00a0un Ministro de Hacienda que dice ignorar los guarismos de descuento que padecer\u00e1 de aqu\u00ed en m\u00e1s nuestra clase pasiva, y hasta una Vice Presidenta que confunde las atribuciones de su Ministerio de Seguridad (!)<\/p>\n<p>Vale la pena entonces advertir que esta semana de furia popular, adem\u00e1s de algunos desmanes (porque la bronca acumulada nunca estalla con pulcritud) tambi\u00e9n exhibi\u00f3 una reacci\u00f3n airada de los gremios m\u00e1s consecuentes de la central obrera; un arco parlamentario de alianzas desde el kirchnerismo hasta la izquierda trotskista, impensable durante los dos primeros a\u00f1os en que el macrismo avanz\u00f3 sobre las conquistas populares vali\u00e9ndose de una oposici\u00f3n altamente fragmentada; y puso en evidencia un paulatino desencanto de sectores sociales otrora favorables a la \u201cRevoluci\u00f3n de la Alegr\u00eda\u201d y hoy caceroleros (que, como lo destacara nuestra colega Lucila Pagliai &#8211; colaboradora de Rodolfo Walsh en ANCLA -, incluy\u00f3 \u201cperlitas\u201d del calibre de Susana Gim\u00e9nez y Mirta Legrand apoyando a los jubilados)<\/p>\n<p>Convendr\u00eda &#8211; por ende &#8211; moderar el triunfalismo oficial y tomar nota de que las pr\u00f3ximas reformas volver\u00e1n a toparse con un pueblo conciente de que se desmonta el Estado de Derecho para luego desmontar el Estado de Bienestar, y dispuesto a seguir luchando contra tales prop\u00f3sitos.<\/p>\n<p>En los tiempos que corren, para no dar lugar a malentendidos, consideramos prudente cerrar esta nota dejando en claro que su autor no pretende cuestionar el monopolio de la fuerza por parte del Estado\u2026 sino apenas recordar que tal prerrogativa se acepta de buen grado cuando reina la Justicia Social.-<\/p>\n","protected":false},"excerpt":{"rendered":"<p>[JORGE \u00abCHIQUI\u00bb FALCONE, 21\/12\/2017]\u00a0 La coalici\u00f3n Cambiemos, como insisten en recordar sus representantes, \u00a0accedi\u00f3 al gobierno mediante las urnas. No discutiremos eso. En todo caso el debate necesario es a qu\u00e9 estamos dispuestos a llamar \u201cdemocracia\u201d. Y no estar\u00eda mal que a estas alturas se lo preguntaran desde acad\u00e9micos hasta padres, pasando por maestr@s de [&hellip;]<\/p>\n","protected":false},"author":5,"featured_media":6124,"comment_status":"open","ping_status":"open","sticky":false,"template":"","format":"standard","meta":{"_monsterinsights_skip_tracking":false,"_monsterinsights_sitenote_active":false,"_monsterinsights_sitenote_note":"","_monsterinsights_sitenote_category":0,"jnews-multi-image_gallery":[],"jnews_single_post":[],"jnews_primary_category":[],"_joinchat":[],"footnotes":""},"categories":[80,79,76],"tags":[],"class_list":["post-6119","post","type-post","status-publish","format-standard","has-post-thumbnail","hentry","category-educacion","category-nadie-se-salva-solo","category-salud-comunitaria"],"_links":{"self":[{"href":"http:\/\/fmriachuelo.it10.com.ar\/index.php\/wp-json\/wp\/v2\/posts\/6119","targetHints":{"allow":["GET"]}}],"collection":[{"href":"http:\/\/fmriachuelo.it10.com.ar\/index.php\/wp-json\/wp\/v2\/posts"}],"about":[{"href":"http:\/\/fmriachuelo.it10.com.ar\/index.php\/wp-json\/wp\/v2\/types\/post"}],"author":[{"embeddable":true,"href":"http:\/\/fmriachuelo.it10.com.ar\/index.php\/wp-json\/wp\/v2\/users\/5"}],"replies":[{"embeddable":true,"href":"http:\/\/fmriachuelo.it10.com.ar\/index.php\/wp-json\/wp\/v2\/comments?post=6119"}],"version-history":[{"count":0,"href":"http:\/\/fmriachuelo.it10.com.ar\/index.php\/wp-json\/wp\/v2\/posts\/6119\/revisions"}],"wp:featuredmedia":[{"embeddable":true,"href":"http:\/\/fmriachuelo.it10.com.ar\/index.php\/wp-json\/wp\/v2\/media\/6124"}],"wp:attachment":[{"href":"http:\/\/fmriachuelo.it10.com.ar\/index.php\/wp-json\/wp\/v2\/media?parent=6119"}],"wp:term":[{"taxonomy":"category","embeddable":true,"href":"http:\/\/fmriachuelo.it10.com.ar\/index.php\/wp-json\/wp\/v2\/categories?post=6119"},{"taxonomy":"post_tag","embeddable":true,"href":"http:\/\/fmriachuelo.it10.com.ar\/index.php\/wp-json\/wp\/v2\/tags?post=6119"}],"curies":[{"name":"wp","href":"https:\/\/api.w.org\/{rel}","templated":true}]}}