{"id":6107,"date":"2017-12-19T01:39:48","date_gmt":"2017-12-19T01:39:48","guid":{"rendered":"http:\/\/fmriachuelo.com.ar\/?p=6107"},"modified":"2017-12-19T01:39:48","modified_gmt":"2017-12-19T01:39:48","slug":"manifestacion-contra-la-reforma-previsional","status":"publish","type":"post","link":"http:\/\/fmriachuelo.it10.com.ar\/index.php\/2017\/12\/19\/manifestacion-contra-la-reforma-previsional\/","title":{"rendered":"MOVILIZACI\u00d3N MASIVA CONTRA LA REFORMA PREVISIONAL"},"content":{"rendered":"<p>[FMRiachuelo 18\/12\/2017] Hoy el pueblo volvi\u00f3 a marchar contra la Reforma Previsional que quiere imponer el Gobierno neoliberal, para ello se realiz\u00f3 una masiva movilizaci\u00f3n hacia el Congreso Nacional, donde en\u00a0 sesi\u00f3n extraordinaria se debat\u00eda esta ley que est\u00e1 claramente dirigida contra los sectores m\u00e1s vulnerables.<\/p>\n<p>De la gran movilizaci\u00f3n federal participaron en todo el pa\u00eds las Organizaciones Sociales, entre ellas\u00a0 la Confederaci\u00f3n de los Trabajadores de la Econom\u00eda Popular (CTEP) junto a Barrios de Pie, Corriente Clasista Combativa (CCC) y numerosas organizaciones sindicales agrupadas en la CGT, en la Corriente Federal, en la CTA de los Trabajadores y en la CTA Aut\u00f3noma, cuyos gremios pararon hoy. Tambi\u00e9n se hicieron presentes organizaciones de\u00a0 jubilados para hacer sentir su reclamo.<\/p>\n<p>Una vez m\u00e1s el Gobierno ejerci\u00f3 represi\u00f3n contra el pueblo que se manifestaba en contra de la votaci\u00f3n de la ley en Diputados.<\/p>\n<p>Pudimos hablar con el Secretario General de CTEP\u00a0 Esteban \u00abGringo\u00bb Castro que coment\u00f3 con respecto a la movilizaci\u00f3n de hoy: \u00abCreo que el Gobierno ya perdi\u00f3 y lo hizo en pol\u00edtica, le est\u00e1n sacando a los abuelos y los nietos, \u00e9sto qued\u00f3 claro en la sociedad, por eso la Plaza est\u00e1 colmada y si reprimen se van a llevar otra derrota\u00bb\u00a0 y agreg\u00f3 \u00ablos Gobernadores no quieren este problema en su distrito, pero se tienen que sentar a discutir con los obreros y los movimientos populares porque la plata hay que sac\u00e1rsela a los que m\u00e1s tienen, los sectores agrarios, los grandes capitales, los exportadores, no al pueblo\u00bb<\/p>\n<p>Gildo Onorato de CTEP nos dijo\u00bb hay un rechazo generalizado con alto costo pol\u00edtico por la represi\u00f3n del Gobierno, apelamos a que los legisladores representen al pueblo y no sean representantes del Gobierno de turno\u00bb<\/p>\n<p>Chiqui Falcone de Resistir y Luchar frente al Congreso expres\u00f3:\u00bbEs una situaci\u00f3n de Cabildo Abierto prolongado, que logr\u00f3 aunar a todos los sectores pol\u00edticos y sociales, y con la impresionante movilizaci\u00f3n hacerle frente a este \u00abpaquetazo\u00bb incre\u00edble\u00bb. Continu\u00f3 diciendo: \u00abEl escenario de la Argentina no ser\u00e1 igual a partir de hoy, no se puede desmontar el estado de bienestar ni el estado de derecho,\u00a0 por eso mismo \u00e9sta es una batalla decisiva del pueblo argentino\u00bb<\/p>\n<p>Gabriela Carpinetti abogada integrante de la campa\u00f1a contra\u00a0 la Violencia Institucional nos dijo:\u00bbPreparamos un amparo por la inconstitucionalidad de la media sanci\u00f3n en Senadores, adem\u00e1s esta ley afecta el principio de igualdad y\u00a0 de no discriminaci\u00f3n \u00bb\u00a0 Y agreg\u00f3: \u00abEsto es una atrocidad que no podemos permitir tanto desde lo institucional, como en la ocupaci\u00f3n de la calle para evitar as\u00ed el latrocinio contra nuestro pueblo\u00bb<\/p>\n<p>A trav\u00e9s de su Secretario de Derechos Humanos Lito Borello, la CTEP reclam\u00f3 por la represi\u00f3n que hoy tambi\u00e9n se sinti\u00f3 en la Plaza del Congreso, \u00bb es un gobierno que no tiene la dignidad para mirar a su pueblo de frente, y un pueblo digno que sigue mostrando su resistencia, a pesar de la represi\u00f3n que ejerce el poder neoliberal\u00bb.<\/p>\n<p>La CTEP present\u00f3 un amparo por la v\u00eda judicial para que \u00e9sta ley no se promulgue. Y seguir\u00e1 discutiendo un proyecto de pa\u00eds distinto, y reclamando en todos los espacios pol\u00edticos presentando un proyecto alternativo al del poder actual, articulado por el movimiento obrero y los movimientos sociales.<\/p>\n<p>Aqu\u00ed todos los testimonios<br \/>\n<iframe loading=\"lazy\" title=\"18\/12\/2017 - MANIFESTACI\u00d3N CONTRA LA REFORMA PREVISIONAL by FMR\" width=\"500\" height=\"450\" scrolling=\"no\" frameborder=\"no\" src=\"https:\/\/w.soundcloud.com\/player\/?visual=true&#038;url=https%3A%2F%2Fapi.soundcloud.com%2Fplaylists%2F401213828&#038;show_artwork=true&#038;maxheight=750&#038;maxwidth=500\"><\/iframe><\/p>\n","protected":false},"excerpt":{"rendered":"<p>[FMRiachuelo 18\/12\/2017] Hoy el pueblo volvi\u00f3 a marchar contra la Reforma Previsional que quiere imponer el Gobierno neoliberal, para ello se realiz\u00f3 una masiva movilizaci\u00f3n hacia el Congreso Nacional, donde en\u00a0 sesi\u00f3n extraordinaria se debat\u00eda esta ley que est\u00e1 claramente dirigida contra los sectores m\u00e1s vulnerables. De la gran movilizaci\u00f3n federal participaron en todo el [&hellip;]<\/p>\n","protected":false},"author":5,"featured_media":6108,"comment_status":"open","ping_status":"open","sticky":false,"template":"","format":"standard","meta":{"_monsterinsights_skip_tracking":false,"_monsterinsights_sitenote_active":false,"_monsterinsights_sitenote_note":"","_monsterinsights_sitenote_category":0,"jnews-multi-image_gallery":[],"jnews_single_post":[],"jnews_primary_category":[],"_joinchat":[],"footnotes":""},"categories":[78,76,74,75],"tags":[],"class_list":["post-6107","post","type-post","status-publish","format-standard","has-post-thumbnail","hentry","category-economia-popular","category-salud-comunitaria","category-san-cayetano","category-trabajo"],"_links":{"self":[{"href":"http:\/\/fmriachuelo.it10.com.ar\/index.php\/wp-json\/wp\/v2\/posts\/6107","targetHints":{"allow":["GET"]}}],"collection":[{"href":"http:\/\/fmriachuelo.it10.com.ar\/index.php\/wp-json\/wp\/v2\/posts"}],"about":[{"href":"http:\/\/fmriachuelo.it10.com.ar\/index.php\/wp-json\/wp\/v2\/types\/post"}],"author":[{"embeddable":true,"href":"http:\/\/fmriachuelo.it10.com.ar\/index.php\/wp-json\/wp\/v2\/users\/5"}],"replies":[{"embeddable":true,"href":"http:\/\/fmriachuelo.it10.com.ar\/index.php\/wp-json\/wp\/v2\/comments?post=6107"}],"version-history":[{"count":0,"href":"http:\/\/fmriachuelo.it10.com.ar\/index.php\/wp-json\/wp\/v2\/posts\/6107\/revisions"}],"wp:featuredmedia":[{"embeddable":true,"href":"http:\/\/fmriachuelo.it10.com.ar\/index.php\/wp-json\/wp\/v2\/media\/6108"}],"wp:attachment":[{"href":"http:\/\/fmriachuelo.it10.com.ar\/index.php\/wp-json\/wp\/v2\/media?parent=6107"}],"wp:term":[{"taxonomy":"category","embeddable":true,"href":"http:\/\/fmriachuelo.it10.com.ar\/index.php\/wp-json\/wp\/v2\/categories?post=6107"},{"taxonomy":"post_tag","embeddable":true,"href":"http:\/\/fmriachuelo.it10.com.ar\/index.php\/wp-json\/wp\/v2\/tags?post=6107"}],"curies":[{"name":"wp","href":"https:\/\/api.w.org\/{rel}","templated":true}]}}