{"id":6104,"date":"2017-12-14T15:17:58","date_gmt":"2017-12-14T15:17:58","guid":{"rendered":"http:\/\/fmriachuelo.com.ar\/?p=6104"},"modified":"2017-12-14T15:17:58","modified_gmt":"2017-12-14T15:17:58","slug":"marcha-frente-al-congreso-contra-las-reformas-neoliberales","status":"publish","type":"post","link":"http:\/\/fmriachuelo.it10.com.ar\/index.php\/2017\/12\/14\/marcha-frente-al-congreso-contra-las-reformas-neoliberales\/","title":{"rendered":"MARCHA FRENTE AL CONGRESO CONTRA LAS REFORMAS NEOLIBERALES"},"content":{"rendered":"<p>[FM Riachuelo 14\/12\/17]\u00a0Esta ma\u00f1ana nos comunicamos desde la FM Riachuelo 100.9, con un chispazo\u00a0 informativo y hablamos \u00a0con el Secretario de Derechos Humanos de la Confederaci\u00f3n de Trabajadores de la Econom\u00eda Popular, Lito Borello que se encontraba en Plaza De Mayo, concentrando para la movilizaci\u00f3n de hoy frente al Congreso Nacional en repudio a la votaci\u00f3n por las reformas y medidas de ajuste del Gobierno Neoliberal.<\/p>\n<p>Por estas horas en defensa de un derecho hist\u00f3rico de todos los trabajadorxs como es la Jubilaci\u00f3n y la Asignaci\u00f3n Universal por Hijo, se espera una inmensa movilizaci\u00f3n que tuvo ayer el antecedente de la masiva marcha de los trabajadores de la econom\u00eda popular, \u00a0que se acerc\u00f3 a repudiar estas medidas antipopulares y antidemocr\u00e1ticas.<\/p>\n<p>Escucha el testimonio:<br \/>\n<iframe loading=\"lazy\" title=\"14-12-2017  MARCHA AL CONGRESO CONTRA LAS REFORMAS NEOLIBERALES by FMR\" width=\"500\" height=\"450\" scrolling=\"no\" frameborder=\"no\" src=\"https:\/\/w.soundcloud.com\/player\/?visual=true&#038;url=https%3A%2F%2Fapi.soundcloud.com%2Fplaylists%2F397801724&#038;show_artwork=true&#038;maxheight=750&#038;maxwidth=500\"><\/iframe><\/p>\n<p>Lito Borello, nos dijo \u201cllamamos a todo el Pueblo a venir al Congreso nuevamente como ayer donde se defini\u00f3 estar ac\u00e1 presente codo a codo con todas las organizaciones populares para que decidan entiendan y comprendan que la historia pasa por el pueblo organizado y movilizado\u201d<\/p>\n<p>Por otra parte nos coment\u00f3: \u201cHemos decidido venir a rodear al Congreso para ejercer la defensa de los trabajadores de los m\u00e1s humildes de nuestra Patria para que \u00e9ste gobierno antipopular de Macri no logre las medidas que son realmente en perjuicio de los sectores m\u00e1s humildes\u201d.<\/p>\n<p>Hoy se concentran todos los sectores del campo popular frente al Congreso para recordarle al Gobierno antidemocr\u00e1tico que el pueblo est\u00e1 en la calle para defender sus derechos.<\/p>\n","protected":false},"excerpt":{"rendered":"<p>[FM Riachuelo 14\/12\/17]\u00a0Esta ma\u00f1ana nos comunicamos desde la FM Riachuelo 100.9, con un chispazo\u00a0 informativo y hablamos \u00a0con el Secretario de Derechos Humanos de la Confederaci\u00f3n de Trabajadores de la Econom\u00eda Popular, Lito Borello que se encontraba en Plaza De Mayo, concentrando para la movilizaci\u00f3n de hoy frente al Congreso Nacional en repudio a la [&hellip;]<\/p>\n","protected":false},"author":5,"featured_media":6105,"comment_status":"open","ping_status":"open","sticky":false,"template":"","format":"standard","meta":{"_monsterinsights_skip_tracking":false,"_monsterinsights_sitenote_active":false,"_monsterinsights_sitenote_note":"","_monsterinsights_sitenote_category":0,"jnews-multi-image_gallery":[],"jnews_single_post":[],"jnews_primary_category":[],"_joinchat":[],"footnotes":""},"categories":[78,76,74,75],"tags":[],"class_list":["post-6104","post","type-post","status-publish","format-standard","has-post-thumbnail","hentry","category-economia-popular","category-salud-comunitaria","category-san-cayetano","category-trabajo"],"_links":{"self":[{"href":"http:\/\/fmriachuelo.it10.com.ar\/index.php\/wp-json\/wp\/v2\/posts\/6104","targetHints":{"allow":["GET"]}}],"collection":[{"href":"http:\/\/fmriachuelo.it10.com.ar\/index.php\/wp-json\/wp\/v2\/posts"}],"about":[{"href":"http:\/\/fmriachuelo.it10.com.ar\/index.php\/wp-json\/wp\/v2\/types\/post"}],"author":[{"embeddable":true,"href":"http:\/\/fmriachuelo.it10.com.ar\/index.php\/wp-json\/wp\/v2\/users\/5"}],"replies":[{"embeddable":true,"href":"http:\/\/fmriachuelo.it10.com.ar\/index.php\/wp-json\/wp\/v2\/comments?post=6104"}],"version-history":[{"count":0,"href":"http:\/\/fmriachuelo.it10.com.ar\/index.php\/wp-json\/wp\/v2\/posts\/6104\/revisions"}],"wp:featuredmedia":[{"embeddable":true,"href":"http:\/\/fmriachuelo.it10.com.ar\/index.php\/wp-json\/wp\/v2\/media\/6105"}],"wp:attachment":[{"href":"http:\/\/fmriachuelo.it10.com.ar\/index.php\/wp-json\/wp\/v2\/media?parent=6104"}],"wp:term":[{"taxonomy":"category","embeddable":true,"href":"http:\/\/fmriachuelo.it10.com.ar\/index.php\/wp-json\/wp\/v2\/categories?post=6104"},{"taxonomy":"post_tag","embeddable":true,"href":"http:\/\/fmriachuelo.it10.com.ar\/index.php\/wp-json\/wp\/v2\/tags?post=6104"}],"curies":[{"name":"wp","href":"https:\/\/api.w.org\/{rel}","templated":true}]}}