{"id":6099,"date":"2017-12-14T13:57:01","date_gmt":"2017-12-14T13:57:01","guid":{"rendered":"http:\/\/fmriachuelo.com.ar\/?p=6099"},"modified":"2017-12-14T13:57:01","modified_gmt":"2017-12-14T13:57:01","slug":"marcha-de-los-movimientos-sociales-contra-las-reformas-neoliberales","status":"publish","type":"post","link":"http:\/\/fmriachuelo.it10.com.ar\/index.php\/2017\/12\/14\/marcha-de-los-movimientos-sociales-contra-las-reformas-neoliberales\/","title":{"rendered":"MARCHA DE LOS MOVIMIENTOS SOCIALES  CONTRA LAS REFORMAS NEOLIBERALES"},"content":{"rendered":"<p>[FM Riachuelo 14\/12\/17] Organizaciones sociales desde\u00a0CTEP,\u00a0 hasta Barrios de Pie y la CCC,\u00a0 concentraron en la Avenida 9 de Julio para luego\u00a0 marchar\u00a0 al Congreso para protestar contra las reformas. Hubo represi\u00f3n con militantes y diputados nacionales heridos.<\/p>\n<p>Ayer se \u00a0realiz\u00f3 una masiva movilizaci\u00f3n de las organizaciones sociales y sindicales en contra de las reformas y ajustes que quiere imponer el gobierno neoliberal, bajo la consigna \u201cSin Techo , Tierra y Trabajo la Reforma es contra los de Abajo\u201d.<\/p>\n<p>De la masiva protesta participaron diputados del Movimiento Evita, as\u00ed como tambi\u00e9n militantes de la Confederaci\u00f3n de Trabajadores de la Econom\u00eda Popular (CTEP), de la Corriente Clasista y Combativa (CCC) y de Barrios de Pie y la Organizaci\u00f3n Social y Pol\u00edtica Los Pibes (desde el barrio de La Boca).\u00a0 La protesta comenz\u00f3 a\u00a0las 16 horas en Plaza Constituci\u00f3n\u00a0y la concentraci\u00f3n se desplaz\u00f3\u00a0hasta la intersecci\u00f3n de\u00a09 de Julio y Avenida de Mayo.<\/p>\n<p>Las agrupaciones hablaron sobre las reformas propuestas por el Gobierno Nacional que est\u00e1n siendo tratadas en las C\u00e1maras, entre ellas la previsional y laboral, que afectan severamente a los sectores m\u00e1s humildes.<\/p>\n<p>Aqu\u00ed los testimonios<\/p>\n<p><iframe loading=\"lazy\" title=\"13-12-2017- MARCHA DE ORG. SOCIALES AL CONGRESO NACIONAL by FMR\" width=\"500\" height=\"450\" scrolling=\"no\" frameborder=\"no\" src=\"https:\/\/w.soundcloud.com\/player\/?visual=true&#038;url=https%3A%2F%2Fapi.soundcloud.com%2Fplaylists%2F397374560&#038;show_artwork=true&#038;maxheight=750&#038;maxwidth=500\"><\/iframe><\/p>\n<p>Durante el mediod\u00eda,\u00a0se instal\u00f3 una olla popular frente al Congreso de la Naci\u00f3n, y m\u00e1s tarde entreg\u00f3 a los legisladores las firmas recolectadas para que se acelere el tratamiento del proyecto de ley de emergencia alimentaria. Los movimientos sociales con el respaldo \u00a0y adhesi\u00f3n de la Corriente Federal, la CTA de los Argentinos \u00a0\u00a0y la CTA Aut\u00f3noma y \u00a0ATE \u00a0tambi\u00e9n reclamaron\u00a0un bono de fin de a\u00f1o para los beneficiarios de la Asignaci\u00f3n Universal por Hijo y para los jubilados.<\/p>\n<p>Dijo \u00a0el Secretario General de la CTEP, Esteban \u00a0\u201cGringo\u201d Castro durante la movilizaci\u00f3n: \u201cEs elemental que los trabajadores\u00a0 mantengamos la unidad en la lucha para que no se siga avanzando sobre derechos adquiridos y para que se den soluciones concretas a los problemas de los sectores m\u00e1s postergados\u201d . Y agreg\u00f3: \u201cno queremos que nos sigan\u00a0 matando por pelear\u201d.<\/p>\n<p>Bel\u00e9n Rizas referente de la OLP Sim\u00f3n Bol\u00edvar nos dijo: \u201choy el pueblo est\u00e1 en la calle porque lo \u00fanico que hace el gobierno\u00a0 con las reformas es\u00a0 precarizar m\u00e1s al pueblo\u201d.Por otro lado Juan Carlos Alderete de la CCC coment\u00f3 que \u201cs\u00f3lo quieren eliminar los derechos conquistados\u201d<\/p>\n<p>El blindaje de las fuerzas de seguridad sobre el edificio y las inmediaciones del Congreso, con un despliegue inusitado de efectivos y de carros hidrantes de los gendarmes, comenz\u00f3 \u00a0la represi\u00f3n sobre los manifestantes cuando las organizaciones se dispon\u00edan a realizar una vigilia hasta la sesi\u00f3n de hoy.<\/p>\n<p>Algunos diputados y dirigentes sociales y sindicales que se encontraban entre la multitud fueron golpeados y empujados por agentes de la fuerza.<\/p>\n<p>\u00abQuer\u00edamos hacer un abrazo al Congreso, pero nos tiraron los perros encima\u00bb, coment\u00f3 el diputado del Movimiento Evita, Leonardo Grosso, cuando se inici\u00f3 la desconcentraci\u00f3n de los movimientos sociales.<\/p>\n<p>Tras conocerse que el Gobierno empuj\u00f3 a que este jueves se vote sobre tablas la reforma previsional, el consejo directivo de la CGT se reuni\u00f3 de urgencia y decidi\u00f3 sumarse a la movilizaci\u00f3n de hoy \u00a0frente al Congreso contra el ajuste a los abuelos. Adem\u00e1s, en caso de que los diputados lo conviertan en ley, habr\u00e1 paro nacional el viernes.<\/p>\n<p>Hoy se movilizan nuevamente las organizaciones Sociales hacia el Congreso en repudio a la votaci\u00f3n que promueve el gobierno de Macri de la reforma Previsional, \u00a0que atenta contra los m\u00e1s vulnerables.<\/p>\n","protected":false},"excerpt":{"rendered":"<p>[FM Riachuelo 14\/12\/17] Organizaciones sociales desde\u00a0CTEP,\u00a0 hasta Barrios de Pie y la CCC,\u00a0 concentraron en la Avenida 9 de Julio para luego\u00a0 marchar\u00a0 al Congreso para protestar contra las reformas. Hubo represi\u00f3n con militantes y diputados nacionales heridos. Ayer se \u00a0realiz\u00f3 una masiva movilizaci\u00f3n de las organizaciones sociales y sindicales en contra de las reformas [&hellip;]<\/p>\n","protected":false},"author":5,"featured_media":6100,"comment_status":"open","ping_status":"open","sticky":false,"template":"","format":"standard","meta":{"_monsterinsights_skip_tracking":false,"_monsterinsights_sitenote_active":false,"_monsterinsights_sitenote_note":"","_monsterinsights_sitenote_category":0,"jnews-multi-image_gallery":[],"jnews_single_post":[],"jnews_primary_category":[],"_joinchat":[],"footnotes":""},"categories":[78,76,74,75],"tags":[],"class_list":["post-6099","post","type-post","status-publish","format-standard","has-post-thumbnail","hentry","category-economia-popular","category-salud-comunitaria","category-san-cayetano","category-trabajo"],"_links":{"self":[{"href":"http:\/\/fmriachuelo.it10.com.ar\/index.php\/wp-json\/wp\/v2\/posts\/6099","targetHints":{"allow":["GET"]}}],"collection":[{"href":"http:\/\/fmriachuelo.it10.com.ar\/index.php\/wp-json\/wp\/v2\/posts"}],"about":[{"href":"http:\/\/fmriachuelo.it10.com.ar\/index.php\/wp-json\/wp\/v2\/types\/post"}],"author":[{"embeddable":true,"href":"http:\/\/fmriachuelo.it10.com.ar\/index.php\/wp-json\/wp\/v2\/users\/5"}],"replies":[{"embeddable":true,"href":"http:\/\/fmriachuelo.it10.com.ar\/index.php\/wp-json\/wp\/v2\/comments?post=6099"}],"version-history":[{"count":0,"href":"http:\/\/fmriachuelo.it10.com.ar\/index.php\/wp-json\/wp\/v2\/posts\/6099\/revisions"}],"wp:featuredmedia":[{"embeddable":true,"href":"http:\/\/fmriachuelo.it10.com.ar\/index.php\/wp-json\/wp\/v2\/media\/6100"}],"wp:attachment":[{"href":"http:\/\/fmriachuelo.it10.com.ar\/index.php\/wp-json\/wp\/v2\/media?parent=6099"}],"wp:term":[{"taxonomy":"category","embeddable":true,"href":"http:\/\/fmriachuelo.it10.com.ar\/index.php\/wp-json\/wp\/v2\/categories?post=6099"},{"taxonomy":"post_tag","embeddable":true,"href":"http:\/\/fmriachuelo.it10.com.ar\/index.php\/wp-json\/wp\/v2\/tags?post=6099"}],"curies":[{"name":"wp","href":"https:\/\/api.w.org\/{rel}","templated":true}]}}