{"id":6095,"date":"2017-12-13T15:24:39","date_gmt":"2017-12-13T15:24:39","guid":{"rendered":"http:\/\/fmriachuelo.com.ar\/?p=6095"},"modified":"2017-12-13T15:24:39","modified_gmt":"2017-12-13T15:24:39","slug":"marcha-contra-la-cumbre-de-la-omc-el-derecho-a-la-protesta-social-es-un-derecho-del-s-xxi","status":"publish","type":"post","link":"http:\/\/fmriachuelo.it10.com.ar\/index.php\/2017\/12\/13\/marcha-contra-la-cumbre-de-la-omc-el-derecho-a-la-protesta-social-es-un-derecho-del-s-xxi\/","title":{"rendered":"MARCHA CONTRA LA CUMBRE DE LA OMC: \u201cEL DERECHO A LA PROTESTA SOCIAL ES UN DERECHO DEL S. XXI\u201d"},"content":{"rendered":"<p>[FM Riachuelo 13\/12\/2017] En el d\u00eda de ayer diferentes organizaciones pol\u00edticas y campesinas marcharon desde la plaza de los dos Congresos hasta el Obelisco en reclamo contra la cumbre de la\u00a0 Organizaci\u00f3n Mundial del Comercio, para repudiar a los representantes del imperialismo.<\/p>\n<p><iframe loading=\"lazy\" title=\"13-12-2017 - MARCHA CONTRA LA CUMBRE DE LA OMC by FMR\" width=\"500\" height=\"450\" scrolling=\"no\" frameborder=\"no\" src=\"https:\/\/w.soundcloud.com\/player\/?visual=true&#038;url=https%3A%2F%2Fapi.soundcloud.com%2Fplaylists%2F397008038&#038;show_artwork=true&#038;maxheight=750&#038;maxwidth=500\"><\/iframe><\/p>\n<p>A partir de las 18 horas, distintas organizaciones se movilizaron para manifestarse\u00a0 en contra de\u00a0 la cumbre de los\u00a0 neoliberales. Esta cumbre\u00a0 propone negociar el tratado de libre comercio entre la Uni\u00f3n Europea y el Mercosur que implica liberar las importaciones en beneficios de las empresas Europeas.<\/p>\n<p>En el desarrollo de la jornada estuvieron presentes Adolfo P\u00e9rez Esquivel, Nora Corti\u00f1as y Mar\u00eda Isabel Huala, madre de Facundo Jones Huala. FM Riachuelo 100.9\u00a0 entrevist\u00f3 a P\u00e9rez Esquivel qui\u00e9n afirm\u00f3 que, \u201cse privilegia el capital financiero sobre la vida de los pobres\u201d<\/p>\n<p>Tambi\u00e9n conversamos con Isabel Huala, que sostuvo que, \u201cEste es un plan extractivista y de muerte\u201d haciendo referencia a la cumbre que se est\u00e1 desplegando. Y agreg\u00f3 \u201cDe este gobierno se puede esperar cualquier cosa\u201d.<\/p>\n<p>Por otro lado, la Confederaci\u00f3n de Trabajadores de la Econom\u00eda Popular estuvo presente acompa\u00f1ando la movilizaci\u00f3n, donde entrevistamos a Lito Borello, secretario de DDHH de la CTEP, quien repudio la presencia de la OMC, diciendo: \u201cVienen a imponer reglamentaciones, leyes y medidas econ\u00f3micas, pol\u00edticas y sociales en detrimento de los sectores populares, y que solamente benefician a las minor\u00edas poderosas econ\u00f3micas, financiares y comunicacionales\u201d. Adem\u00e1s expres\u00f3 que \u201cel derecho a la protesta social es un derecho del siglo XXI, ya que los pueblos ante un proyecto de muerte, tenemos el derecho legitimo de construir otro mundo posible\u201d.<\/p>\n<p>Finalmente, Lito Borello, tambi\u00e9n nos adelant\u00f3 sobre la jornada de lucha del d\u00eda de hoy de la siguiente manera: \u201cMovilizamos en una gran jornada nacional de protesta de punta a punta del pa\u00eds y con una masiva concentraci\u00f3n en 9 de julio y Av. de Mayo, para manifestar nuestra bronca, repudio y profundo desagrado frente a las medidas del gobierno nacional\u201d<\/p>\n<p>La cumbre de la OMC que comenz\u00f3 el\u00a0 10 de diciembre, se desarrolla en la zona de Puerto madero, con un fuerte operativo de seguridad que va a durar hasta el d\u00eda jueves que finaliza.<\/p>\n","protected":false},"excerpt":{"rendered":"<p>[FM Riachuelo 13\/12\/2017] En el d\u00eda de ayer diferentes organizaciones pol\u00edticas y campesinas marcharon desde la plaza de los dos Congresos hasta el Obelisco en reclamo contra la cumbre de la\u00a0 Organizaci\u00f3n Mundial del Comercio, para repudiar a los representantes del imperialismo. A partir de las 18 horas, distintas organizaciones se movilizaron para manifestarse\u00a0 en [&hellip;]<\/p>\n","protected":false},"author":5,"featured_media":6096,"comment_status":"open","ping_status":"open","sticky":false,"template":"","format":"standard","meta":{"_monsterinsights_skip_tracking":false,"_monsterinsights_sitenote_active":false,"_monsterinsights_sitenote_note":"","_monsterinsights_sitenote_category":0,"jnews-multi-image_gallery":[],"jnews_single_post":[],"jnews_primary_category":[],"_joinchat":[],"footnotes":""},"categories":[78,76],"tags":[],"class_list":["post-6095","post","type-post","status-publish","format-standard","has-post-thumbnail","hentry","category-economia-popular","category-salud-comunitaria"],"_links":{"self":[{"href":"http:\/\/fmriachuelo.it10.com.ar\/index.php\/wp-json\/wp\/v2\/posts\/6095","targetHints":{"allow":["GET"]}}],"collection":[{"href":"http:\/\/fmriachuelo.it10.com.ar\/index.php\/wp-json\/wp\/v2\/posts"}],"about":[{"href":"http:\/\/fmriachuelo.it10.com.ar\/index.php\/wp-json\/wp\/v2\/types\/post"}],"author":[{"embeddable":true,"href":"http:\/\/fmriachuelo.it10.com.ar\/index.php\/wp-json\/wp\/v2\/users\/5"}],"replies":[{"embeddable":true,"href":"http:\/\/fmriachuelo.it10.com.ar\/index.php\/wp-json\/wp\/v2\/comments?post=6095"}],"version-history":[{"count":0,"href":"http:\/\/fmriachuelo.it10.com.ar\/index.php\/wp-json\/wp\/v2\/posts\/6095\/revisions"}],"wp:featuredmedia":[{"embeddable":true,"href":"http:\/\/fmriachuelo.it10.com.ar\/index.php\/wp-json\/wp\/v2\/media\/6096"}],"wp:attachment":[{"href":"http:\/\/fmriachuelo.it10.com.ar\/index.php\/wp-json\/wp\/v2\/media?parent=6095"}],"wp:term":[{"taxonomy":"category","embeddable":true,"href":"http:\/\/fmriachuelo.it10.com.ar\/index.php\/wp-json\/wp\/v2\/categories?post=6095"},{"taxonomy":"post_tag","embeddable":true,"href":"http:\/\/fmriachuelo.it10.com.ar\/index.php\/wp-json\/wp\/v2\/tags?post=6095"}],"curies":[{"name":"wp","href":"https:\/\/api.w.org\/{rel}","templated":true}]}}