{"id":6080,"date":"2017-12-07T23:22:46","date_gmt":"2017-12-07T23:22:46","guid":{"rendered":"http:\/\/fmriachuelo.com.ar\/?p=6080"},"modified":"2017-12-07T23:22:46","modified_gmt":"2017-12-07T23:22:46","slug":"repudio-popular-a-la-persecucion-de-dirigentes-sociales","status":"publish","type":"post","link":"http:\/\/fmriachuelo.it10.com.ar\/index.php\/2017\/12\/07\/repudio-popular-a-la-persecucion-de-dirigentes-sociales\/","title":{"rendered":"REPUDIO POPULAR A LA PERSECUCION DE DIRIGENTES SOCIALES"},"content":{"rendered":"<p>[07\/12\/2017 FM RIACHUELO]Hoy a las 18 hs se realiz\u00f3 una conferencia de prensa en Pueyrredon 19, donde distintas organizaciones populares repudiaron la persecuci\u00f3n a dirigentes sociales opositores. El gobierno de Mauricio Macri, a trav\u00e9s del poder judicial desat\u00f3 una cacer\u00eda para disciplinar y amedrentar a quienes levanten la voz contra las medidas de ajuste y hambre. De esta manera, el l\u00edder del Partido\u00a0<em>MILES<\/em>\u00a0por Tierra, Techo y Trabajo,\u00a0<em>Luis<\/em>\u00a0\u00a0<em>D&#8217;El\u00eda<\/em>\u00a0 fue detenido arbitrariamente esta ma\u00f1ana por orden del Juez Bonad\u00edo.<\/p>\n<p>Lito Borello, Secretario de Derechos Humanos de la CTEP estuvo presente y expres\u00f3: \u201cNunca en una etapa democr\u00e1tica ha habido tanta sumisi\u00f3n de la justicia no solo a un gobierno, sino al poder f\u00e1ctico, a un proyecto capitalista depredador, extractivista, que destruye, excluye y mata\u201d.<\/p>\n<p>La esposa del dirigente detenido, Alicia Sanchez, por su parte, pidi\u00f3 que se convoque a un \u201cComit\u00e9 por la libertad de l@s presos pol\u00edticos\u201d al mismo tiempo que expres\u00f3 que no quiere \u201cvivir en un pa\u00eds donde se persigue a los dirigentes sociales y al que piensa distinto\u201d, tambi\u00e9n destac\u00f3 la maniobra del gobierno para invisibilizar el hambre y la miseria que padecen los sectores populares.<\/p>\n<p>Escucha los testimonios ac\u00e1:<\/p>\n<p><iframe loading=\"lazy\" title=\"07\/12\/2017 Conferencia de prensa en repudio a la detenci\u00f3n de Luis D&#039;Elia by FMR\" width=\"500\" height=\"450\" scrolling=\"no\" frameborder=\"no\" src=\"https:\/\/w.soundcloud.com\/player\/?visual=true&#038;url=https%3A%2F%2Fapi.soundcloud.com%2Fplaylists%2F392738735&#038;show_artwork=true&#038;maxheight=750&#038;maxwidth=500\"><\/iframe><\/p>\n<p>&nbsp;<\/p>\n","protected":false},"excerpt":{"rendered":"<p>[07\/12\/2017 FM RIACHUELO]Hoy a las 18 hs se realiz\u00f3 una conferencia de prensa en Pueyrredon 19, donde distintas organizaciones populares repudiaron la persecuci\u00f3n a dirigentes sociales opositores. El gobierno de Mauricio Macri, a trav\u00e9s del poder judicial desat\u00f3 una cacer\u00eda para disciplinar y amedrentar a quienes levanten la voz contra las medidas de ajuste y [&hellip;]<\/p>\n","protected":false},"author":5,"featured_media":6083,"comment_status":"open","ping_status":"open","sticky":false,"template":"","format":"standard","meta":{"_monsterinsights_skip_tracking":false,"_monsterinsights_sitenote_active":false,"_monsterinsights_sitenote_note":"","_monsterinsights_sitenote_category":0,"jnews-multi-image_gallery":[],"jnews_single_post":[],"jnews_primary_category":[],"_joinchat":[],"footnotes":""},"categories":[76],"tags":[],"class_list":["post-6080","post","type-post","status-publish","format-standard","has-post-thumbnail","hentry","category-salud-comunitaria"],"_links":{"self":[{"href":"http:\/\/fmriachuelo.it10.com.ar\/index.php\/wp-json\/wp\/v2\/posts\/6080","targetHints":{"allow":["GET"]}}],"collection":[{"href":"http:\/\/fmriachuelo.it10.com.ar\/index.php\/wp-json\/wp\/v2\/posts"}],"about":[{"href":"http:\/\/fmriachuelo.it10.com.ar\/index.php\/wp-json\/wp\/v2\/types\/post"}],"author":[{"embeddable":true,"href":"http:\/\/fmriachuelo.it10.com.ar\/index.php\/wp-json\/wp\/v2\/users\/5"}],"replies":[{"embeddable":true,"href":"http:\/\/fmriachuelo.it10.com.ar\/index.php\/wp-json\/wp\/v2\/comments?post=6080"}],"version-history":[{"count":0,"href":"http:\/\/fmriachuelo.it10.com.ar\/index.php\/wp-json\/wp\/v2\/posts\/6080\/revisions"}],"wp:featuredmedia":[{"embeddable":true,"href":"http:\/\/fmriachuelo.it10.com.ar\/index.php\/wp-json\/wp\/v2\/media\/6083"}],"wp:attachment":[{"href":"http:\/\/fmriachuelo.it10.com.ar\/index.php\/wp-json\/wp\/v2\/media?parent=6080"}],"wp:term":[{"taxonomy":"category","embeddable":true,"href":"http:\/\/fmriachuelo.it10.com.ar\/index.php\/wp-json\/wp\/v2\/categories?post=6080"},{"taxonomy":"post_tag","embeddable":true,"href":"http:\/\/fmriachuelo.it10.com.ar\/index.php\/wp-json\/wp\/v2\/tags?post=6080"}],"curies":[{"name":"wp","href":"https:\/\/api.w.org\/{rel}","templated":true}]}}