{"id":6073,"date":"2017-12-07T15:03:31","date_gmt":"2017-12-07T15:03:31","guid":{"rendered":"http:\/\/fmriachuelo.com.ar\/?p=6073"},"modified":"2017-12-07T15:03:31","modified_gmt":"2017-12-07T15:03:31","slug":"6073","status":"publish","type":"post","link":"http:\/\/fmriachuelo.it10.com.ar\/index.php\/2017\/12\/07\/6073\/","title":{"rendered":"MARCHA DE CONGRESO A PLAZA DE MAYO CONTRA LA REFORMA LABORAL"},"content":{"rendered":"<p>[FM Riachuelo,7\/12\/2017] Ayer se congregaron en Plaza de Mayo con una movilizaci\u00f3n multitudinaria sectores de ATE (Asociaci\u00f3n Trabajadores del estado) junto a\u00a0 numerosas Organizaciones Socialesy la CTEP (Confederaci\u00f3nde Trabajadores de la Econom\u00eda Popular), para reclamar\u00a0contra las reformas del Gobierno neoliberal.<\/p>\n<p>Escuch\u00e1 los audios<br \/>\n<iframe loading=\"lazy\" title=\"06 - 12 - 2017 - CACHORRO GODOY - ATE NACIONAL by FMR\" width=\"500\" height=\"400\" scrolling=\"no\" frameborder=\"no\" src=\"https:\/\/w.soundcloud.com\/player\/?visual=true&#038;url=https%3A%2F%2Fapi.soundcloud.com%2Ftracks%2F366002918&#038;show_artwork=true&#038;maxheight=750&#038;maxwidth=500\"><\/iframe><\/p>\n<p>La movilizaci\u00f3n, que se ven\u00eda organizando hace algunas semanas, ten\u00eda como lema \u201ccontra las reformas laboral y previsional\u201d que impulsa el gobierno. La cabecera conten\u00eda a los principales referentes de las organizaciones convocantes.<\/p>\n<p>Detr\u00e1s se encolumnaba un sector de la CTA que conduce Hugo \u201cCachorro\u201d Godoy y sindicatos como ATE Provincia y la columna de las organizaciones sociales que\u00a0fueron las que aportaron la mayor parte de la concurrencia. Entre ellas las banderas de la CTEP y el Movimiento Evita, la CCC, Barrios de Pie, FOL, el Polo Obrero y agrupaciones que son parte de la CTA.<\/p>\n<p>FM Riachuelo100.9 habl\u00f3 con los referentes, entre ellos Cachorro Godoy de ATEque dijo:\u00bbestamos ac\u00e1 para que estas leyes no se aprueben, queremos vivir en un pa\u00eds que sea para todos\u00bb.\u00a0 Desde la CTEP Lito Borello, Sec DDHH nos dijo:\u00bb estamos\u00a0en la Marcha porque no queremos\u00a0las reformas que el Gobierno nos quiere\u00a0\u00a0imponer a los sectores sociales, seguimos en la calle reclamando y construyendo una alternativa desde los movimientos populares de punta a punta del pa\u00eds\u00bb<\/p>\n<p>De los discursos qued\u00f3 como una de las propuestas rodear el Congreso de la Naci\u00f3n el d\u00eda que se intente tratar la \u201creforma laboral\u201d.<\/p>\n","protected":false},"excerpt":{"rendered":"<p>[FM Riachuelo,7\/12\/2017] Ayer se congregaron en Plaza de Mayo con una movilizaci\u00f3n multitudinaria sectores de ATE (Asociaci\u00f3n Trabajadores del estado) junto a\u00a0 numerosas Organizaciones Socialesy la CTEP (Confederaci\u00f3nde Trabajadores de la Econom\u00eda Popular), para reclamar\u00a0contra las reformas del Gobierno neoliberal. Escuch\u00e1 los audios La movilizaci\u00f3n, que se ven\u00eda organizando hace algunas semanas, ten\u00eda como lema [&hellip;]<\/p>\n","protected":false},"author":5,"featured_media":6074,"comment_status":"open","ping_status":"open","sticky":false,"template":"","format":"standard","meta":{"_monsterinsights_skip_tracking":false,"_monsterinsights_sitenote_active":false,"_monsterinsights_sitenote_note":"","_monsterinsights_sitenote_category":0,"jnews-multi-image_gallery":[],"jnews_single_post":[],"jnews_primary_category":[],"_joinchat":[],"footnotes":""},"categories":[78,76,74,75],"tags":[],"class_list":["post-6073","post","type-post","status-publish","format-standard","has-post-thumbnail","hentry","category-economia-popular","category-salud-comunitaria","category-san-cayetano","category-trabajo"],"_links":{"self":[{"href":"http:\/\/fmriachuelo.it10.com.ar\/index.php\/wp-json\/wp\/v2\/posts\/6073","targetHints":{"allow":["GET"]}}],"collection":[{"href":"http:\/\/fmriachuelo.it10.com.ar\/index.php\/wp-json\/wp\/v2\/posts"}],"about":[{"href":"http:\/\/fmriachuelo.it10.com.ar\/index.php\/wp-json\/wp\/v2\/types\/post"}],"author":[{"embeddable":true,"href":"http:\/\/fmriachuelo.it10.com.ar\/index.php\/wp-json\/wp\/v2\/users\/5"}],"replies":[{"embeddable":true,"href":"http:\/\/fmriachuelo.it10.com.ar\/index.php\/wp-json\/wp\/v2\/comments?post=6073"}],"version-history":[{"count":0,"href":"http:\/\/fmriachuelo.it10.com.ar\/index.php\/wp-json\/wp\/v2\/posts\/6073\/revisions"}],"wp:featuredmedia":[{"embeddable":true,"href":"http:\/\/fmriachuelo.it10.com.ar\/index.php\/wp-json\/wp\/v2\/media\/6074"}],"wp:attachment":[{"href":"http:\/\/fmriachuelo.it10.com.ar\/index.php\/wp-json\/wp\/v2\/media?parent=6073"}],"wp:term":[{"taxonomy":"category","embeddable":true,"href":"http:\/\/fmriachuelo.it10.com.ar\/index.php\/wp-json\/wp\/v2\/categories?post=6073"},{"taxonomy":"post_tag","embeddable":true,"href":"http:\/\/fmriachuelo.it10.com.ar\/index.php\/wp-json\/wp\/v2\/tags?post=6073"}],"curies":[{"name":"wp","href":"https:\/\/api.w.org\/{rel}","templated":true}]}}