{"id":6060,"date":"2017-12-07T14:31:08","date_gmt":"2017-12-07T14:31:08","guid":{"rendered":"http:\/\/fmriachuelo.com.ar\/?p=6060"},"modified":"2017-12-07T14:31:08","modified_gmt":"2017-12-07T14:31:08","slug":"nueva-ola-de-despidos-amenaza-a-trabajadores-del-enacom","status":"publish","type":"post","link":"http:\/\/fmriachuelo.it10.com.ar\/index.php\/2017\/12\/07\/nueva-ola-de-despidos-amenaza-a-trabajadores-del-enacom\/","title":{"rendered":"NUEVA OLA DE DESPIDOS AMENAZA A TRABAJADORES DEL ENACOM"},"content":{"rendered":"<p>[FM Riachuelo 06\/12\/2017] En el d\u00eda de hoy diversas organizaciones sociales y pol\u00edticas acompa\u00f1aron a los trabajadores del ENACOM (Ente Nacional de Comunicaciones) en su sede central, donde organizaron una asamblea para decidir un plan de lucha ante los nuevos despidos anunciados por el gobierno de Macri.<\/p>\n<p><iframe loading=\"lazy\" title=\"06-12-2017 - NUEVA OLA DE DESPIDOS AMENAZA A TRABAJADORES DEL ENACOM by FMR\" width=\"500\" height=\"450\" scrolling=\"no\" frameborder=\"no\" src=\"https:\/\/w.soundcloud.com\/player\/?visual=true&#038;url=https%3A%2F%2Fapi.soundcloud.com%2Fplaylists%2F391686653&#038;show_artwork=true&#038;maxheight=750&#038;maxwidth=500\"><\/iframe><\/p>\n<p>A partir de las 11 hs, distintas organizaciones sociales concentraron en la sede central del ENACOM, ubicada en Per\u00fa 103, CABA para brindar su apoyo y visibilizar esta nueva ola de despidos, que seg\u00fan informan, abarcar\u00eda a unxs 165 trabajadorxs del ente. Sin embargo, se espera que los despidos alcancen a m\u00e1s de 700 trabajadores, seg\u00fan los dichos de Andr\u00e9s Ibarra, Ministro de Modernizaci\u00f3n.<\/p>\n<p>FM Riachuelo 100.9 entrevisto a Pablo Torres, Delegado General de ATE (Asociaci\u00f3n de Trabajadores del Estado) quien estaba en el lugar acompa\u00f1ando a los trabajadores y nos dijo lo siguiente: \u201cNosotros no vamos a permitir que echen a ning\u00fan compa\u00f1ero, ni de los nuevos ni de los viejos\u201d. Tambi\u00e9n agreg\u00f3 que \u201c queremos que los compa\u00f1eros est\u00e9n todos adentro, ninguno afuera\u201d.<\/p>\n<p>Por otro lado, Francisco, trabajador del Ministerio de Educaci\u00f3n y de la agrupaci\u00f3n Tribuna Estatal, conto que \u201cvinimos a acompa\u00f1ar porque las autoridades ya han anunciado m\u00e1s de 200 despidos en lo que ser\u00e1 la punta de lanza para una fuerte ofensiva contra todos los trabajadores estatales\u201d. Adem\u00e1s dijo que \u201cesto es un complemento de todo el ataque que prepara el macrismo a nivel nacional contra el movimiento obrero, que consiste en las distintas reformas que vienen tratando en el Senado, como es la reforma laboral\u201d.<\/p>\n<p>Al cierre de la asamblea realizada en el hall central se decidi\u00f3 por unanimidad establecer una toma pac\u00edfica hasta que los atienda el Ministro,\u00a0 les de explicaciones y asegure que ning\u00fan trabajador quedar\u00e1 afuera.<\/p>\n","protected":false},"excerpt":{"rendered":"<p>[FM Riachuelo 06\/12\/2017] En el d\u00eda de hoy diversas organizaciones sociales y pol\u00edticas acompa\u00f1aron a los trabajadores del ENACOM (Ente Nacional de Comunicaciones) en su sede central, donde organizaron una asamblea para decidir un plan de lucha ante los nuevos despidos anunciados por el gobierno de Macri. A partir de las 11 hs, distintas organizaciones [&hellip;]<\/p>\n","protected":false},"author":5,"featured_media":6061,"comment_status":"open","ping_status":"open","sticky":false,"template":"","format":"standard","meta":{"_monsterinsights_skip_tracking":false,"_monsterinsights_sitenote_active":false,"_monsterinsights_sitenote_note":"","_monsterinsights_sitenote_category":0,"jnews-multi-image_gallery":[],"jnews_single_post":[],"jnews_primary_category":[],"_joinchat":[],"footnotes":""},"categories":[78,76,77,75],"tags":[],"class_list":["post-6060","post","type-post","status-publish","format-standard","has-post-thumbnail","hentry","category-economia-popular","category-salud-comunitaria","category-soberania","category-trabajo"],"_links":{"self":[{"href":"http:\/\/fmriachuelo.it10.com.ar\/index.php\/wp-json\/wp\/v2\/posts\/6060","targetHints":{"allow":["GET"]}}],"collection":[{"href":"http:\/\/fmriachuelo.it10.com.ar\/index.php\/wp-json\/wp\/v2\/posts"}],"about":[{"href":"http:\/\/fmriachuelo.it10.com.ar\/index.php\/wp-json\/wp\/v2\/types\/post"}],"author":[{"embeddable":true,"href":"http:\/\/fmriachuelo.it10.com.ar\/index.php\/wp-json\/wp\/v2\/users\/5"}],"replies":[{"embeddable":true,"href":"http:\/\/fmriachuelo.it10.com.ar\/index.php\/wp-json\/wp\/v2\/comments?post=6060"}],"version-history":[{"count":0,"href":"http:\/\/fmriachuelo.it10.com.ar\/index.php\/wp-json\/wp\/v2\/posts\/6060\/revisions"}],"wp:featuredmedia":[{"embeddable":true,"href":"http:\/\/fmriachuelo.it10.com.ar\/index.php\/wp-json\/wp\/v2\/media\/6061"}],"wp:attachment":[{"href":"http:\/\/fmriachuelo.it10.com.ar\/index.php\/wp-json\/wp\/v2\/media?parent=6060"}],"wp:term":[{"taxonomy":"category","embeddable":true,"href":"http:\/\/fmriachuelo.it10.com.ar\/index.php\/wp-json\/wp\/v2\/categories?post=6060"},{"taxonomy":"post_tag","embeddable":true,"href":"http:\/\/fmriachuelo.it10.com.ar\/index.php\/wp-json\/wp\/v2\/tags?post=6060"}],"curies":[{"name":"wp","href":"https:\/\/api.w.org\/{rel}","templated":true}]}}