{"id":6052,"date":"2017-12-04T20:20:49","date_gmt":"2017-12-04T20:20:49","guid":{"rendered":"http:\/\/fmriachuelo.com.ar\/?p=6052"},"modified":"2017-12-04T20:20:49","modified_gmt":"2017-12-04T20:20:49","slug":"los-intereses-inmobiliarios-en-la-caba-una-ciudad-para-pocos","status":"publish","type":"post","link":"http:\/\/fmriachuelo.it10.com.ar\/index.php\/2017\/12\/04\/los-intereses-inmobiliarios-en-la-caba-una-ciudad-para-pocos\/","title":{"rendered":"LOS INTERESES INMOBILIARIOS EN LA CABA: UNA CIUDAD PARA POCOS"},"content":{"rendered":"<p>[FM RIACHUELO 3\/12\/2017] Las medidas que la gesti\u00f3n del Pro ha tomado durante los \u00faltimos ocho a\u00f1os en materia habitacional, siempre han estado subordinadas a las ambiciones e intereses del mercado inmobiliario. Las pol\u00edticas ejecutadas han sido constantemente abordadas desde una perspectiva empresarial y mercantilista, dejando de lado los derechos de miles de vecinos que reclaman cotidianamente poder alcanzar el sue\u00f1o de una vivienda digna y propia. Mientras la crisis habitacional se profundiza, condenando a miles a abandonar sus barrios de origen a fuerza de desalojos violentos, se siguen destinando terrenos p\u00fablicos a la especulaci\u00f3n de unos pocos que lucran con lo que es de todos.<\/p>\n<p>El 28 de septiembre pasado, la Legislatura porte\u00f1a que cuenta con mayor\u00eda Pro, aprob\u00f3 una Ley para la \u201curbanizaci\u00f3n\u201d de varios terrenos que pertenecen al Estado Nacional, que pasar\u00e1n a manos de la Ciudad. Gracias a los convenios firmados entre el gobierno de CABA y la Agencia de Administraci\u00f3n de Bienes del Estado (AABE) se podr\u00e1n destinar los terrenos p\u00fablicos a manos privadas para la construcci\u00f3n de torres de hasta 75 metros de altura. Los lotes en cuesti\u00f3n son cinco y se encuentran distribuidos entre los barrios de Mataderos (Comuna 9), Retiro (Comuna 1), Palermo (Comuna 14), Villa Urquiza y Saavedra (Comuna 12).<\/p>\n<p>En el primer terreno funciona la sede de Vialidad Nacional junto a su Escuela T\u00e9cnica Vial,(peligrando los puestos de trabajo de 600 personas). \u00a0El predio est\u00e1 ubicado entre Av. Gral Paz y las calles Emilio Castro, Ercilla y Saladillo, y la estrategia es construir torres de 35 pisos con un mega estacionamiento subterr\u00e1neo.<\/p>\n<p><img loading=\"lazy\" decoding=\"async\" class=\"alignnone size-medium wp-image-6053\" src=\"http:\/\/fmriachuelo.com.ar\/wp-content\/uploads\/2017\/12\/primer-terreno-la-matanza-300x163.png\" alt=\"\" width=\"300\" height=\"163\" srcset=\"http:\/\/fmriachuelo.it10.com.ar\/wp-content\/uploads\/2017\/12\/primer-terreno-la-matanza-300x163.png 300w, http:\/\/fmriachuelo.it10.com.ar\/wp-content\/uploads\/2017\/12\/primer-terreno-la-matanza.png 655w\" sizes=\"auto, (max-width: 300px) 100vw, 300px\" \/><\/p>\n<p>Otro predio est\u00e1 ubicado en el barrio de Saavedra, \u00a0delimitado por las calles Holmberg, Pico y las v\u00edas del ferrocarril Mitre. Se trata de 1200 metros cuadrados de terreno donde se permitir\u00e1 edificar hasta 25 mil metros cuadrados.<\/p>\n<p><img loading=\"lazy\" decoding=\"async\" class=\"alignnone size-medium wp-image-6054\" src=\"http:\/\/fmriachuelo.com.ar\/wp-content\/uploads\/2017\/12\/segundo-terreno-Saavedra-300x134.png\" alt=\"\" width=\"300\" height=\"134\" srcset=\"http:\/\/fmriachuelo.it10.com.ar\/wp-content\/uploads\/2017\/12\/segundo-terreno-Saavedra-300x134.png 300w, http:\/\/fmriachuelo.it10.com.ar\/wp-content\/uploads\/2017\/12\/segundo-terreno-Saavedra.png 659w\" sizes=\"auto, (max-width: 300px) 100vw, 300px\" \/><\/p>\n<p>En Palermo, los terrenos delimitados por la Avenida Ortiz de Ocampo y las v\u00edas de los ferrocarriles San Mart\u00edn y Belgrano Norte cubren una superficie de 4000 metros cuadrados y se edificar\u00e1n hasta 35 mil metros cuadrados. La construcci\u00f3n se desarrolla sin previo aviso, llev\u00e1ndose puesto espacios comunitarios. Tal es el caso de Radio Asamblea, cuyo local de la Asamblea de Juan B. Justo y Corrientes y viviendas y comercios aleda\u00f1os no aparecen en los mapas del dise\u00f1o de la obra que presenta el gobierno de la ciudad.<\/p>\n<p><img loading=\"lazy\" decoding=\"async\" class=\"alignnone size-medium wp-image-6055\" src=\"http:\/\/fmriachuelo.com.ar\/wp-content\/uploads\/2017\/12\/tercer-terreno-Palermo-300x159.png\" alt=\"\" width=\"300\" height=\"159\" srcset=\"http:\/\/fmriachuelo.it10.com.ar\/wp-content\/uploads\/2017\/12\/tercer-terreno-Palermo-300x159.png 300w, http:\/\/fmriachuelo.it10.com.ar\/wp-content\/uploads\/2017\/12\/tercer-terreno-Palermo.png 598w\" sizes=\"auto, (max-width: 300px) 100vw, 300px\" \/><\/p>\n<p>En Villa Urquiza el inmueble afectado es el que se encuentra entre las calles Roosevelt, Triunvirato, Bucarelli y las v\u00edas del ferrocarril Mitre. Son alrededor de 8.000 metros cuadrados de planta y, hacia arriba, podr\u00e1 edificarse hasta 30.000 metros cuadrados.<\/p>\n<p><img loading=\"lazy\" decoding=\"async\" class=\"alignnone size-medium wp-image-6056\" src=\"http:\/\/fmriachuelo.com.ar\/wp-content\/uploads\/2017\/12\/cuarto-terreno-VillaUrquiza-300x145.png\" alt=\"\" width=\"300\" height=\"145\" srcset=\"http:\/\/fmriachuelo.it10.com.ar\/wp-content\/uploads\/2017\/12\/cuarto-terreno-VillaUrquiza-300x145.png 300w, http:\/\/fmriachuelo.it10.com.ar\/wp-content\/uploads\/2017\/12\/cuarto-terreno-VillaUrquiza.png 657w\" sizes=\"auto, (max-width: 300px) 100vw, 300px\" \/><\/p>\n<p>La \u00faltima superficie se encuentra entre las avenidas Del Libertador y Ramos Mej\u00eda, la calle Padre Mujica y el deslinde con la terminal de trenes, en Retiro -Comuna 1.<\/p>\n<p>Los argumentos para sostener estas ventas \u00a0son que las rezonificaciones dar\u00e1n mayor valor a los terrenos, dentro de un Plan Urbano Ambiental que integrar\u00e1 terrenos \u201cen desuso a la vida de los barrios y aumentar\u00e1 los espacios p\u00fablicos\u201d. Lo cierto es que como vimos, no se trata de terrenos en desuso, y tampoco los planes incluyen utilizar parte de los terrenos para espacios p\u00fablicos. De hecho, varios grupos de vecinos ya se organizaron para resistir estos proyectos que lejos de brindar soluciones intensifican una crisis con repercusiones en cada uno de los barrios porte\u00f1os. Puerto Madero es el ejemplo que mejor ilustra las consecuencias \u00a0de dejar en manos de las inmobiliarias el desarrollo habitacional: un barrio vac\u00edo, en cuyas torres de lujo no vive casi nadie (se estima que la ocupaci\u00f3n es menor al 50%). Mientras tanto, \u00a0en los barrios m\u00e1s vulnerables se padece el hacinamiento y la precariedad, incluso la incertidumbre del desalojo \u00a0inminente y la judicializaci\u00f3n de quienes no tienen otra alternativa que la de ocupar terrenos abandonados.<\/p>\n<p>Quienes se organizaron contra \u00e9sta embestida, (juntando firmas, realizando asambleas, radios abiertas, entre otras actividades) fueron los vecinos del barrio Na\u00f3n de Mataderos y los integrantes de Vecinos Autoconvocados de Villa Urquiza. Por supuesto, tambi\u00e9n fue fundamental la resistencia de los trabajadores de Vialidad Nacional, que emprendieron todo tipo de medidas y actividades para evitar que el terreno de Mataderos donde se encuentra la sede de dicho organismo sea rematado y rezonificado. En la audiencia p\u00fablica del 22 de noviembre m\u00e1s de 200 personas se presentaron para rechazar las ventas de los predios. En la misma los trabajadores lograron que el pol\u00edgono de tierra ubicado en La Matanza quedara fuera del \u201cPlan de Urbanizaci\u00f3n\u201d, con lo cual no podr\u00e1 ser vendido, y seguir\u00e1 funcionando la sede de Vialidad y la Escuela T\u00e9cnica all\u00ed ubicada.<\/p>\n<p>Otro ejemplo de organizaci\u00f3n y resistencia contra la expulsi\u00f3n de habitantes reside en el barrio de La Boca, donde el s\u00e1bado pasado vecinos, organizaciones sociales, pol\u00edticas, culturales y barriales y artistas realizaron una caravana art\u00edstica para impedir que el club Boca Juniors llevara adelante su plan de enrejamiento de los campitos de Casa Amarilla, uno de los pocos espacios verdes con los que todav\u00eda cuentan quienes viven en La Boca. Gracias a la movilizaci\u00f3n popular la justicia le orden\u00f3 al club no cerrar los terrenos con ning\u00fan tipo de vallado perimetral, en tanto no se resuelva acerca de la constitucionalidad y legalidad del proceso mediante el cual el gobierno de la ciudad vendi\u00f3 los terrenos al club.<\/p>\n<p>Por otra parte, la Legislatura sigue con su plan de privatizaci\u00f3n y el lunes aprob\u00f3 el convenio entre la Agencia de Administraci\u00f3n de Bienes del Estado y el Gobierno porte\u00f1o para levantar torres de 75 metros en un predio que cuenta con gran cantidad de arboles y los vecinos reclamaban para incorporarlo como espacio verde de recreaci\u00f3n abierto a la comunidad.<\/p>\n<p>Pese al rechazo de los vecinos de la construcci\u00f3n de las Torres Catalinas II, el gobierno, gracias a la Legislatura sigue arrebatando espacios verdes y p\u00fablicos para la sociedad en un barrio con una profunda crisis habitacional y emergencia ambiental. Las torres de lujo a las cuales no podr\u00e1n acceder ninguno de los vecinos que hoy habitan el barrio, constituir\u00e1n un nuevo logro del mercado inmobiliario, que hace ya m\u00e1s de ocho a\u00f1os, con la complicidad del gobierno de la ciudad, no para de anotarse victorias.<\/p>\n","protected":false},"excerpt":{"rendered":"<p>[FM RIACHUELO 3\/12\/2017] Las medidas que la gesti\u00f3n del Pro ha tomado durante los \u00faltimos ocho a\u00f1os en materia habitacional, siempre han estado subordinadas a las ambiciones e intereses del mercado inmobiliario. Las pol\u00edticas ejecutadas han sido constantemente abordadas desde una perspectiva empresarial y mercantilista, dejando de lado los derechos de miles de vecinos que [&hellip;]<\/p>\n","protected":false},"author":5,"featured_media":6058,"comment_status":"open","ping_status":"open","sticky":false,"template":"","format":"standard","meta":{"_monsterinsights_skip_tracking":false,"_monsterinsights_sitenote_active":false,"_monsterinsights_sitenote_note":"","_monsterinsights_sitenote_category":0,"jnews-multi-image_gallery":[],"jnews_single_post":[],"jnews_primary_category":[],"_joinchat":[],"footnotes":""},"categories":[78,79,76,74],"tags":[],"class_list":["post-6052","post","type-post","status-publish","format-standard","has-post-thumbnail","hentry","category-economia-popular","category-nadie-se-salva-solo","category-salud-comunitaria","category-san-cayetano"],"_links":{"self":[{"href":"http:\/\/fmriachuelo.it10.com.ar\/index.php\/wp-json\/wp\/v2\/posts\/6052","targetHints":{"allow":["GET"]}}],"collection":[{"href":"http:\/\/fmriachuelo.it10.com.ar\/index.php\/wp-json\/wp\/v2\/posts"}],"about":[{"href":"http:\/\/fmriachuelo.it10.com.ar\/index.php\/wp-json\/wp\/v2\/types\/post"}],"author":[{"embeddable":true,"href":"http:\/\/fmriachuelo.it10.com.ar\/index.php\/wp-json\/wp\/v2\/users\/5"}],"replies":[{"embeddable":true,"href":"http:\/\/fmriachuelo.it10.com.ar\/index.php\/wp-json\/wp\/v2\/comments?post=6052"}],"version-history":[{"count":0,"href":"http:\/\/fmriachuelo.it10.com.ar\/index.php\/wp-json\/wp\/v2\/posts\/6052\/revisions"}],"wp:featuredmedia":[{"embeddable":true,"href":"http:\/\/fmriachuelo.it10.com.ar\/index.php\/wp-json\/wp\/v2\/media\/6058"}],"wp:attachment":[{"href":"http:\/\/fmriachuelo.it10.com.ar\/index.php\/wp-json\/wp\/v2\/media?parent=6052"}],"wp:term":[{"taxonomy":"category","embeddable":true,"href":"http:\/\/fmriachuelo.it10.com.ar\/index.php\/wp-json\/wp\/v2\/categories?post=6052"},{"taxonomy":"post_tag","embeddable":true,"href":"http:\/\/fmriachuelo.it10.com.ar\/index.php\/wp-json\/wp\/v2\/tags?post=6052"}],"curies":[{"name":"wp","href":"https:\/\/api.w.org\/{rel}","templated":true}]}}