{"id":605,"date":"2015-04-04T22:59:00","date_gmt":"2015-04-04T22:59:00","guid":{"rendered":"http:\/\/fmriachuelo.observatorioess.org.ar\/index.php\/2015\/04\/04\/dos-cumbres-en-panama\/"},"modified":"2025-03-27T13:29:17","modified_gmt":"2025-03-27T16:29:17","slug":"dos-cumbres-en-panama","status":"publish","type":"post","link":"http:\/\/fmriachuelo.it10.com.ar\/index.php\/2015\/04\/04\/dos-cumbres-en-panama\/","title":{"rendered":"DOS CUMBRES EN PANAM\u00c1"},"content":{"rendered":"<p><span style=\"color: red;font-family: Verdana, sans-serif;font-size: large\"><strong>VII CUMBRE DE LAS AMERICAS Y CUMBRE DE LOS PUEBLOS<\/strong><\/span><br \/><span style=\"color: red;font-family: Verdana, sans-serif;font-size: large\"><\/p>\n<div style=\"clear: both;text-align: center\"><strong style=\"clear: left;float: left;margin-bottom: 1em;margin-right: 1em\"><img loading=\"lazy\" decoding=\"async\" border=\"0\" src=\"http:\/\/1.bp.blogspot.com\/-vovCMj1QYMw\/VSBrxKQg0jI\/AAAAAAAADkU\/xhjs2w1oRhU\/s1600\/OBAMA.jpg\" height=\"184\" width=\"320\" \/><\/strong><\/div>\n<p><\/span><span style=\"font-family: Verdana, sans-serif\"><span style=\"font-size: x-small\">[Dos cumbres, dos visiones, por Olmedo Beluche, Resumen Latinoamericano \/ La Prensa, 01 abr 2015]<\/span> -Entre el 9 y el 11 de abril pr\u00f3ximo se realizar\u00e1n en Panam\u00e1 dos cumbres importantes: la de las Am\u00e9ricas, que reunir\u00e1 a gobiernos y jefes de Estado, y la de los Pueblos, a sindicatos y movimientos sociales de nuestra Am\u00e9rica. Como sus nombres indican, la primera recoger\u00e1 las manifestaciones de buena voluntad de quienes gobiernan, si es que pueden ponerse de acuerdo; la segunda, las demandas sociales, econ\u00f3micas, de derechos humanos y democr\u00e1ticas de los pueblos del continente. La primera se realizar\u00e1 en el Centro de Convenciones Atlapa; la segunda, en el Paraninfo de la Universidad de Panam\u00e1. Dos cumbres, dos visiones distintas.<\/p>\n<p>La intenci\u00f3n de la Cumbre de los Pueblos es recibir las demandas de los sectores populares, a trav\u00e9s de sus organizaciones sindicales, sociales, etc., y proponer soluciones. La idea surgi\u00f3 porque en estos encuentros los jefes de Estado acostumbran a hacer compromisos, con supuestos planes sociales y pol\u00edticas \u201cdesarrollistas\u201d, pero que a la hora de la verdad no se cumplen.<br \/> Esto cambi\u00f3 un poquito con los nuevos gobiernos \u201cprogresistas\u201d de Latinoam\u00e9rica, pero no mucho. Por lo general, los jefes de Estado hacen compromisos con enfoque socioecon\u00f3mico neoliberal y una democracia acartonada. Los pueblos demandamos democracia participativa y programas de desarrollo social con participaci\u00f3n popular.<\/p>\n<p><strong>La Cumbre de los Pueblos es la contraparte a la de los jefes de Estado<\/strong><\/span><a name='more'><\/a><span style=\"font-family: Verdana, sans-serif\">, pues dice las cosas que muchas veces se omiten en la otra. Muchos gobiernos \u2013tal es el caso de Panam\u00e1\u2013 no cumplen los compromisos adquiridos ante la Organizaci\u00f3n de Naciones Unidas en materia de combate a la pobreza, llamados Objetivos del Milenio. Los gobiernos se concentran en cifras macroecon\u00f3micas, bajo la creencia falsa de car\u00e1cter neoliberal de que si los negocios van bien, a la sociedad le va bien. La prosperidad econ\u00f3mica no se est\u00e1 expresando como disminuci\u00f3n de las desigualdades sociales.<br \/> A la Cumbre de los Pueblos ya han confirmado y participan del comit\u00e9 organizador, las principales organizaciones sindicales paname\u00f1as (Conusi, CNTP, FAT, el sindicato de la Coca Cola y otras). Adem\u00e1s, se espera que asista una numerosa delegaci\u00f3n de pueblos originarios (especialmente ng\u00e4be bugl\u00e9s, que luchan contra el proyecto hidroel\u00e9ctrico Barro Blanco), organizaciones estudiantiles, sociales, ecologistas, etc.<br \/> Tambi\u00e9n se contar\u00e1 con la participaci\u00f3n de representaciones sindicales de todo el continente, sobre todo, de las afiliadas a la Federaci\u00f3n Sindical Mundial; una enorme delegaci\u00f3n del pueblo boliviano que acompa\u00f1ar\u00e1 al presidente Evo Morales; importantes representantes de Cuba, Venezuela, Centroam\u00e9rica, M\u00e9xico y Puerto Rico (que lucha por su reconocimiento como Estado independiente).<\/p>\n<p>El comit\u00e9 organizador de la Cumbre de los Pueblos, desde el principio dej\u00f3 claro que no pretende obstaculizar el desarrollo de los foros oficiales de la Cumbre de las Am\u00e9ricas. Es m\u00e1s, sugerimos que las organizaciones que quisieran se inscribieran en esa, sin que eso fuera ning\u00fan impedimento para participar de nuestro encuentro. Sin embargo, sus criterios de admisi\u00f3n no son transparentes.<\/p>\n<p>Al parecer, el Foro de la Sociedad Civil, organizado oficialmente y auspiciado por la Canciller\u00eda paname\u00f1a, es instrumentalizado por la pol\u00edtica exterior estadounidense. Una comisi\u00f3n misteriosa se reserva el derecho de admisi\u00f3n, sin que est\u00e9n claros los criterios. Adem\u00e1s, el embajador de Estados Unidos en Panam\u00e1 anunci\u00f3 que traer\u00e1n una enorme delegaci\u00f3n de m\u00e1s de mil personas, algo desproporcionado. Y se comenta que esta cobijar\u00e1 a sectores de la oposici\u00f3n venezolana y cubana. Por ese motivo nos atrevemos a advertir que estamos ante una segura manipulaci\u00f3n de los foros de la Cumbre de las Am\u00e9ricas. \u2013<br \/>&nbsp;___________________________________________________________________________________________<\/p>\n<p>Evo Morales se reunir\u00e1 con ind\u00edgenas y sindicalistas en Panam\u00e1 en la antesala de la Cumbre de las Am\u00e9ricas<\/p>\n<p>El Mandatario visitar\u00e1 tambi\u00e9n, fuera del programa de la Cumbre de los Pueblos y de la Cumbre de las Am\u00e9ricas, una escuela que lleva el nombre de Bolivia en la provincia de Col\u00f3n, en la costa caribe\u00f1a de Panam\u00e1.<\/p>\n<p>01 de abril de 2015<\/p>\n<p>El presidente Evo Morales dar\u00e1 una conferencia magistral y jugar\u00e1 f\u00fatbol con ind\u00edgenas y sindicalistas en el marco de la Cumbre de los Pueblos, confirmaron este mi\u00e9rcoles los organizadores de esa cita \u201calternativa\u201d a la VII Cumbre de las Am\u00e9ricas.<\/p>\n<p>Morales sostendr\u00e1 el pr\u00f3ximo viernes 10 de abril a las 10.00 hora local (15.00 GMT) un encuentro con un grupo de ind\u00edgenas en la Facultad de Econom\u00eda de la estatal Universidad de Panam\u00e1, tras lo cual ofrecer\u00e1 una \u201cconferencia magistral\u201d en el Paraninfo de esa casa de estudios.<\/p>\n<p>Est\u00e1 previsto que el mandatario boliviano juegue un partido de f\u00fatbol alrededor del mediod\u00eda del viernes 10 de abril junto con ind\u00edgenas y sindicalistas.<\/p>\n<p>As\u00ed lo dijo en una rueda de prensa este mi\u00e9rcoles el catedr\u00e1tico Olmedo Beluche, uno de los organizadores de la cita \u201calternativa\u201d a la VII Cumbre de las Am\u00e9ricas.<\/p>\n<p>A\u00f1adi\u00f3 que el gobernante boliviano visitar\u00e1 tambi\u00e9n, fuera del programa de la Cumbre de los Pueblos y de la Cumbre de las Am\u00e9ricas, una escuela que lleva el nombre de Bolivia en la provincia de Col\u00f3n, en la costa caribe\u00f1a de Panam\u00e1.<\/p>\n<p>En el Paraninfo de la Universidad de Panam\u00e1 se celebrar\u00e1 del 9 al 11 de abril la Cumbre los Pueblos, bajo el lema Am\u00e9rica Latina una patria para todos, en paz, solidaria y con justicia social.<\/p>\n<p>\u201cEs fundamental la presencia de Evo Morales en esta cumbre\u201d de los pueblos, afirm\u00f3 este mi\u00e9rcoles el catedr\u00e1tico paname\u00f1o Olmedo Beluche, uno de los organizadores de la cita \u201calternativa\u201d a la VII Cumbre de las Am\u00e9ricas.<\/p>\n<p>A la cita tambi\u00e9n fueron invitados los presidentes del Alianza Bolivariana para los pueblos de Am\u00e9rica (Alba), as\u00ed como las mandatarias de Brasil, Dilma Rousseff, y Argentina, Cristina Fern\u00e1ndez, pero hasta ahora solo ha confirmado Evo Morales, dijeron los organizadores.<\/p>\n<p>Los movimientos sindicales, organizaciones campesinas, ind\u00edgenas, feministas y ecologistas de todo el continente convocaron esta reuni\u00f3n \u201cparalela\u201d para \u201clevantar la voz de los pueblos y se\u00f1alar los problemas que la otra cumbre no aborda\u201d, dijo Beluche.<\/p>\n<p>\u201cNos manifestaremos en contra del bloqueo econ\u00f3mico contra Cuba y rechazaremos el decreto de Barack Obama contra Venezuela, que es el preludio de una agresi\u00f3n militar contra ese pueblo hermano\u201d, afirm\u00f3 el profesor paname\u00f1o.<\/p>\n<p>En la Cumbre de los Pueblos tambi\u00e9n se debatir\u00e1 sobre \u201cla libertad sindical, la seguridad social, las pensiones, las migraciones, la situaci\u00f3n de los pueblos originarios, el derecho de Bolivia a una salida al mar y el reclamo independentista de Puerto Rico\u201d, a\u00f1adi\u00f3 Beluche.<\/p>\n<p>La cita se inaugurar\u00e1 el 9 de abril pr\u00f3ximo con una marcha por las calles de la capital paname\u00f1a y un concierto gratuito del cantautor cubano Silvio Rodr\u00edguez en el Paraninfo de la Universidad de Panam\u00e1 a las 16.00 hora local (21.00 GMT).<\/p>\n<p>Sus organizadores, que recalc<br \/>\naron el \u201ccar\u00e1cter antiimperialista\u201d de la misma, estiman que entre 2.500 y 3.000 personas de todo el continente participar\u00e1n en la cumbre \u201calternativa\u201d.<\/span><br \/><span style=\"color: blue;font-family: Verdana, sans-serif\">Fuente: Resumen Latinoamericano, Producci\u00f3n Riachuelo<\/span><\/p>\n<div style=\"clear: both;text-align: center\"><a href=\"http:\/\/1.bp.blogspot.com\/-ta0hCAhhYWY\/VSBssFeD4uI\/AAAAAAAADkg\/mA_cIs6JX7w\/s1600\/COOP%2BRIACHIUELO%2BPRODUCCIONES.jpg\" style=\"clear: left;float: left;margin-bottom: 1em;margin-right: 1em\"><img loading=\"lazy\" decoding=\"async\" border=\"0\" src=\"http:\/\/1.bp.blogspot.com\/-ta0hCAhhYWY\/VSBssFeD4uI\/AAAAAAAADkg\/mA_cIs6JX7w\/s1600\/COOP%2BRIACHIUELO%2BPRODUCCIONES.jpg\" height=\"58\" width=\"200\" \/><\/a><\/div>\n","protected":false},"excerpt":{"rendered":"<p>VII CUMBRE DE LAS AMERICAS Y CUMBRE DE LOS PUEBLOS [Dos cumbres, dos visiones, por Olmedo Beluche, Resumen Latinoamericano \/ La Prensa, 01 abr 2015] -Entre el 9 y el 11 de abril pr\u00f3ximo se realizar\u00e1n en Panam\u00e1 dos cumbres importantes: la de las Am\u00e9ricas, que reunir\u00e1 a gobiernos y jefes de Estado, y la [&hellip;]<\/p>\n","protected":false},"author":4,"featured_media":0,"comment_status":"open","ping_status":"open","sticky":false,"template":"","format":"standard","meta":{"_monsterinsights_skip_tracking":false,"_monsterinsights_sitenote_active":false,"_monsterinsights_sitenote_note":"","_monsterinsights_sitenote_category":0,"jnews-multi-image_gallery":[],"jnews_single_post":{"format":"standard"},"jnews_primary_category":[],"_joinchat":[],"footnotes":""},"categories":[58],"tags":[70,167],"class_list":["post-605","post","type-post","status-publish","format-standard","hentry","category-noticiariachuelo","tag-de-la-patria-grande","tag-politica-internacional"],"_links":{"self":[{"href":"http:\/\/fmriachuelo.it10.com.ar\/index.php\/wp-json\/wp\/v2\/posts\/605","targetHints":{"allow":["GET"]}}],"collection":[{"href":"http:\/\/fmriachuelo.it10.com.ar\/index.php\/wp-json\/wp\/v2\/posts"}],"about":[{"href":"http:\/\/fmriachuelo.it10.com.ar\/index.php\/wp-json\/wp\/v2\/types\/post"}],"author":[{"embeddable":true,"href":"http:\/\/fmriachuelo.it10.com.ar\/index.php\/wp-json\/wp\/v2\/users\/4"}],"replies":[{"embeddable":true,"href":"http:\/\/fmriachuelo.it10.com.ar\/index.php\/wp-json\/wp\/v2\/comments?post=605"}],"version-history":[{"count":1,"href":"http:\/\/fmriachuelo.it10.com.ar\/index.php\/wp-json\/wp\/v2\/posts\/605\/revisions"}],"predecessor-version":[{"id":22963,"href":"http:\/\/fmriachuelo.it10.com.ar\/index.php\/wp-json\/wp\/v2\/posts\/605\/revisions\/22963"}],"wp:attachment":[{"href":"http:\/\/fmriachuelo.it10.com.ar\/index.php\/wp-json\/wp\/v2\/media?parent=605"}],"wp:term":[{"taxonomy":"category","embeddable":true,"href":"http:\/\/fmriachuelo.it10.com.ar\/index.php\/wp-json\/wp\/v2\/categories?post=605"},{"taxonomy":"post_tag","embeddable":true,"href":"http:\/\/fmriachuelo.it10.com.ar\/index.php\/wp-json\/wp\/v2\/tags?post=605"}],"curies":[{"name":"wp","href":"https:\/\/api.w.org\/{rel}","templated":true}]}}