{"id":6048,"date":"2017-12-02T22:23:40","date_gmt":"2017-12-02T22:23:40","guid":{"rendered":"http:\/\/fmriachuelo.com.ar\/?p=6048"},"modified":"2017-12-02T22:23:40","modified_gmt":"2017-12-02T22:23:40","slug":"jornada-de-la-ctep-debatir-la-riqueza-para-resolver-la-pobreza","status":"publish","type":"post","link":"http:\/\/fmriachuelo.it10.com.ar\/index.php\/2017\/12\/02\/jornada-de-la-ctep-debatir-la-riqueza-para-resolver-la-pobreza\/","title":{"rendered":"JORNADA DE LA CTEP:  \u00abDEBATIR LA RIQUEZA PARA RESOLVER LA POBREZA\u00bb"},"content":{"rendered":"<p>[FM Riachuelo 2\/12\/2017] La Confederaci\u00f3n de Trabajadores de la Econom\u00eda Popular realiz\u00f3 una jornada de reflexi\u00f3n y debate en\u00a0 el Parque de los Patricios CABA\u00a0 ( Avenida Caseros y Monteagudo). Del encuentro participaron diferentes organizaciones sociales nucleadas en la CTEP. El objetivo\u00a0 fue debatir acerca de la pobreza que generan las pol\u00edticas implementadas por el gobierno de Mauricio Macri y plantear un programa para construir otro modelo de pa\u00eds.<\/p>\n<p><iframe loading=\"lazy\" title=\"02-12-2017 JORNADA DE LA CTEP PARA DEBATIR LA RIQUEZA Y RESOLVER LA POBREZA by FMR\" width=\"500\" height=\"450\" scrolling=\"no\" frameborder=\"no\" src=\"https:\/\/w.soundcloud.com\/player\/?visual=true&#038;url=https%3A%2F%2Fapi.soundcloud.com%2Fplaylists%2F388867292&#038;show_artwork=true&#038;maxheight=750&#038;maxwidth=500\"><\/iframe><\/p>\n<p>Desde las primeras horas de la ma\u00f1ana se instalaron en el parque diferentes carpas en donde posteriormente se desarroll\u00f3 la jornada. La presentaci\u00f3n estuvo a cargo de Esteban \u201cGringo\u201d Castro Secretario General de la CTEP, Jacqueline Flores referente del \u00a0MTE (Movimiento de Trabajadores Excluidos) y Christian Romo (CTEP).<\/p>\n<p>El debate p\u00fablico y abierto se dividi\u00f3 en dos etapas, una por la ma\u00f1ana en donde se debatieron ejes como: Trabajo y Sindicalismo; Deuda y Finanza; Derecho a la Ciudad y Feminizaci\u00f3n de la Pobreza. Luego en la segunda etapa se habl\u00f3 sobre la\u00a0 Criminalizaci\u00f3n de la Pobreza, la Justicia y Pol\u00edticas P\u00fablicas, Pobreza y Desigualdad en Am\u00e9rica Latina y sobre el Modelo Productivo, Generador de Pobreza.<\/p>\n<p>Rafael klejzer Secretario General de la CTEP Capital dialog\u00f3 con FM Riachuelo 100.9 y explic\u00f3 que \u201cla jornada denominada \u201cDiscutir\u00a0 la Riqueza\u00a0 para Resolver la Pobreza \u201d tiene una orientaci\u00f3n a la inversa de lo que nos quieren hacer pensar. En general siempre hablamos de los pobres y nunca hablamos de los ricos \u00a0que son los principales responsables de la h\u00edper explotaci\u00f3n y la pobreza. \u00a0Frente al avance del capital contra el trabajo es importante tomarnos cinco minutos para pensar cuales son los dispositivos que tenemos los sectores populares para luchar contra eso\u201d.<\/p>\n<p>Esteban \u201cGringo\u201d Castro durante la apertura de la jornada aseguro que es importante discutir la riqueza para poder resolver la pobreza \u201cnos estamos enfrentando a grandes grupos econ\u00f3micos que adem\u00e1s tienen en su seno la estrategia comunicacional. \u00a0Nosotros debemos desarrollar nuestra propia estrategia de comunicaci\u00f3n\u00a0 y uno de esos medios es el debate p\u00fablico en una plaza para analizar con que nos estamos enfrentando\u201d.<\/p>\n<p>Tambi\u00e9n estuvo presente Lito Borello \u00a0Secretario General de DDHH de la CTEP durante el debate dijo \u00a0\u201choy est\u00e1 roto el Estado de Derecho, porque si tienen que comprar jueces, gendarmes, pol\u00edticos lo compran. Estamos en un nivel donde la casta pol\u00edtica est\u00e1 cuidando sus propios beneficios.\u201d Adem\u00e1s \u00a0\u00a0llamo a construir un programa que una a todo el pueblo y a \u00a0proponer \u00a0la alternativa de otro pa\u00eds, \u00a0de otra regi\u00f3n y de otro mundo posible.<\/p>\n<p>&nbsp;<\/p>\n<p>&nbsp;<\/p>\n","protected":false},"excerpt":{"rendered":"<p>[FM Riachuelo 2\/12\/2017] La Confederaci\u00f3n de Trabajadores de la Econom\u00eda Popular realiz\u00f3 una jornada de reflexi\u00f3n y debate en\u00a0 el Parque de los Patricios CABA\u00a0 ( Avenida Caseros y Monteagudo). Del encuentro participaron diferentes organizaciones sociales nucleadas en la CTEP. El objetivo\u00a0 fue debatir acerca de la pobreza que generan las pol\u00edticas implementadas por el [&hellip;]<\/p>\n","protected":false},"author":5,"featured_media":6049,"comment_status":"open","ping_status":"open","sticky":false,"template":"","format":"standard","meta":{"_monsterinsights_skip_tracking":false,"_monsterinsights_sitenote_active":false,"_monsterinsights_sitenote_note":"","_monsterinsights_sitenote_category":0,"jnews-multi-image_gallery":[],"jnews_single_post":[],"jnews_primary_category":[],"_joinchat":[],"footnotes":""},"categories":[79,76,74],"tags":[],"class_list":["post-6048","post","type-post","status-publish","format-standard","has-post-thumbnail","hentry","category-nadie-se-salva-solo","category-salud-comunitaria","category-san-cayetano"],"_links":{"self":[{"href":"http:\/\/fmriachuelo.it10.com.ar\/index.php\/wp-json\/wp\/v2\/posts\/6048","targetHints":{"allow":["GET"]}}],"collection":[{"href":"http:\/\/fmriachuelo.it10.com.ar\/index.php\/wp-json\/wp\/v2\/posts"}],"about":[{"href":"http:\/\/fmriachuelo.it10.com.ar\/index.php\/wp-json\/wp\/v2\/types\/post"}],"author":[{"embeddable":true,"href":"http:\/\/fmriachuelo.it10.com.ar\/index.php\/wp-json\/wp\/v2\/users\/5"}],"replies":[{"embeddable":true,"href":"http:\/\/fmriachuelo.it10.com.ar\/index.php\/wp-json\/wp\/v2\/comments?post=6048"}],"version-history":[{"count":0,"href":"http:\/\/fmriachuelo.it10.com.ar\/index.php\/wp-json\/wp\/v2\/posts\/6048\/revisions"}],"wp:featuredmedia":[{"embeddable":true,"href":"http:\/\/fmriachuelo.it10.com.ar\/index.php\/wp-json\/wp\/v2\/media\/6049"}],"wp:attachment":[{"href":"http:\/\/fmriachuelo.it10.com.ar\/index.php\/wp-json\/wp\/v2\/media?parent=6048"}],"wp:term":[{"taxonomy":"category","embeddable":true,"href":"http:\/\/fmriachuelo.it10.com.ar\/index.php\/wp-json\/wp\/v2\/categories?post=6048"},{"taxonomy":"post_tag","embeddable":true,"href":"http:\/\/fmriachuelo.it10.com.ar\/index.php\/wp-json\/wp\/v2\/tags?post=6048"}],"curies":[{"name":"wp","href":"https:\/\/api.w.org\/{rel}","templated":true}]}}