{"id":6044,"date":"2017-11-30T14:23:38","date_gmt":"2017-11-30T14:23:38","guid":{"rendered":"http:\/\/fmriachuelo.com.ar\/?p=6044"},"modified":"2017-11-30T14:23:38","modified_gmt":"2017-11-30T14:23:38","slug":"sentencia-por-los-crimenes-cometidos-en-la-esma-tercer-juicio-oral","status":"publish","type":"post","link":"http:\/\/fmriachuelo.it10.com.ar\/index.php\/2017\/11\/30\/sentencia-por-los-crimenes-cometidos-en-la-esma-tercer-juicio-oral\/","title":{"rendered":"SENTENCIA POR LOS CR\u00cdMENES COMETIDOS EN LA ESMA: TERCER JUICIO ORAL."},"content":{"rendered":"<p>[FM Riachuelo 30\/11\/2017] En el d\u00eda de ayer se realiz\u00f3 en los Tribunales de Comodoro Py el dictamen de sentencia correspondiente al tercer juicio oral de los cr\u00edmenes cometidos en el centro clandestino de la ESMA. El \u00a0juicio\u00a0 comenz\u00f3 hace cinco a\u00f1os en donde declararon entre 400 testigos sobrevivientes. El Tribunal Oral Federal N\u00ba 5, integrado por los jueces Adriana Pallioti, Leopoldo Bruglia y Daniel Obligado, dio a conocer la sentencia en el tercer juicio oral por los cr\u00edmenes cometidos durante la \u00faltima dictadura militar en la Escuela de Mec\u00e1nica de la Armada.<\/p>\n<p>Estuvieron presentes\u00a0 diversos representantes de organismos de Derechos humanos, Organizaciones Sociales y Pol\u00edticas,\u00a0 referentes como Nora Corti\u00f1as y\u00a0 Pablo Puebla de la OLP Sim\u00f3n Bol\u00edvar y Mesa gremial 19 y 20 se expresaron al t\u00e9rmino del juicio.<\/p>\n<p>Escucha los audios<br \/>\n<iframe loading=\"lazy\" title=\"29 - 11 - 2017-  PABLO PUEBLA- OLP SIM\u00d3N BOLIVAR- MG- 19 - 20  CTEP by FMR\" width=\"500\" height=\"400\" scrolling=\"no\" frameborder=\"no\" src=\"https:\/\/w.soundcloud.com\/player\/?visual=true&#038;url=https%3A%2F%2Fapi.soundcloud.com%2Ftracks%2F362729378&#038;show_artwork=true&#038;maxheight=750&#038;maxwidth=500\"><\/iframe><\/p>\n<p>FM Riachuelo 100.9 dialog\u00f3 con Pablo Puebla que nos dijo: \u201cdespu\u00e9s de mucho tiempo nos damos cuenta que los civiles son los que condujeron la dictadura en Argentina\u00a0 para implementar un modelo econ\u00f3mico a sangre y fuego\u201d.<\/p>\n<p>Por otro lado,\u00a0 aseguro \u201cFueron muchos los compa\u00f1eros que dieron su vida para recuperar la democracia, por eso tenemos que tomar como ejemplo esa lucha y pensar que lo que este gobierno de Macri est\u00e1 llevando adelante no es para siempre y no quedar\u00e1 impune\u201d.<\/p>\n<p>Esta lucha es una lucha contra la impunidad que vamos a seguir. Contra la impunidad de ayer y la de hoy, reivindicando el pedido de justicia por Santiago Maldonado y Rafael Nahuel<\/p>\n","protected":false},"excerpt":{"rendered":"<p>[FM Riachuelo 30\/11\/2017] En el d\u00eda de ayer se realiz\u00f3 en los Tribunales de Comodoro Py el dictamen de sentencia correspondiente al tercer juicio oral de los cr\u00edmenes cometidos en el centro clandestino de la ESMA. El \u00a0juicio\u00a0 comenz\u00f3 hace cinco a\u00f1os en donde declararon entre 400 testigos sobrevivientes. El Tribunal Oral Federal N\u00ba 5, [&hellip;]<\/p>\n","protected":false},"author":5,"featured_media":6045,"comment_status":"open","ping_status":"open","sticky":false,"template":"","format":"standard","meta":{"_monsterinsights_skip_tracking":false,"_monsterinsights_sitenote_active":false,"_monsterinsights_sitenote_note":"","_monsterinsights_sitenote_category":0,"jnews-multi-image_gallery":[],"jnews_single_post":[],"jnews_primary_category":[],"_joinchat":[],"footnotes":""},"categories":[80,79,76],"tags":[],"class_list":["post-6044","post","type-post","status-publish","format-standard","has-post-thumbnail","hentry","category-educacion","category-nadie-se-salva-solo","category-salud-comunitaria"],"_links":{"self":[{"href":"http:\/\/fmriachuelo.it10.com.ar\/index.php\/wp-json\/wp\/v2\/posts\/6044","targetHints":{"allow":["GET"]}}],"collection":[{"href":"http:\/\/fmriachuelo.it10.com.ar\/index.php\/wp-json\/wp\/v2\/posts"}],"about":[{"href":"http:\/\/fmriachuelo.it10.com.ar\/index.php\/wp-json\/wp\/v2\/types\/post"}],"author":[{"embeddable":true,"href":"http:\/\/fmriachuelo.it10.com.ar\/index.php\/wp-json\/wp\/v2\/users\/5"}],"replies":[{"embeddable":true,"href":"http:\/\/fmriachuelo.it10.com.ar\/index.php\/wp-json\/wp\/v2\/comments?post=6044"}],"version-history":[{"count":0,"href":"http:\/\/fmriachuelo.it10.com.ar\/index.php\/wp-json\/wp\/v2\/posts\/6044\/revisions"}],"wp:featuredmedia":[{"embeddable":true,"href":"http:\/\/fmriachuelo.it10.com.ar\/index.php\/wp-json\/wp\/v2\/media\/6045"}],"wp:attachment":[{"href":"http:\/\/fmriachuelo.it10.com.ar\/index.php\/wp-json\/wp\/v2\/media?parent=6044"}],"wp:term":[{"taxonomy":"category","embeddable":true,"href":"http:\/\/fmriachuelo.it10.com.ar\/index.php\/wp-json\/wp\/v2\/categories?post=6044"},{"taxonomy":"post_tag","embeddable":true,"href":"http:\/\/fmriachuelo.it10.com.ar\/index.php\/wp-json\/wp\/v2\/tags?post=6044"}],"curies":[{"name":"wp","href":"https:\/\/api.w.org\/{rel}","templated":true}]}}