{"id":6040,"date":"2017-11-30T13:27:26","date_gmt":"2017-11-30T13:27:26","guid":{"rendered":"http:\/\/fmriachuelo.com.ar\/?p=6040"},"modified":"2017-11-30T13:27:26","modified_gmt":"2017-11-30T13:27:26","slug":"marcha-al-congreso-sin-techo-tierra-y-trabajo-la-reforma-es-contra-los-de-abajo","status":"publish","type":"post","link":"http:\/\/fmriachuelo.it10.com.ar\/index.php\/2017\/11\/30\/marcha-al-congreso-sin-techo-tierra-y-trabajo-la-reforma-es-contra-los-de-abajo\/","title":{"rendered":"MARCHA AL CONGRESO: SIN TECHO TIERRA Y TRABAJO LA REFORMA ES CONTRA LOS DE ABAJO."},"content":{"rendered":"<p>[FM Riachuelo, 30\/11\/2017] Ayer \u00a0la CTEP moviliz\u00f3 al Congreso Nacional a las 13 horas junto a numerosas organizaciones sociales y sindicales en rechazo de las reformas laboral, fiscal y previsional, en reclamo del bono para jubilados y beneficiarios de la AUH y para ponerle un freno a la represi\u00f3n.<\/p>\n<p>El acto convocado por sectores gremiales opositores dur\u00f3 poco m\u00e1s de media hora. Fueron cuatro los oradores: Hugo Yasky y Pablo Micheli, por las dos CTA, Pablo Moyano (Camioneros) y Sergio Palazzo (Corrientes Federal), \u00a0tambi\u00e9n participaron los gremios docentes \u00a0Ademys (Asociaci\u00f3n de Ense\u00f1anza Media y Superior) \u00a0y Ctera (Confederaci\u00f3n de Trabajadores de la educaci\u00f3n) y ATE (Asociaci\u00f3n trabajadores del Estado), entre otros. \u00a0La Organizaci\u00f3n Social Y Pol\u00edtica los Pibes, la Mesa 19 y 20 \u00a0junto a \u00a0referentes de CCC (corriente Clasista y Combativa), \u00a0de Barrios de Pie, del MTR \u00a0(Mov. Teresa Rodr\u00edguez) \u00a012 de abril se hicieron presentes acompa\u00f1ando los reclamos.<\/p>\n<p>Escucha los audios<br \/>\n<iframe loading=\"lazy\" title=\"29-11-2017 - SIN TIERRA TECHO Y TRABAJO LA REFORMA ES CONTRA LOS DE ABAJO by FMR\" width=\"500\" height=\"450\" scrolling=\"no\" frameborder=\"no\" src=\"https:\/\/w.soundcloud.com\/player\/?visual=true&#038;url=https%3A%2F%2Fapi.soundcloud.com%2Fplaylists%2F386517704&#038;show_artwork=true&#038;maxheight=750&#038;maxwidth=500\"><\/iframe><\/p>\n<p>Los discursos implicaron duras cr\u00edticas hacia la pol\u00edtica de contra reformas del gobierno, Esteban Gringo Castro, Secretario General de la CTEP, manifest\u00f3: \u201cContinuamos en nuestro plan de lucha por la inclusi\u00f3n de los trabajadores y trabajadoras de la econom\u00eda popular frente a cualquier intento de flexibilizaci\u00f3n y precarizaci\u00f3n laboral. Tambi\u00e9n reclamamos los bonos a jubilados y ni\u00f1os para que las familias que m\u00e1s sufren estos momentos dif\u00edciles puedan llevar algo m\u00e1s a la mesa, y no dejaremos de estar en la calle contra la represi\u00f3n que se acaba de llevar a otro compa\u00f1ero\u201d.<\/p>\n<p>Este plan continuar\u00e1 el 6 de diciembre en la marcha convocada por ATE, y con una gran movilizaci\u00f3n de trabajadores y trabajadoras de la Econom\u00eda Popular el 13 de diciembre o cuando se trate el proyecto de Reforma laboral y previsional que se traduce en la transferencia de recursos al sector concentrado y m\u00e1s ajuste sobre el pueblo. En esa actividad tambi\u00e9n se plantear\u00e1 la necesidad de una Ley integral para este sector de la Econom\u00eda Popular.<\/p>\n<p>Las organizaciones del campo popular movilizados demostraron que est\u00e1n dispuestos a enfrentar el ataque que plantean el gobierno \u00a0neoliberal y las grandes patronales.<\/p>\n","protected":false},"excerpt":{"rendered":"<p>[FM Riachuelo, 30\/11\/2017] Ayer \u00a0la CTEP moviliz\u00f3 al Congreso Nacional a las 13 horas junto a numerosas organizaciones sociales y sindicales en rechazo de las reformas laboral, fiscal y previsional, en reclamo del bono para jubilados y beneficiarios de la AUH y para ponerle un freno a la represi\u00f3n. El acto convocado por sectores gremiales [&hellip;]<\/p>\n","protected":false},"author":5,"featured_media":6041,"comment_status":"open","ping_status":"open","sticky":false,"template":"","format":"standard","meta":{"_monsterinsights_skip_tracking":false,"_monsterinsights_sitenote_active":false,"_monsterinsights_sitenote_note":"","_monsterinsights_sitenote_category":0,"jnews-multi-image_gallery":[],"jnews_single_post":[],"jnews_primary_category":[],"_joinchat":[],"footnotes":""},"categories":[79,76,74,75],"tags":[],"class_list":["post-6040","post","type-post","status-publish","format-standard","has-post-thumbnail","hentry","category-nadie-se-salva-solo","category-salud-comunitaria","category-san-cayetano","category-trabajo"],"_links":{"self":[{"href":"http:\/\/fmriachuelo.it10.com.ar\/index.php\/wp-json\/wp\/v2\/posts\/6040","targetHints":{"allow":["GET"]}}],"collection":[{"href":"http:\/\/fmriachuelo.it10.com.ar\/index.php\/wp-json\/wp\/v2\/posts"}],"about":[{"href":"http:\/\/fmriachuelo.it10.com.ar\/index.php\/wp-json\/wp\/v2\/types\/post"}],"author":[{"embeddable":true,"href":"http:\/\/fmriachuelo.it10.com.ar\/index.php\/wp-json\/wp\/v2\/users\/5"}],"replies":[{"embeddable":true,"href":"http:\/\/fmriachuelo.it10.com.ar\/index.php\/wp-json\/wp\/v2\/comments?post=6040"}],"version-history":[{"count":0,"href":"http:\/\/fmriachuelo.it10.com.ar\/index.php\/wp-json\/wp\/v2\/posts\/6040\/revisions"}],"wp:featuredmedia":[{"embeddable":true,"href":"http:\/\/fmriachuelo.it10.com.ar\/index.php\/wp-json\/wp\/v2\/media\/6041"}],"wp:attachment":[{"href":"http:\/\/fmriachuelo.it10.com.ar\/index.php\/wp-json\/wp\/v2\/media?parent=6040"}],"wp:term":[{"taxonomy":"category","embeddable":true,"href":"http:\/\/fmriachuelo.it10.com.ar\/index.php\/wp-json\/wp\/v2\/categories?post=6040"},{"taxonomy":"post_tag","embeddable":true,"href":"http:\/\/fmriachuelo.it10.com.ar\/index.php\/wp-json\/wp\/v2\/tags?post=6040"}],"curies":[{"name":"wp","href":"https:\/\/api.w.org\/{rel}","templated":true}]}}