{"id":6034,"date":"2017-11-29T14:18:16","date_gmt":"2017-11-29T14:18:16","guid":{"rendered":"http:\/\/fmriachuelo.com.ar\/?p=6034"},"modified":"2017-11-29T14:18:16","modified_gmt":"2017-11-29T14:18:16","slug":"pintada-de-murales-en-casa-cultural-el-patio-de-la-boca","status":"publish","type":"post","link":"http:\/\/fmriachuelo.it10.com.ar\/index.php\/2017\/11\/29\/pintada-de-murales-en-casa-cultural-el-patio-de-la-boca\/","title":{"rendered":"PINTADA DE MURALES EN CASA CULTURAL \u00abEL PATIO\u00bb DE LA BOCA"},"content":{"rendered":"<p>[FM Riachuelo 29\/11\/2017] Ayer por la tarde en la Casa Cultural \u201cEl Patio\u201d se realizaron pintadas de murales junto a los vecinos que se acercaron a participar, articulando con las distintas trabajadoras sociales, para hacer un mapeo de la Boca y sus alrededores.<\/p>\n<p><iframe loading=\"lazy\" title=\"MURALES EN EL CENTRO CULTURAL  EL PATIO by FMR\" width=\"500\" height=\"450\" scrolling=\"no\" frameborder=\"no\" src=\"https:\/\/w.soundcloud.com\/player\/?visual=true&#038;url=https%3A%2F%2Fapi.soundcloud.com%2Fplaylists%2F385812947&#038;show_artwork=true&#038;maxheight=750&#038;maxwidth=500\"><\/iframe><\/p>\n<p>Los murales tiene como fin que los vecinos y vecinas del barrio puedan identificar los diversos espacios que abarcan distintas actividades: Salud, cultura, ayuda social, apoyo escolar, y todas las \u00e1reas que se puedan manifestar como necesarias para el territorio.<\/p>\n<p>FM Riachuelo estuvo presente en vivo con Rompe el Cerco Informativo entrevistando a los integrantes de los variados colectivos que participaron, entre ellos, Melisa del Centro Cultural N\u00f3made que comento lo siguiente: \u201cEstamos trazando las primeras l\u00edneas que incorporan no solo al barrio de La Boca, sino tambi\u00e9n una parte de Barracas, una parte de Constituci\u00f3n cercana al Parque Lezama y la Isla Maciel\u201d<\/p>\n<p>Por otro lado, la \u201cNegra Cano\u201d de la Casa Cultural \u201cEl Patio\u201d nos dijo \u201cestoy muy contenta con este espacio y todo lo que logramos. No solo con los murales, sino tambi\u00e9n con los talleres\u201d. Adem\u00e1s comento \u201chay una situaci\u00f3n de dejadez del Estado. Si nosotros no nos empezamos a organizar con los murales y talleres, no nos ayuda nadie\u201d.<\/p>\n<p>Mientras Rompe el Cerco continuaba con la transmisi\u00f3n en vivo, Norma Escurra, egresada de la UBA y trabajadora social de la Casa Cultural \u201cEl Patio\u201d se acerco al micr\u00f3fono y cont\u00f3 \u201ctratamos de incorporar a las mujeres del barrio a trav\u00e9s de un taller de g\u00e9nero, ya que muchas veces no saben d\u00f3nde acudir con sus problem\u00e1ticas, por eso este mural es tan importante\u201d.<\/p>\n<p>Mira el \u00e1lbum de fotos\u00a0<a href=\"https:\/\/www.facebook.com\/fmriachuelo\/posts\/1579958028726073\"><strong>ac\u00e1<\/strong><\/a><\/p>\n","protected":false},"excerpt":{"rendered":"<p>[FM Riachuelo 29\/11\/2017] Ayer por la tarde en la Casa Cultural \u201cEl Patio\u201d se realizaron pintadas de murales junto a los vecinos que se acercaron a participar, articulando con las distintas trabajadoras sociales, para hacer un mapeo de la Boca y sus alrededores. Los murales tiene como fin que los vecinos y vecinas del barrio [&hellip;]<\/p>\n","protected":false},"author":5,"featured_media":6035,"comment_status":"open","ping_status":"open","sticky":false,"template":"","format":"standard","meta":{"_monsterinsights_skip_tracking":false,"_monsterinsights_sitenote_active":false,"_monsterinsights_sitenote_note":"","_monsterinsights_sitenote_category":0,"jnews-multi-image_gallery":[],"jnews_single_post":[],"jnews_primary_category":[],"_joinchat":[],"footnotes":""},"categories":[78,76,77],"tags":[],"class_list":["post-6034","post","type-post","status-publish","format-standard","has-post-thumbnail","hentry","category-economia-popular","category-salud-comunitaria","category-soberania"],"_links":{"self":[{"href":"http:\/\/fmriachuelo.it10.com.ar\/index.php\/wp-json\/wp\/v2\/posts\/6034","targetHints":{"allow":["GET"]}}],"collection":[{"href":"http:\/\/fmriachuelo.it10.com.ar\/index.php\/wp-json\/wp\/v2\/posts"}],"about":[{"href":"http:\/\/fmriachuelo.it10.com.ar\/index.php\/wp-json\/wp\/v2\/types\/post"}],"author":[{"embeddable":true,"href":"http:\/\/fmriachuelo.it10.com.ar\/index.php\/wp-json\/wp\/v2\/users\/5"}],"replies":[{"embeddable":true,"href":"http:\/\/fmriachuelo.it10.com.ar\/index.php\/wp-json\/wp\/v2\/comments?post=6034"}],"version-history":[{"count":0,"href":"http:\/\/fmriachuelo.it10.com.ar\/index.php\/wp-json\/wp\/v2\/posts\/6034\/revisions"}],"wp:featuredmedia":[{"embeddable":true,"href":"http:\/\/fmriachuelo.it10.com.ar\/index.php\/wp-json\/wp\/v2\/media\/6035"}],"wp:attachment":[{"href":"http:\/\/fmriachuelo.it10.com.ar\/index.php\/wp-json\/wp\/v2\/media?parent=6034"}],"wp:term":[{"taxonomy":"category","embeddable":true,"href":"http:\/\/fmriachuelo.it10.com.ar\/index.php\/wp-json\/wp\/v2\/categories?post=6034"},{"taxonomy":"post_tag","embeddable":true,"href":"http:\/\/fmriachuelo.it10.com.ar\/index.php\/wp-json\/wp\/v2\/tags?post=6034"}],"curies":[{"name":"wp","href":"https:\/\/api.w.org\/{rel}","templated":true}]}}