{"id":6027,"date":"2017-11-28T18:32:29","date_gmt":"2017-11-28T18:32:29","guid":{"rendered":"http:\/\/fmriachuelo.com.ar\/?p=6027"},"modified":"2017-11-28T18:32:29","modified_gmt":"2017-11-28T18:32:29","slug":"movilizacion-al-min-de-seguridad-para-exigir-justicia-por-rafael-nahuel","status":"publish","type":"post","link":"http:\/\/fmriachuelo.it10.com.ar\/index.php\/2017\/11\/28\/movilizacion-al-min-de-seguridad-para-exigir-justicia-por-rafael-nahuel\/","title":{"rendered":"MOVILIZACI\u00d3N AL MIN. DE SEGURIDAD PARA EXIGIR JUSTICIA POR RAFAEL NAHUEL"},"content":{"rendered":"<p>[FM Riachuelo 28\/11\/2017] En el d\u00eda de hoy organizaciones sociales, pol\u00edticas, barriales y de DDHH concentraron frente al Ministerio de Seguridad de la Naci\u00f3n para\u00a0 repudiar el asesinato de Rafael Nahuel y exigirle a la Ministra Bullrich que se haga responsable y ponga un fin a la militarizaci\u00f3n del sur de nuestro pa\u00eds.<\/p>\n<p>A las 11 de la ma\u00f1ana, diversas organizaciones populares comenzaron a llegar a Pueyrred\u00f3n y Avenida Las Heras en el barrio de Recoleta con motivo de repudiar otro nuevo asesinato por parte de las fuerzas de seguridad. Tambi\u00e9n para exigirle a la Ministra Patricia Bullrich que ponga un freno a la militarizaci\u00f3n del territorio mapuche, quienes desde hace tiempo reclaman sus tierras ancestrales en la Patagonia.<\/p>\n<p>Rafael Nahuel de 22 a\u00f1os, trabajaba como carpintero e integraba el Colectivo Al Margen de CTEP Bariloche, cuando fue asesinado por un tiro en la espalda en medio de la represi\u00f3n de las fuerzas de seguridad del Estado en el Lago Mascardi.<\/p>\n<p><iframe loading=\"lazy\" title=\"28-11-2017 MOVILIZACI\u00d3N AL MIN. DE SEGURIDAD PARA EXIGIR JUSTICA POR RAFAEL by FMR\" width=\"500\" height=\"450\" scrolling=\"no\" frameborder=\"no\" src=\"https:\/\/w.soundcloud.com\/player\/?visual=true&#038;url=https%3A%2F%2Fapi.soundcloud.com%2Fplaylists%2F385573190&#038;show_artwork=true&#038;maxheight=750&#038;maxwidth=500\"><\/iframe><\/p>\n<p style=\"text-align: left\">Durante el acto frente al Ministerio de Seguridad, Lito Borello, Secretario de Derecho Humanos de la CTEP \u00a0 \u00a0 \u00a0 \u00a0 \u00a0 \u00a0 \u00a0 \u00a0 \u00a0 \u00a0 (Confederaci\u00f3n de Trabajadores de la Econom\u00eda Popular) habl\u00f3 y dijo: \u00bb necesitamos unir de punta a punta del pa\u00eds a \u00a0cada una de las organizaciones sociales que todos los d\u00edas peleamos contra esta fiebre amarilla. Es tiempo ya de decir <strong>BASTA<\/strong>. Porque est\u00e1 claro que van a seguir usando la fuerza para callar a nuestro pueblo\u00bb.<\/p>\n<p>Hugo \u00abCachorro\u00bb Godoy \u00a0de ATE (Asociaci\u00f3n de Trabajadores del Estado) \u00a0se manifest\u00f3 frente a todas las organizaciones presentes diciendo \u00bb el derecho a la tierra,al trabajo y a la vivienda son derechos fundamentales para la paz en nuestro sociedad. Cuando Rafael se solidarizaba con el pueblo mapuche era un hombre libre peleando por sus derechos, por eso lo asesinaron.\u201d<\/p>\n<p>Adem\u00e1s pidi\u00f3 a la Ministra Bullrich y al presidente Macri que \u00a0\u201ccesen con la cacer\u00eda \u00a0de hombres y mujeres argentinas y argentinos\u201d.<\/p>\n","protected":false},"excerpt":{"rendered":"<p>[FM Riachuelo 28\/11\/2017] En el d\u00eda de hoy organizaciones sociales, pol\u00edticas, barriales y de DDHH concentraron frente al Ministerio de Seguridad de la Naci\u00f3n para\u00a0 repudiar el asesinato de Rafael Nahuel y exigirle a la Ministra Bullrich que se haga responsable y ponga un fin a la militarizaci\u00f3n del sur de nuestro pa\u00eds. A las [&hellip;]<\/p>\n","protected":false},"author":5,"featured_media":6028,"comment_status":"open","ping_status":"open","sticky":false,"template":"","format":"standard","meta":{"_monsterinsights_skip_tracking":false,"_monsterinsights_sitenote_active":false,"_monsterinsights_sitenote_note":"","_monsterinsights_sitenote_category":0,"jnews-multi-image_gallery":[],"jnews_single_post":[],"jnews_primary_category":[],"_joinchat":[],"footnotes":""},"categories":[79,76,74,75],"tags":[],"class_list":["post-6027","post","type-post","status-publish","format-standard","has-post-thumbnail","hentry","category-nadie-se-salva-solo","category-salud-comunitaria","category-san-cayetano","category-trabajo"],"_links":{"self":[{"href":"http:\/\/fmriachuelo.it10.com.ar\/index.php\/wp-json\/wp\/v2\/posts\/6027","targetHints":{"allow":["GET"]}}],"collection":[{"href":"http:\/\/fmriachuelo.it10.com.ar\/index.php\/wp-json\/wp\/v2\/posts"}],"about":[{"href":"http:\/\/fmriachuelo.it10.com.ar\/index.php\/wp-json\/wp\/v2\/types\/post"}],"author":[{"embeddable":true,"href":"http:\/\/fmriachuelo.it10.com.ar\/index.php\/wp-json\/wp\/v2\/users\/5"}],"replies":[{"embeddable":true,"href":"http:\/\/fmriachuelo.it10.com.ar\/index.php\/wp-json\/wp\/v2\/comments?post=6027"}],"version-history":[{"count":0,"href":"http:\/\/fmriachuelo.it10.com.ar\/index.php\/wp-json\/wp\/v2\/posts\/6027\/revisions"}],"wp:featuredmedia":[{"embeddable":true,"href":"http:\/\/fmriachuelo.it10.com.ar\/index.php\/wp-json\/wp\/v2\/media\/6028"}],"wp:attachment":[{"href":"http:\/\/fmriachuelo.it10.com.ar\/index.php\/wp-json\/wp\/v2\/media?parent=6027"}],"wp:term":[{"taxonomy":"category","embeddable":true,"href":"http:\/\/fmriachuelo.it10.com.ar\/index.php\/wp-json\/wp\/v2\/categories?post=6027"},{"taxonomy":"post_tag","embeddable":true,"href":"http:\/\/fmriachuelo.it10.com.ar\/index.php\/wp-json\/wp\/v2\/tags?post=6027"}],"curies":[{"name":"wp","href":"https:\/\/api.w.org\/{rel}","templated":true}]}}