{"id":6022,"date":"2017-11-27T17:42:16","date_gmt":"2017-11-27T17:42:16","guid":{"rendered":"http:\/\/fmriachuelo.com.ar\/?p=6022"},"modified":"2017-11-27T17:42:16","modified_gmt":"2017-11-27T17:42:16","slug":"caravana-y-festival-para-impedir-que-enrejen-los-espacios-publicos","status":"publish","type":"post","link":"http:\/\/fmriachuelo.it10.com.ar\/index.php\/2017\/11\/27\/caravana-y-festival-para-impedir-que-enrejen-los-espacios-publicos\/","title":{"rendered":"CARAVANA Y FESTIVAL PARA IMPEDIR QUE ENREJEN LOS ESPACIOS P\u00daBLICOS"},"content":{"rendered":"<p>[FM Riachuelo 27\/11\/2017] Este s\u00e1bado se realiz\u00f3 una CARAVANA en el barrio de la Boca organizado por el \u00a0COLECTIVO\u00a0<span style=\"line-height: 1.5\">ART\u00cdSTICO\u00a0<\/span><span style=\"line-height: inherit\">VECINAL DE LA BOCA \u00a0para denunciar las intenciones\u00a0<\/span><span style=\"line-height: inherit\">de enrejar los campitos de Casa Amarilla.<\/span><\/p>\n<p>La caravana \u00a0comenz\u00f3 desde la calle Olavarr\u00eda y Garibaldi \u00a0hasta culminar en\u00a0\u00a0los terrenos de Casa Amarilla. De la jornada participaron artistas, vecinos y diferentes organizaciones sociales, con el prop\u00f3sito de \u00a0mostrar la defensa de los espacios p\u00fablicos .<\/p>\n<p>El\u00a0Club Boca Juniors est\u00e1 impedido de construir o usar esas tierras p\u00fablicas gracias a un recurso de amparo realizado por los vecinos , sin embargo el Club \u00a0present\u00f3 una solicitud para vallar los terrenos alegando \u201cseguridad y derecho a la propiedad\u201d.<\/p>\n<p>La gesti\u00f3n de Daniel Angelici le pide a la justicia que autorice el enrejado de los campitos cercanos a casa amarilla , aunque el Juez que lleva la causa prohibi\u00f3 que se realice cualquier tipo de obra, bas\u00e1ndose en distintas irregularidades cometidas en el proceso de licitaci\u00f3n que actualmente \u00a0esta siendo investigado por la justicia.<\/p>\n<p>Violeta \u00a0Fractman integrante del \u00a0Colectivo Art\u00edstico \u00a0Vecinal de \u00a0la Boca expres\u00f3 durante la lectura del documento \u00a0\u00abEn febrero de 2016 el Gobierno Porte\u00f1o a trav\u00e9s de la Corporaci\u00f3n Buenos Aires Sur armo una licitaci\u00f3n a medida y le vendi\u00f3 al Club Boca Juniors los terrenos de manera inconstitucional, ya que, deb\u00edan haber pasado por la Legislatura Porte\u00f1a.\u00bb<\/p>\n<p>La Boca sufre el mayor d\u00e9ficit habitacional de la ciudad, los vecinxs y las organizaciones populares denuncian permanentemente los grandes negocios del gobierno porte\u00f1o, ya que esta \u00a0instaurando en la zona un gran proyecto de desarrollo inmobiliario llamado \u201cDistrito de las Artes\u201d, provocando as\u00ed n\u00fameros desalojos.<\/p>\n<p>&nbsp;<\/p>\n","protected":false},"excerpt":{"rendered":"<p>[FM Riachuelo 27\/11\/2017] Este s\u00e1bado se realiz\u00f3 una CARAVANA en el barrio de la Boca organizado por el \u00a0COLECTIVO\u00a0ART\u00cdSTICO\u00a0VECINAL DE LA BOCA \u00a0para denunciar las intenciones\u00a0de enrejar los campitos de Casa Amarilla. La caravana \u00a0comenz\u00f3 desde la calle Olavarr\u00eda y Garibaldi \u00a0hasta culminar en\u00a0\u00a0los terrenos de Casa Amarilla. De la jornada participaron artistas, vecinos y [&hellip;]<\/p>\n","protected":false},"author":5,"featured_media":6023,"comment_status":"open","ping_status":"open","sticky":false,"template":"","format":"standard","meta":{"_monsterinsights_skip_tracking":false,"_monsterinsights_sitenote_active":false,"_monsterinsights_sitenote_note":"","_monsterinsights_sitenote_category":0,"jnews-multi-image_gallery":[],"jnews_single_post":[],"jnews_primary_category":[],"_joinchat":[],"footnotes":""},"categories":[76,74,77],"tags":[],"class_list":["post-6022","post","type-post","status-publish","format-standard","has-post-thumbnail","hentry","category-salud-comunitaria","category-san-cayetano","category-soberania"],"_links":{"self":[{"href":"http:\/\/fmriachuelo.it10.com.ar\/index.php\/wp-json\/wp\/v2\/posts\/6022","targetHints":{"allow":["GET"]}}],"collection":[{"href":"http:\/\/fmriachuelo.it10.com.ar\/index.php\/wp-json\/wp\/v2\/posts"}],"about":[{"href":"http:\/\/fmriachuelo.it10.com.ar\/index.php\/wp-json\/wp\/v2\/types\/post"}],"author":[{"embeddable":true,"href":"http:\/\/fmriachuelo.it10.com.ar\/index.php\/wp-json\/wp\/v2\/users\/5"}],"replies":[{"embeddable":true,"href":"http:\/\/fmriachuelo.it10.com.ar\/index.php\/wp-json\/wp\/v2\/comments?post=6022"}],"version-history":[{"count":0,"href":"http:\/\/fmriachuelo.it10.com.ar\/index.php\/wp-json\/wp\/v2\/posts\/6022\/revisions"}],"wp:featuredmedia":[{"embeddable":true,"href":"http:\/\/fmriachuelo.it10.com.ar\/index.php\/wp-json\/wp\/v2\/media\/6023"}],"wp:attachment":[{"href":"http:\/\/fmriachuelo.it10.com.ar\/index.php\/wp-json\/wp\/v2\/media?parent=6022"}],"wp:term":[{"taxonomy":"category","embeddable":true,"href":"http:\/\/fmriachuelo.it10.com.ar\/index.php\/wp-json\/wp\/v2\/categories?post=6022"},{"taxonomy":"post_tag","embeddable":true,"href":"http:\/\/fmriachuelo.it10.com.ar\/index.php\/wp-json\/wp\/v2\/tags?post=6022"}],"curies":[{"name":"wp","href":"https:\/\/api.w.org\/{rel}","templated":true}]}}