{"id":602,"date":"2015-04-05T18:54:00","date_gmt":"2015-04-05T18:54:00","guid":{"rendered":"http:\/\/fmriachuelo.observatorioess.org.ar\/index.php\/2015\/04\/05\/soberania-alimentaria-vi-congreso-de-la-coordinadora-latinoamericana-de-organizaciones-del-campo-via-campesina\/"},"modified":"2025-03-27T13:31:55","modified_gmt":"2025-03-27T16:31:55","slug":"soberania-alimentaria-vi-congreso-de-la-coordinadora-latinoamericana-de-organizaciones-del-campo-via-campesina","status":"publish","type":"post","link":"http:\/\/fmriachuelo.it10.com.ar\/index.php\/2015\/04\/05\/soberania-alimentaria-vi-congreso-de-la-coordinadora-latinoamericana-de-organizaciones-del-campo-via-campesina\/","title":{"rendered":"SOBERAN\u00cdA ALIMENTARIA: VI CONGRESO DE LA COORDINADORA LATINOAMERICANA DE ORGANIZACIONES DEL CAMPO-V\u00cdA CAMPESINA"},"content":{"rendered":"<div><span style=\"color: red;font-family: Verdana, sans-serif;font-size: large\"><strong>SOBERAN\u00edA ALIMENTARIA<\/strong><\/span><\/div>\n<div style=\"text-align: center\">\n<div style=\"text-align: left\"><strong><span style=\"font-family: Verdana, sans-serif\">\u00ab\u00a1Am\u00e9rica Unida Sigue en Lucha!\u201d<\/span><\/strong><\/div>\n<\/div>\n<div><span style=\"font-family: Verdana, sans-serif\"><strong>Una V\u00eda Campesina hacia el Buen Vivir<\/strong><\/span><\/div>\n<div style=\"clear: both;text-align: center\"><a href=\"http:\/\/2.bp.blogspot.com\/-Pxhv1MPiUms\/VSGDD2kUV5I\/AAAAAAAADlc\/2wuZYQSY1BQ\/s1600\/VIA%2BCAMPESINA.jpg\" style=\"clear: left;float: left;margin-bottom: 1em;margin-right: 1em;text-align: left\"><span style=\"clear: left;float: left;font-family: Verdana, sans-serif;margin-bottom: 1em;margin-right: 1em\"><img loading=\"lazy\" decoding=\"async\" border=\"0\" src=\"http:\/\/2.bp.blogspot.com\/-Pxhv1MPiUms\/VSGDD2kUV5I\/AAAAAAAADlc\/2wuZYQSY1BQ\/s1600\/VIA%2BCAMPESINA.jpg\" height=\"296\" width=\"320\" \/><\/span><\/a><\/div>\n<p><span style=\"font-family: Verdana, sans-serif\">Del 10 al 17 de abril, Buenos Aires volver\u00e1 a respirar aires de debate, propuestas y planes de acci\u00f3n. Tendr\u00e1 lugar en la ciudad el VI Congreso de la Coordinadora Latinoamericana de Organizaciones del Campo (CLOC)-V\u00eda Campesina, con la participaci\u00f3n de m\u00e1s de 800 delegados, representando a un centenar de organizaciones de 18 pa\u00edses de Am\u00e9rica Latina y el Caribe junto a la V Asamblea Continental de Mujeres y la IV Asamblea de la Juventud del sector. <\/span><br \/><span style=\"font-family: Verdana, sans-serif\"><br \/> El debate, esta vez, no se mover\u00e1 alrededor de ideas como las de emancipaci\u00f3n o igualdad sino que hincar\u00e1 sus dientes en la disputa con los agronegocios y buscar\u00e1 la construcci\u00f3n de una hoja de ruta que permita alcanzar \u201cla Soberan\u00eda Alimentaria sustentada en la concreci\u00f3n de Reformas Agrarias Integrales y Populares, para producir los alimentos que nuestros pueblos requieren y que la humanidad necesita para garantizar su desarrollo por las tierras, los territorios y las semillas campesinas e ind\u00edgenas, generadas en una relaci\u00f3n de amor con la naturaleza, con la Madre Tierra, que nos indica los caminos para el Buen Vivir\u201d, seg\u00fan expresa la convocatoria.<\/span><br \/><span style=\"font-family: Verdana, sans-serif\"><br \/><\/span><\/p>\n<div><span style=\"font-family: Verdana, sans-serif\">Hablan los organizadores del congreso<\/span><\/div>\n<h1><span style=\"font-family: Verdana, sans-serif;font-size: small\">Campesinos, una batalla cultural, pol\u00edtica y econ\u00f3mica<\/span><\/h1>\n<p><span style=\"font-family: Verdana, sans-serif\">Que m\u00e1s de mil delegadas\/os de toda Am\u00e9rica latina y el Caribe, con representantes de \u00c1frica, Asia y Europa del Comit\u00e9 de Coordinaci\u00f3n Internacional de la V\u00eda Campesina (CCI) se re\u00fanan a discutir sobre el destino de los campesinos, es un hecho pol\u00edtico indiscutible en s\u00ed mismo. M\u00e1s a\u00fan que el encuentro sea en el marco del \u201cVI Congreso de la Coordinadora Latinoamericana de Organizaciones del Campo-V\u00eda Campesina (CLOC-VC), bajo el lema: \u201cContra el Capitalismo, por la soberan\u00eda de nuestros pueblos. \u00a1Am\u00e9rica Unida Sigue en Lucha!\u201d. Y si a todo ello se le agrega que el encuentro se realiza en Buenos Aires, ya es in\u00e9dito. \u201cEl Congreso lo convocamos cada cuatro a\u00f1os para acrecentar, renovar y acumular en funci\u00f3n del Sujeto Popular de una econom\u00eda que llamamos Popular y Solidaria, como ruptura de los par\u00e1metros mercantilistas con sus ganancias injustas\u201d,<\/span><br \/><a name='more'><\/a><span style=\"font-family: Verdana, sans-serif\">seg\u00fan describe \u00c1ngel Strapazz\u00f3n, referente de los Movimientos Campesinos de Santiago de Estero (Mocase) y del Nacional Campesino Ind\u00edgena (MNCI). \u201cUn Congreso que es memoria y desaf\u00edo, ya que la CLOC-VC ha ofrecido cuadros y militantes a los procesos de cambios, tanto en los Estados como en muchos de los Gobiernos de Am\u00e9rica Latina\u201d.<\/span><br \/><span style=\"font-family: Verdana, sans-serif\">Esta Coordinadora Latinoamericana naci\u00f3 luchando al enfrentar una concepci\u00f3n cultural que era hegem\u00f3nica y reivindicaba la conquista de Am\u00e9rica. Continu\u00f3 durante los a\u00f1os \u201990 con la resistencia al neoliberalismo. \u201cEn la actualidad \u2013cuenta Diego Mont\u00f3n, integrante mendocino del MNCI y de la Secretar\u00eda de la CLOC\u2013, las\/os campesinas\/os estamos expuestos a violaciones sist\u00e9micas de nuestros derechos. El capital financiero, de la mano de empresas transnacionales, desat\u00f3 una gran ofensiva para subordinar los bienes naturales, la tierra y la agricultura, a los intereses de la banca internacional, destruyendo mercados locales, desalojando campesinos, desmontando millones de hect\u00e1reas de bosques, provocando desplazados y desatando la mayor crisis alimentaria de la historia de la humanidad. La mercantilizaci\u00f3n de los alimentos y la concentraci\u00f3n del sector agroalimentario permiten a los grupos corporativos manipular los precios y regular el abastecimiento de alimentos en los mercados, ocasionando, en muchos casos, que esos intereses condicionen y presionen a los gobiernos y lesionen las democracias\u201d. <br \/>Frente a esta situaci\u00f3n, la organizaci\u00f3n pol\u00edtica avanza dando una batalla cultural y pol\u00edtica. Para Deolinda Carrizo, tambi\u00e9n integrante del Mocase y de la Secretar\u00eda de la CLOC, \u201ces en esta \u00faltima d\u00e9cada que se va despertando la conciencia y la lucha en las poblaciones urbanas, por la tierra, el agua y el ambiente. Durante d\u00e9cadas hab\u00edamos luchado casi en soledad por los alimentos y la naturaleza. Hoy, varios de nuestros movimientos est\u00e1n integrados por organizaciones y movimientos urbanos, y desde las urbes se toma la Soberan\u00eda Alimentaria como paradigma de vida. Estamos integrando sindicatos heterog\u00e9neos de la econom\u00eda social y solidaria\u201d.<br \/>Las organizaciones campesinas resistieron la globalizaci\u00f3n neoliberal con acciones de masas, pac\u00edficas pero contundentes, frenando desalojos y realizando ocupaciones de tierras improductivas. \u201cSiempre abiertos al di\u00e1logo para la construcci\u00f3n de alternativas, pero con la claridad de que la tierra no se negocia\u201d. Se opusieron a quienes pretendieron responsabilizar del hambre al \u201catraso tecnol\u00f3gico y la escala de producci\u00f3n de los campesinos, y anunciaron \u201cel fin del campesinado\u201d como complemento del \u201cfin de la historia\u201d. La propuesta del capital para la agricultura fue la revoluci\u00f3n verde en su versi\u00f3n transg\u00e9nica\u201d. Diego Mont\u00f3n explica c\u00f3mo van a encarar la discusi\u00f3n que se viene: \u201cEl derecho a la tierra, por ejemplo, puede ser un aspecto determinante para el desarrollo de la vida y de muchos otros derechos. As\u00ed, una campesina, quien se siente parte\/hija de la tierra y la naturaleza, al ser despojada de la misma pierde parte de su ser, adem\u00e1s de su lugar de estar, queda con su identidad herida. Tanto las observaciones generales de los Derechos Econ\u00f3micos, Sociales y Culturales (DESC), como las recientes Directrices Voluntarias de la Tierra que aprob\u00f3 la FAO, van en ese sentido. Sin embargo, al ser s\u00f3lo orientaciones, los Estados no est\u00e1n obligados a cumplirlas. El Poder Judicial, generalmente relacionado con el poder econ\u00f3mico, desconoce todos esos instrumentos\u201d. <br \/>Hoy, con m\u00e1s de tres a\u00f1os de discusi\u00f3n en el Consejo de Derechos Humanos de la Organizaci\u00f3n de las Naciones Unidas, en la CLOC \u201cmilitan una Declaraci\u00f3n de los Derechos de los Campesinos y otras personas que trabajan en el medio rural, una Convenci\u00f3n Internacional de los Derechos Campesinos para jerarquizar los derechos existentes y consolidar los nuevos. El derecho a la tierra, la funci\u00f3n social de la tierra y la necesidad de reformas agrarias como obligaciones de los Estados, as\u00ed como la definici\u00f3n del sujeto de la declaraci\u00f3n y la necesidad de garantizar la vida digna en el campo, en servicios, salud, educaci\u00f3n. Esta Declaraci\u00f3n ser\u00e1 un momento hist\u00f3rico de Am\u00e9rica latina.\u201d<br \/>Y todo ello en el VI Congreso de la CLOC-VC en Buenos Aires, como un reconocimiento al MNCI por haber logrado romper con el mito de que Argentina era una excepci\u00f3n en Am\u00e9rica latina, porque supuestamente no existen campesinos. Es as\u00ed que Strapazz\u00f3n dest<br \/>\naca que esta designaci\u00f3n \u201chonra al MNCI. Imaginen los grandes movimientos Latinoamericanos de Centroam\u00e9rica y El Caribe d\u00e1ndonos este mandato\u201d.<br \/><span><span><strong><br \/><\/strong><\/span><\/span><\/span><br \/><span style=\"font-family: Verdana, sans-serif\"><span><span><strong>Programa de actividades<\/strong><\/span><\/span><\/span><span style=\"font-family: Verdana, sans-serif\">VI Congreso Continental CLOC-VC, del 10 al 17 de abril en CeReNa, Ezeiza, Buenos Aires. \u201cContra el Capitalismo. Por la Soberan\u00eda de Nuestros Pueblos. Am\u00e9rica Unida sigue en lucha.\u201d<\/span><br \/><span style=\"font-family: Verdana, sans-serif\"><span>10 de abril.<\/span> IV Asamblea de la Juventud Rural. Apertura y bienvenida.<br \/> Panel: Luchas, resistencias y propuestas de la juventud rural en Am\u00e9rica latina.<br \/> Presentaci\u00f3n de la realidad por regiones del continente. Mesas de exposici\u00f3n sobre ejes transversales.<br \/><span>11 de abril<\/span>. Plenario devoluci\u00f3n de ejes transversales de la juventud rural y de la ciudad. Lectura de la declaraci\u00f3n final.<br \/><span>12 de abril<\/span>. V Asamblea de las Mujeres del Campo. Acto de inauguraci\u00f3n.<br \/> Panel: An\u00e1lisis de coyuntura &#8211; Contexto pol\u00edtico general. Presentaci\u00f3n Subregiones.<br \/> Panel: Capitalismo patriarcal y la opresi\u00f3n de las mujeres.<br \/> M\u00edstica Campa\u00f1a de Violencia Hacia las Mujeres. Campa\u00f1a \u201cBasta de Violencia hacia las Mujeres en el Campo\u201d.<br \/><span>13 de abril.<\/span> Panel: Feminismo campesino y popular. Declaraci\u00f3n final de la Asamblea de Mujeres.<br \/><span>14 de abril<\/span>. VI Congreso de la Coordinadora Latinoamericana de Organizaciones del Campo (CLOC)-V\u00eda Campesina. Acto de apertura.<br \/> Panel: CLOC 20 a\u00f1os. Debate de la situaci\u00f3n de la CLOC-VC. Coyuntura pol\u00edtica y agraria: Ofensiva del Imperio en Am\u00e9rica latina.<br \/><span>15 de abril.<\/span> Panel: Agricultura campesina e ind\u00edgena. Intervenci\u00f3n del I Congresito. Trabajos en comisiones tem\u00e1ticas: Miner\u00eda, asalariados, migrantes, soberan\u00eda alimentaria.<br \/><span>16 de abril.<\/span> Panel: Socialismo y feminismo comunitario. Desaf\u00edos y lineamientos del movimiento continental.<br \/><span>17 de abril.<\/span> D\u00eda internacional de la lucha campesina. Movilizaci\u00f3n callejera.<br \/> Es necesaria acreditaci\u00f3n previa en mnci.vc.prensa@gmail.com o clocomunicaci\u00f3n@gmail.com.<br \/><\/span><\/p>\n<div><\/div>\n<p><span style=\"color: #0b5394;font-family: Verdana, sans-serif;font-size: x-small\"><b><\/p>\n<div><\/div>\n<div>\n<div>\n<div>\n<div><span style=\"font-family: Verdana, sans-serif;line-height: 115%\">FUENTE: MIRADAS AL SUR, PRODUCCI\u00d3N RIACHUELO<\/span><\/div>\n<\/div>\n<\/div>\n<\/div>\n<p><\/b><\/span><\/p>\n","protected":false},"excerpt":{"rendered":"<p>SOBERAN\u00edA ALIMENTARIA \u00ab\u00a1Am\u00e9rica Unida Sigue en Lucha!\u201d Una V\u00eda Campesina hacia el Buen Vivir Del 10 al 17 de abril, Buenos Aires volver\u00e1 a respirar aires de debate, propuestas y planes de acci\u00f3n. Tendr\u00e1 lugar en la ciudad el VI Congreso de la Coordinadora Latinoamericana de Organizaciones del Campo (CLOC)-V\u00eda Campesina, con la participaci\u00f3n de [&hellip;]<\/p>\n","protected":false},"author":4,"featured_media":0,"comment_status":"open","ping_status":"open","sticky":false,"template":"","format":"standard","meta":{"_monsterinsights_skip_tracking":false,"_monsterinsights_sitenote_active":false,"_monsterinsights_sitenote_note":"","_monsterinsights_sitenote_category":0,"jnews-multi-image_gallery":[],"jnews_single_post":{"format":"standard"},"jnews_primary_category":[],"_joinchat":[],"footnotes":""},"categories":[58],"tags":[70,94,156],"class_list":["post-602","post","type-post","status-publish","format-standard","hentry","category-noticiariachuelo","tag-de-la-patria-grande","tag-soberania-alimentaria","tag-tierra-techo-y-trabajo"],"_links":{"self":[{"href":"http:\/\/fmriachuelo.it10.com.ar\/index.php\/wp-json\/wp\/v2\/posts\/602","targetHints":{"allow":["GET"]}}],"collection":[{"href":"http:\/\/fmriachuelo.it10.com.ar\/index.php\/wp-json\/wp\/v2\/posts"}],"about":[{"href":"http:\/\/fmriachuelo.it10.com.ar\/index.php\/wp-json\/wp\/v2\/types\/post"}],"author":[{"embeddable":true,"href":"http:\/\/fmriachuelo.it10.com.ar\/index.php\/wp-json\/wp\/v2\/users\/4"}],"replies":[{"embeddable":true,"href":"http:\/\/fmriachuelo.it10.com.ar\/index.php\/wp-json\/wp\/v2\/comments?post=602"}],"version-history":[{"count":1,"href":"http:\/\/fmriachuelo.it10.com.ar\/index.php\/wp-json\/wp\/v2\/posts\/602\/revisions"}],"predecessor-version":[{"id":22968,"href":"http:\/\/fmriachuelo.it10.com.ar\/index.php\/wp-json\/wp\/v2\/posts\/602\/revisions\/22968"}],"wp:attachment":[{"href":"http:\/\/fmriachuelo.it10.com.ar\/index.php\/wp-json\/wp\/v2\/media?parent=602"}],"wp:term":[{"taxonomy":"category","embeddable":true,"href":"http:\/\/fmriachuelo.it10.com.ar\/index.php\/wp-json\/wp\/v2\/categories?post=602"},{"taxonomy":"post_tag","embeddable":true,"href":"http:\/\/fmriachuelo.it10.com.ar\/index.php\/wp-json\/wp\/v2\/tags?post=602"}],"curies":[{"name":"wp","href":"https:\/\/api.w.org\/{rel}","templated":true}]}}