{"id":6016,"date":"2017-11-27T15:58:50","date_gmt":"2017-11-27T15:58:50","guid":{"rendered":"http:\/\/fmriachuelo.com.ar\/?p=6016"},"modified":"2017-11-27T15:58:50","modified_gmt":"2017-11-27T15:58:50","slug":"6016","status":"publish","type":"post","link":"http:\/\/fmriachuelo.it10.com.ar\/index.php\/2017\/11\/27\/6016\/","title":{"rendered":"MOVILIZACION A PLAZA DE MAYO CONTRA LA REPRESION Y LOS ASESINATOS EN EL SUR"},"content":{"rendered":"<p>[FM Riachuelo 27\/11\/2017] El domingo por la tarde, organizaciones de Derechos Humanos convocaron una movilizaci\u00f3n a Plaza De Mayo para exigir justicia por el asesinato de Rafael Nahuel a manos de la Prefectura y el cese inmediato de la represi\u00f3n y persecuci\u00f3n al Pueblo Mapuche en el Sur del pa\u00eds.<\/p>\n<p>Nahuel, de 22 a\u00f1os, integrante de la comunidad mapuche Lafken Winkul Mapu y militante de la CTEP Bariloche, estaba participando de la recuperaci\u00f3n de territorio en la zona de Villa Mascardi que fue violentamente desalojada el d\u00eda jueves, tras lo cual se desat\u00f3 una cacer\u00eda de los mapuches que se refugiaron en los cerros.\u00a0El asesinato de Rafael se produjo el\u00a0s\u00e1bado 25 mientras el grupo de Albatros de la Prefectura Naval realizaba un rastrillaje en territorio mapuche, Rafael recibi\u00f3 un disparo por la espalda, al intentar escapar con otras personas que tambi\u00e9n fueron heridas con balas de plomo.<\/p>\n<p>En la Ciudad de Buenos Aires, la situaci\u00f3n gener\u00f3 la reacci\u00f3n de los organismos de Derechos Humanos y de organizaciones sociales y pol\u00edticas que el domingo concentraron en Plaza de Mayo exigiendo, entre otras cosas, la renuncia de la Ministro Patricia Bullrich. Entre las organizaciones convocantes tambi\u00e9n estaba presente la CTEP, denunciando que Rafael Nehu\u00e9n no era un terrorista, como los medios ya intentaban instalar sino que \u00abera carpintero y participaba del Colectivo Al Margen de la CTEP Bariloche\u00bb.<\/p>\n<p><iframe loading=\"lazy\" title=\"27-11-2017  MARCHA PIDIENDO JUSTICIA POR RAFAEL NEHU\u00c9N by FMR\" width=\"500\" height=\"450\" scrolling=\"no\" frameborder=\"no\" src=\"https:\/\/w.soundcloud.com\/player\/?visual=true&#038;url=https%3A%2F%2Fapi.soundcloud.com%2Fplaylists%2F384699086&#038;show_artwork=true&#038;maxheight=750&#038;maxwidth=500\"><\/iframe><\/p>\n<p>Nora Corti\u00f1as, del Encuentro Memoria, Verdad y Justicia, estuvo presente en la marcha y en un improvisado escenario expres\u00f3: \u201cvamos a estar en las calles todo lo que sea necesario, hasta lograr toda la verdad y la justicia, no queremos volver atr\u00e1s,\u00a0 a \u00e9pocas que ya cre\u00edamos que nunca m\u00e1s \u00edbamos a volver\u201d.<\/p>\n","protected":false},"excerpt":{"rendered":"<p>[FM Riachuelo 27\/11\/2017] El domingo por la tarde, organizaciones de Derechos Humanos convocaron una movilizaci\u00f3n a Plaza De Mayo para exigir justicia por el asesinato de Rafael Nahuel a manos de la Prefectura y el cese inmediato de la represi\u00f3n y persecuci\u00f3n al Pueblo Mapuche en el Sur del pa\u00eds. Nahuel, de 22 a\u00f1os, integrante [&hellip;]<\/p>\n","protected":false},"author":5,"featured_media":6019,"comment_status":"open","ping_status":"open","sticky":false,"template":"","format":"standard","meta":{"_monsterinsights_skip_tracking":false,"_monsterinsights_sitenote_active":false,"_monsterinsights_sitenote_note":"","_monsterinsights_sitenote_category":0,"jnews-multi-image_gallery":[],"jnews_single_post":[],"jnews_primary_category":[],"_joinchat":[],"footnotes":""},"categories":[79,76,74],"tags":[],"class_list":["post-6016","post","type-post","status-publish","format-standard","has-post-thumbnail","hentry","category-nadie-se-salva-solo","category-salud-comunitaria","category-san-cayetano"],"_links":{"self":[{"href":"http:\/\/fmriachuelo.it10.com.ar\/index.php\/wp-json\/wp\/v2\/posts\/6016","targetHints":{"allow":["GET"]}}],"collection":[{"href":"http:\/\/fmriachuelo.it10.com.ar\/index.php\/wp-json\/wp\/v2\/posts"}],"about":[{"href":"http:\/\/fmriachuelo.it10.com.ar\/index.php\/wp-json\/wp\/v2\/types\/post"}],"author":[{"embeddable":true,"href":"http:\/\/fmriachuelo.it10.com.ar\/index.php\/wp-json\/wp\/v2\/users\/5"}],"replies":[{"embeddable":true,"href":"http:\/\/fmriachuelo.it10.com.ar\/index.php\/wp-json\/wp\/v2\/comments?post=6016"}],"version-history":[{"count":0,"href":"http:\/\/fmriachuelo.it10.com.ar\/index.php\/wp-json\/wp\/v2\/posts\/6016\/revisions"}],"wp:featuredmedia":[{"embeddable":true,"href":"http:\/\/fmriachuelo.it10.com.ar\/index.php\/wp-json\/wp\/v2\/media\/6019"}],"wp:attachment":[{"href":"http:\/\/fmriachuelo.it10.com.ar\/index.php\/wp-json\/wp\/v2\/media?parent=6016"}],"wp:term":[{"taxonomy":"category","embeddable":true,"href":"http:\/\/fmriachuelo.it10.com.ar\/index.php\/wp-json\/wp\/v2\/categories?post=6016"},{"taxonomy":"post_tag","embeddable":true,"href":"http:\/\/fmriachuelo.it10.com.ar\/index.php\/wp-json\/wp\/v2\/tags?post=6016"}],"curies":[{"name":"wp","href":"https:\/\/api.w.org\/{rel}","templated":true}]}}