{"id":6013,"date":"2017-11-25T16:44:40","date_gmt":"2017-11-25T16:44:40","guid":{"rendered":"http:\/\/fmriachuelo.com.ar\/?p=6013"},"modified":"2017-11-25T16:44:40","modified_gmt":"2017-11-25T16:44:40","slug":"trabajadoras-de-la-economia-popular-marcharon-contra-la-violencia-machista","status":"publish","type":"post","link":"http:\/\/fmriachuelo.it10.com.ar\/index.php\/2017\/11\/25\/trabajadoras-de-la-economia-popular-marcharon-contra-la-violencia-machista\/","title":{"rendered":"TRABAJADORAS DE LA ECONOM\u00cdA POPULAR MARCHARON CONTRA LA VIOLENCIA MACHISTA"},"content":{"rendered":"<p>[FM RIACHUELO 25\/1172017] Hoy es el d\u00eda internacional contra la violencia de g\u00e9nero, y ayer miles de mujeres salieron a las calles para visibilizar una problem\u00e1tica que lejos de solucionarse se agrava cada d\u00eda m\u00e1s. Las trabajadoras de la econom\u00eda popular, desde la Secretar\u00eda de la Mujer y Diversidad de la CTEP, marcharon bajo la consigna \u201cSin tierra, techo, vivienda, salud y educaci\u00f3n no hay ni una menos\u201d, y tambi\u00e9n \u201cla violencia es parte del ajuste\u201d. La concentraci\u00f3n fue a las 17hs frente al Congreso Nacional y termin\u00f3 con un acto en Plaza de Mayo, donde se ley\u00f3 un documento consensuado que inclu\u00eda todos los reclamos de las mujeres del campo popular.<\/p>\n<p>FM Riachuelo dialog\u00f3 con las referentes de diversas organizaciones nucleadas en la CTEP, entre ellas Cristina Mena, del Movimiento Teresa Rodr\u00edguez 12 de abril, que record\u00f3 a las activistas de Rep\u00fablica Dominicana asesinadas en 1960 por la dictadura de Rafael Trujillo: \u201chace a\u00f1os que se decret\u00f3 que el 25 de noviembre sea el d\u00eda internacional contra la violencia machista en honor a las hermanas Mirabal, a quienes les dec\u00edan las mariposas, el MTR 12 de abril adopt\u00f3 ese mismo nombre para su agrupaci\u00f3n de mujeres en homenaje a esas tres compa\u00f1eras\u201d, tambi\u00e9n advirti\u00f3 que \u201cla flexibilizaci\u00f3n laboral con todas estas mujeres en la calle, no va a pasar\u201d.<\/p>\n<p>Bel\u00e9n Rozas de la OLP Sim\u00f3n Bol\u00edvar expres\u00f3 que \u00a0las trabajadoras de la econom\u00eda popular sufren mucho m\u00e1s la violencia de g\u00e9nero que otros sectores: \u201cel no reconocimiento de nuestras tareas como trabajo es una de las m\u00e1ximas expresiones de la violencia. Nosotras decimos que nos deben tres salarios: trabajamos dentro de las unidades de productivas de la econom\u00eda popular, somos madres y cumplimos la tarea de criar a los hijos, y adem\u00e1s somos las guardianas de nuestras comunidades, son las mujeres las que se hacen cargo de los comedores y merenderos en los barrios\u201d. La referente de la Sim\u00f3n Bol\u00edvar adem\u00e1s hizo hincapi\u00e9 en la necesidad de prevenir la violencia desde la educaci\u00f3n y record\u00f3 la lucha de las estudiantes secundarias que durante las \u00faltimas tomas de escuelas lograron imponer en la agenda la incorporaci\u00f3n y cumplimiento del Protocolo contra la Violencia de G\u00e9nero dentro de las aulas.<\/p>\n<p>Por su parte Jaqueline Flores del Movimiento de Trabajadores Excluidos dijo: \u201cLas mujeres de la econom\u00eda popular no queremos que nos hagan pensar que nuestras vidas no valen, no queremos que nos violenten m\u00e1s, ni queremos a un Estado que nos haga elegir cuales son los derechos que tenemos. Hoy demostramos que estamos juntas y hermanadas como hace muchos a\u00f1os cuando parimos nuestras luchas\u201d.<\/p>\n<p>Escucha los testimonios completos: <a href=\"https:\/\/soundcloud.com\/prensa-fm-riachuelo\/sets\/trabajadoras-de-la-economia-popular-marchamos-contra-la-violencia-machista\">https:\/\/soundcloud.com\/prensa-fm-riachuelo\/sets\/trabajadoras-de-la-economia-popular-marchamos-contra-la-violencia-machista<\/a><\/p>\n<p>Frente a la casa de gobierno se pudo leer un documento consensuado entre las diversas organizaciones que repudi\u00f3 la falta de pol\u00edticas p\u00fablicas para proteger a las mujeres de la violencia f\u00edsica, psicol\u00f3gica, econ\u00f3mica, y cultural, que a pesar de la instalaci\u00f3n del tema en la agenda p\u00fablica y la gran visibilizaci\u00f3n que obtuvo la problem\u00e1tica gracias a las masivas movilizaciones sociales, sigue sin resolverse. As\u00ed lo \u00a0refleja en la cifra que difundi\u00f3 La Casa del Encuentro: una mujer muere asesinada como v\u00edctima del machismo cada 30 horas en nuestro pa\u00eds. En la Ciudad de Buenos Aires, durante las dos gestiones de Mauricio Macri como jefe de gobierno se registr\u00f3 un debilitamiento de pol\u00edticas destinadas a asistir a las mujeres; hubo recortes en el presupuesto y personal y no se construyeron nuevos Centros Integrales de Mujeres (CIM). A nivel nacional la Direcci\u00f3n General de la Mujer y la l\u00ednea gratuita de consultas se vieron afectadas por una importante reducci\u00f3n de personal, tambi\u00e9n se desmantel\u00f3 el programa de atenci\u00f3n a v\u00edctimas de Delitos contra la Integridad Sexual. Al finalizar miles pidieron justicia por Santiago Maldonado y junto a Norita Corti\u00f1as el acto concluy\u00f3 al grito de: \u201c30 mil compa\u00f1eros detenidos desaparecidos, PRESENTES\u201d.<\/p>\n","protected":false},"excerpt":{"rendered":"<p>[FM RIACHUELO 25\/1172017] Hoy es el d\u00eda internacional contra la violencia de g\u00e9nero, y ayer miles de mujeres salieron a las calles para visibilizar una problem\u00e1tica que lejos de solucionarse se agrava cada d\u00eda m\u00e1s. Las trabajadoras de la econom\u00eda popular, desde la Secretar\u00eda de la Mujer y Diversidad de la CTEP, marcharon bajo la [&hellip;]<\/p>\n","protected":false},"author":5,"featured_media":6014,"comment_status":"open","ping_status":"open","sticky":false,"template":"","format":"standard","meta":{"_monsterinsights_skip_tracking":false,"_monsterinsights_sitenote_active":false,"_monsterinsights_sitenote_note":"","_monsterinsights_sitenote_category":0,"jnews-multi-image_gallery":[],"jnews_single_post":[],"jnews_primary_category":[],"_joinchat":[],"footnotes":""},"categories":[78,76],"tags":[],"class_list":["post-6013","post","type-post","status-publish","format-standard","has-post-thumbnail","hentry","category-economia-popular","category-salud-comunitaria"],"_links":{"self":[{"href":"http:\/\/fmriachuelo.it10.com.ar\/index.php\/wp-json\/wp\/v2\/posts\/6013","targetHints":{"allow":["GET"]}}],"collection":[{"href":"http:\/\/fmriachuelo.it10.com.ar\/index.php\/wp-json\/wp\/v2\/posts"}],"about":[{"href":"http:\/\/fmriachuelo.it10.com.ar\/index.php\/wp-json\/wp\/v2\/types\/post"}],"author":[{"embeddable":true,"href":"http:\/\/fmriachuelo.it10.com.ar\/index.php\/wp-json\/wp\/v2\/users\/5"}],"replies":[{"embeddable":true,"href":"http:\/\/fmriachuelo.it10.com.ar\/index.php\/wp-json\/wp\/v2\/comments?post=6013"}],"version-history":[{"count":0,"href":"http:\/\/fmriachuelo.it10.com.ar\/index.php\/wp-json\/wp\/v2\/posts\/6013\/revisions"}],"wp:featuredmedia":[{"embeddable":true,"href":"http:\/\/fmriachuelo.it10.com.ar\/index.php\/wp-json\/wp\/v2\/media\/6014"}],"wp:attachment":[{"href":"http:\/\/fmriachuelo.it10.com.ar\/index.php\/wp-json\/wp\/v2\/media?parent=6013"}],"wp:term":[{"taxonomy":"category","embeddable":true,"href":"http:\/\/fmriachuelo.it10.com.ar\/index.php\/wp-json\/wp\/v2\/categories?post=6013"},{"taxonomy":"post_tag","embeddable":true,"href":"http:\/\/fmriachuelo.it10.com.ar\/index.php\/wp-json\/wp\/v2\/tags?post=6013"}],"curies":[{"name":"wp","href":"https:\/\/api.w.org\/{rel}","templated":true}]}}