{"id":6007,"date":"2017-11-24T03:15:12","date_gmt":"2017-11-24T03:15:12","guid":{"rendered":"http:\/\/fmriachuelo.com.ar\/?p=6007"},"modified":"2017-11-24T03:15:12","modified_gmt":"2017-11-24T03:15:12","slug":"primera-marcha-de-la-gorra-en-la-ciudad-de-buenos-aires","status":"publish","type":"post","link":"http:\/\/fmriachuelo.it10.com.ar\/index.php\/2017\/11\/24\/primera-marcha-de-la-gorra-en-la-ciudad-de-buenos-aires\/","title":{"rendered":"PRIMERA MARCHA DE LA GORRA EN LA CIUDAD DE BUENOS AIRES"},"content":{"rendered":"<p style=\"text-align: left\">[FM RIACHUELO 23\/11\/2017] \u201cCuando la gorra crece, los derechos desaparecen\u201d fue la consigna con la que movilizaron distintas organizaciones pol\u00edticas, sociales, culturales y de derechos humanos para visibilizar una problem\u00e1tica que golpea cada vez m\u00e1s fuerte a los pibes y pibas de barrios humildes: la violencia institucional. Las fuerzas de \u201cseguridad\u201d envalentonadas con los vientos de cambio, incrementaron la persecuci\u00f3n, represi\u00f3n y agresi\u00f3n contra los j\u00f3venes pobres, y as\u00ed lo refleja la dolorosa cifra que dio a conocer la Coordinadora Nacional Contra la Represi\u00f3n Institucional (CORREPI): hay una v\u00edctima de gatillo f\u00e1cil cada 25 horas.<\/p>\n<p>Cabe destacar en esta primera marcha de la gorra realizada en el centro porte\u00f1o, la participaci\u00f3n de la Confederaci\u00f3n de Trabajadores de la Econom\u00eda Popular (CTEP), y particularmente de la casa popular \u201cEl Patio\u201d del barrio de la Boca, espacio que viene trabajando especialmente con j\u00f3venes que sufren violencia institucional y consumo problem\u00e1tico (consecuencia del abandono estatal y la falta de implementaci\u00f3n de pol\u00edticas inclusivas).<\/p>\n<p>Alejandro Lucero participa activamente en el Patio y en di\u00e1logo con FM RIACHUELO expres\u00f3: \u201cSin educaci\u00f3n y sin trabajo no hay futuro, y la \u00fanica alternativa de muchos pibes es terminar en manos de narcos y de la polic\u00eda, que cuando le conviene los manda a matar\u201d. Sobre la situaci\u00f3n particular de La Boca dijo que \u201chay una verdad que todos conocemos: la mejor estrategia que tienen para expulsarnos del territorio y avanzar con Puerto Madero es eliminar a los pibes\u201d. El trabajo social realizado en ese espacio, fue reconocido por el SEDRONAR (Secretar\u00eda de Pol\u00edticas Integrales sobre Drogas), que ahora env\u00eda recursos de gran ayuda para llegar a mayores sectores del barrio. Al respecto Alejandro Lucero celebr\u00f3 que \u201cvamos a poder incorporar enfermeros, psiquiatras y m\u00e9dicos para resolver la cuestiones m\u00e1s urgentes, tambi\u00e9n articular con organizaciones populares para rescatar a los pibes y generar redes de contenci\u00f3n\u201d, y finaliz\u00f3: \u201cel pueblo organizado est\u00e1 generando una gesti\u00f3n complementaria al Estado Nacional\u201d.<\/p>\n<p>Escucha la entrevista completa y otros testimonios de la marcha de la gorra en el siguiente link:<\/p>\n<p><a href=\"https:\/\/soundcloud.com\/prensa-fm-riachuelo\/sets\/23-11-2017-1-marcha-de-la-gorra-caba\">https:\/\/soundcloud.com\/prensa-fm-riachuelo\/sets\/23-11-2017-1-marcha-de-la-gorra-caba<\/a><\/p>\n<p>La movilizaci\u00f3n que inici\u00f3 a las 16 hs desde Av. de Mayo y 9 de Julio y culmin\u00f3 frente al Congreso Nacional, tuvo un acto central cuya \u00fanica oradora fue Taty Almeida de Madres de Plaza de Mayo L\u00ednea Fundadora. Tambi\u00e9n participaron familiares de Santiago Maldonado, familiares de v\u00edctimas de gatillo f\u00e1cil, la CTA, La Liga por los Derechos del Hombre, HIJOS, J\u00f3venes CCC, Movimiento Popular La Dignidad, La Poderosa, Seamos Libres, entre otras.<\/p>\n","protected":false},"excerpt":{"rendered":"<p>[FM RIACHUELO 23\/11\/2017] \u201cCuando la gorra crece, los derechos desaparecen\u201d fue la consigna con la que movilizaron distintas organizaciones pol\u00edticas, sociales, culturales y de derechos humanos para visibilizar una problem\u00e1tica que golpea cada vez m\u00e1s fuerte a los pibes y pibas de barrios humildes: la violencia institucional. Las fuerzas de \u201cseguridad\u201d envalentonadas con los vientos [&hellip;]<\/p>\n","protected":false},"author":5,"featured_media":6008,"comment_status":"open","ping_status":"open","sticky":false,"template":"","format":"standard","meta":{"_monsterinsights_skip_tracking":false,"_monsterinsights_sitenote_active":false,"_monsterinsights_sitenote_note":"","_monsterinsights_sitenote_category":0,"jnews-multi-image_gallery":[],"jnews_single_post":[],"jnews_primary_category":[],"_joinchat":[],"footnotes":""},"categories":[78,76],"tags":[],"class_list":["post-6007","post","type-post","status-publish","format-standard","has-post-thumbnail","hentry","category-economia-popular","category-salud-comunitaria"],"_links":{"self":[{"href":"http:\/\/fmriachuelo.it10.com.ar\/index.php\/wp-json\/wp\/v2\/posts\/6007","targetHints":{"allow":["GET"]}}],"collection":[{"href":"http:\/\/fmriachuelo.it10.com.ar\/index.php\/wp-json\/wp\/v2\/posts"}],"about":[{"href":"http:\/\/fmriachuelo.it10.com.ar\/index.php\/wp-json\/wp\/v2\/types\/post"}],"author":[{"embeddable":true,"href":"http:\/\/fmriachuelo.it10.com.ar\/index.php\/wp-json\/wp\/v2\/users\/5"}],"replies":[{"embeddable":true,"href":"http:\/\/fmriachuelo.it10.com.ar\/index.php\/wp-json\/wp\/v2\/comments?post=6007"}],"version-history":[{"count":0,"href":"http:\/\/fmriachuelo.it10.com.ar\/index.php\/wp-json\/wp\/v2\/posts\/6007\/revisions"}],"wp:featuredmedia":[{"embeddable":true,"href":"http:\/\/fmriachuelo.it10.com.ar\/index.php\/wp-json\/wp\/v2\/media\/6008"}],"wp:attachment":[{"href":"http:\/\/fmriachuelo.it10.com.ar\/index.php\/wp-json\/wp\/v2\/media?parent=6007"}],"wp:term":[{"taxonomy":"category","embeddable":true,"href":"http:\/\/fmriachuelo.it10.com.ar\/index.php\/wp-json\/wp\/v2\/categories?post=6007"},{"taxonomy":"post_tag","embeddable":true,"href":"http:\/\/fmriachuelo.it10.com.ar\/index.php\/wp-json\/wp\/v2\/tags?post=6007"}],"curies":[{"name":"wp","href":"https:\/\/api.w.org\/{rel}","templated":true}]}}