{"id":6002,"date":"2017-11-23T14:17:42","date_gmt":"2017-11-23T14:17:42","guid":{"rendered":"http:\/\/fmriachuelo.com.ar\/?p=6002"},"modified":"2017-11-23T14:17:42","modified_gmt":"2017-11-23T14:17:42","slug":"los-movimientos-de-la-economia-popular-de-pequenos-productores-de-la-agricultura-y-cartoneros-y-recicladores-marcharon-en-defensa-de-sus-derechos","status":"publish","type":"post","link":"http:\/\/fmriachuelo.it10.com.ar\/index.php\/2017\/11\/23\/los-movimientos-de-la-economia-popular-de-pequenos-productores-de-la-agricultura-y-cartoneros-y-recicladores-marcharon-en-defensa-de-sus-derechos\/","title":{"rendered":"LOS MOVIMIENTOS DE LA ECONOMIA POPULAR DE PEQUE\u00d1OS PRODUCTORES DE LA AGRICULTURA  Y CARTONEROS Y RECICLADORES  MARCHARON EN DEFENSA DE SUS DERECHOS."},"content":{"rendered":"<p>[FM Riachuelo\u00a0 23\/11\/2017] Ayer numerosas organizaciones de Peque\u00f1os Productores y Agricultores Familiares, \u00a0y de \u00a0Cartoneros y Recicladores acompa\u00f1ados por organizaciones Sociales y Pol\u00edticas de la Econom\u00eda Popular \u00a0junto a CTEP y a referentes del Barrio de la Boca, marcharon moviliz\u00e1ndose \u00a0al Ministerio de Agroindustria de la Naci\u00f3n\u00a0 y al Congreso Nacional, \u00a0en defensa de sus derechos y \u00a0en reclamo por \u00a0la aplicaci\u00f3n de pol\u00edticas p\u00fablicas de financiamiento y ayuda \u00a0hacia sus sectores, \u00a0ya que han sido los m\u00e1s perjudicados con las medidas econ\u00f3micas aplicadas por esta gesti\u00f3n de Cambiemos en estos \u00faltimos dos a\u00f1os.<\/p>\n<p>Escucha los testimonios<\/p>\n<p><iframe loading=\"lazy\" title=\"MARCHA MINISTERIO AGROINDUSTRIA by FMR\" width=\"500\" height=\"450\" scrolling=\"no\" frameborder=\"no\" src=\"https:\/\/w.soundcloud.com\/player\/?visual=true&#038;url=https%3A%2F%2Fapi.soundcloud.com%2Fplaylists%2F381615110&#038;show_artwork=true&#038;maxheight=750&#038;maxwidth=500\"><\/iframe><\/p>\n<p>Fm Riachuelo estuvo presente en ambos reclamos, \u00a0y pudo recoger numerosos testimonios de los diversos representantes de las organizaciones presentes, por ejemplo Carmen, delegada \u00a0del MPP (Movimiento de Peque\u00f1os Productores) nos\u00a0\u00a0 dec\u00eda que:\u201cEstamos ac\u00e1 porque el nuevo Ministro de Agroindustria Luis Etchevere, s\u00f3lo representa a los grandes agricultores, y s se ocupa de los granos para exportar y no da valor al trabajo de los agricultores de la econom\u00eda familiar que son los que trabajan para la producci\u00f3n de alimentos de las familias del pa\u00eds\u201d.<\/p>\n<p>Tambi\u00e9n se hicieron presentes representantes del Paseo de la Econom\u00eda Popular Mart\u00edn Oso Cisneros del barrio de la Boca, donde \u00a0Luciano \u00c1lvarez dijo: \u201cestamos acompa\u00f1ando desde la rama de la CTEP a los compa\u00f1eros campesinos que producen nuestro alimento, el cual comercializamos directamente al pueblo desde nuestras ferias de la econom\u00eda popular, es fundamental que este gobierno fortalezca las pol\u00edticas p\u00fablicas de respaldo y promoci\u00f3n a los mercados populares \u201c.<\/p>\n<p>Mientras tanto en el Congreso los Cartoneros y recicladores tambi\u00e9n acompa\u00f1ados por numerosos referentes del campo popular, \u00a0reclamaban por sus derechos y en contra de la ley de incineraci\u00f3n de la Basura que los dejar\u00eda fuera del sistema de reciclado que llevan adelante. En este caso FM Riachuelo pudo hablar con Walter de la Cooperativa de Cartoneros de la Boca que \u00a0dijo:\u201dVenimos a pelear no por la incineraci\u00f3n sino por el trabajo de reciclado, da verg\u00fcenza que el gobierno no nos ayude\u201d.<\/p>\n<p>Escucha los audios<\/p>\n<p><iframe loading=\"lazy\" title=\"22-11-2017 - MARCHA CARTONEROS AL CONGRESO - NO A LA INCINERACI\u00d3N SI AL RECICLADO by FMR\" width=\"500\" height=\"450\" scrolling=\"no\" frameborder=\"no\" src=\"https:\/\/w.soundcloud.com\/player\/?visual=true&#038;url=https%3A%2F%2Fapi.soundcloud.com%2Fplaylists%2F381079067&#038;show_artwork=true&#038;maxheight=750&#038;maxwidth=500\"><\/iframe><\/p>\n<p>Al cierre del acto Sergio \u00a0S\u00e1nchez \u00a0presidente del MTE expres\u00f3: \u201cno queremos que nos pase lo que ya nos pas\u00f3 en la Argentina, quieren hacer estos incineradores para no dejar que cuidemos el medio ambiente con nuestro trabajo de reciclado diariamente\u201d. \u00a0Y continu\u00f3 diciendo: \u201cno queremos cartoneros de primeras y de segunda ac\u00e1 hay muchas cooperativas que no tiene ayuda de nadie opero seguimos luchando juntos, hoy estamos en un estado de alerta porque esto puede seguir avanzando, nosotros seguiremos en la lucha en las calles\u201d.<\/p>\n<p>En otra parte de los testimonios Cristina Mena del Movimiento MTR 12 de abril dijo: \u201cEste Gobierno no se olvid\u00f3 de ning\u00fan sector para perjudicarlo y someterlo, desde el 2001 hasta ac\u00e1 todo el pueblo sabe que de ser cartoneros que recog\u00edan la basura por las calles pasaron a ser un movimiento organizado, que da trabajo y condiciones dignas de vida a todos los recicladores\u201d.<\/p>\n<p>Ambas movilizaciones acompa\u00f1adas por una fuerte presencia de trabajadores y referentes de la Econom\u00eda Popular y del Barrio de la Boca cerraron sus actos entregando sus petitorios al Ministerio de Agroindustria y a los Diputados del Poder Legislativo, con la intenci\u00f3n de obtener muy pronto respuestas a sus reclamos.<\/p>\n<p>Entre las organizaciones participantes estaban el\u00a0 MPP (Movimiento de Peque\u00f1os Productores),\u00a0 FAE (Frente Agrario del Movimiento. Evita) FNC (Federaci\u00f3n Nacional Campesina) y MNCI (Movimiento Nacional Campesino Ind\u00edgena), CTEP (Confederaci\u00f3n de Trabajadores de la Econom\u00eda Popular), Organizaci\u00f3n social y Pol\u00edtica Los Pibes Mesa 19 y 20, Paseo de la Econom\u00eda Popular Mart\u00edn Oso Cisneros de la Boca, y CCC (Corriente Clasista combativa) concentrados en la puerta del Ministerio de Agroindustria.<\/p>\n<p>Frente al Congreso Nacional acompa\u00f1aron los reclamos\u00a0 CTEP,\u00a0 el\u00a0 MTR\u00a0 (Movimiento. Teresa Rodr\u00edguez) 12 de Abril,\u00a0 MTE\u00a0 (Movimiento. Trabajadores Excluidos) Cooperativa El palenque de San Nicol\u00e1s, Cooperativa Cartoneros de La Boca, la Cooperativa 9 de Agosto y los Carreros de Quilmes y La Plata entre muchos otros.<\/p>\n<p>Antes de concluir con los actos de cierre de ambas movilizaciones, \u00a0se convoc\u00f3 a continuar con el Plan de Lucha en las calles para que los pedidos se hagan realidad.<\/p>\n<p>&nbsp;<\/p>\n<p>&nbsp;<\/p>\n<p>&nbsp;<\/p>\n<p>&nbsp;<\/p>\n","protected":false},"excerpt":{"rendered":"<p>[FM Riachuelo\u00a0 23\/11\/2017] Ayer numerosas organizaciones de Peque\u00f1os Productores y Agricultores Familiares, \u00a0y de \u00a0Cartoneros y Recicladores acompa\u00f1ados por organizaciones Sociales y Pol\u00edticas de la Econom\u00eda Popular \u00a0junto a CTEP y a referentes del Barrio de la Boca, marcharon moviliz\u00e1ndose \u00a0al Ministerio de Agroindustria de la Naci\u00f3n\u00a0 y al Congreso Nacional, \u00a0en defensa de sus [&hellip;]<\/p>\n","protected":false},"author":5,"featured_media":6003,"comment_status":"open","ping_status":"open","sticky":false,"template":"","format":"standard","meta":{"_monsterinsights_skip_tracking":false,"_monsterinsights_sitenote_active":false,"_monsterinsights_sitenote_note":"","_monsterinsights_sitenote_category":0,"jnews-multi-image_gallery":[],"jnews_single_post":[],"jnews_primary_category":[],"_joinchat":[],"footnotes":""},"categories":[78,76,74,75],"tags":[],"class_list":["post-6002","post","type-post","status-publish","format-standard","has-post-thumbnail","hentry","category-economia-popular","category-salud-comunitaria","category-san-cayetano","category-trabajo"],"_links":{"self":[{"href":"http:\/\/fmriachuelo.it10.com.ar\/index.php\/wp-json\/wp\/v2\/posts\/6002","targetHints":{"allow":["GET"]}}],"collection":[{"href":"http:\/\/fmriachuelo.it10.com.ar\/index.php\/wp-json\/wp\/v2\/posts"}],"about":[{"href":"http:\/\/fmriachuelo.it10.com.ar\/index.php\/wp-json\/wp\/v2\/types\/post"}],"author":[{"embeddable":true,"href":"http:\/\/fmriachuelo.it10.com.ar\/index.php\/wp-json\/wp\/v2\/users\/5"}],"replies":[{"embeddable":true,"href":"http:\/\/fmriachuelo.it10.com.ar\/index.php\/wp-json\/wp\/v2\/comments?post=6002"}],"version-history":[{"count":0,"href":"http:\/\/fmriachuelo.it10.com.ar\/index.php\/wp-json\/wp\/v2\/posts\/6002\/revisions"}],"wp:featuredmedia":[{"embeddable":true,"href":"http:\/\/fmriachuelo.it10.com.ar\/index.php\/wp-json\/wp\/v2\/media\/6003"}],"wp:attachment":[{"href":"http:\/\/fmriachuelo.it10.com.ar\/index.php\/wp-json\/wp\/v2\/media?parent=6002"}],"wp:term":[{"taxonomy":"category","embeddable":true,"href":"http:\/\/fmriachuelo.it10.com.ar\/index.php\/wp-json\/wp\/v2\/categories?post=6002"},{"taxonomy":"post_tag","embeddable":true,"href":"http:\/\/fmriachuelo.it10.com.ar\/index.php\/wp-json\/wp\/v2\/tags?post=6002"}],"curies":[{"name":"wp","href":"https:\/\/api.w.org\/{rel}","templated":true}]}}