{"id":600,"date":"2015-04-06T05:17:00","date_gmt":"2015-04-06T05:17:00","guid":{"rendered":"http:\/\/fmriachuelo.observatorioess.org.ar\/index.php\/2015\/04\/06\/nuestra-programacion-2015\/"},"modified":"2025-03-27T13:41:12","modified_gmt":"2025-03-27T16:41:12","slug":"nuestra-programacion-2015","status":"publish","type":"post","link":"http:\/\/fmriachuelo.it10.com.ar\/index.php\/2015\/04\/06\/nuestra-programacion-2015\/","title":{"rendered":"NUESTRA PROGRAMACI\u00d3N 2015"},"content":{"rendered":"<p><span style=\"font-family: Verdana, sans-serif\"><b><span style=\"color: red;font-size: large\">A PARTIR DE ESTE LUNES 6 DE ABRIL, LA FM RIACHUELO 100.9 LANZA SU PROGRAMACI\u00d3N 2015<\/span><\/b><\/span>  <\/p>\n<div><span style=\"font-family: Verdana, sans-serif\"><b>Acompa\u00f1anos.<br \/>Para compartir lo que somos, y avanzar juntos hacia lo que queremos ser.<\/b><\/span><\/p>\n<div><span style=\"font-family: Verdana, sans-serif\"><br \/><\/span><\/div>\n<p><span style=\"color: red\"><span style=\"color: black\"><b><span style=\"color: red\"><span style=\"background-color: red\"><span style=\"color: white;font-family: Verdana, sans-serif\">&nbsp;L&nbsp;U N E S&nbsp; A&nbsp; V I E R N E S&nbsp;<\/span><\/span><\/span><\/b><\/span><\/span><\/p>\n<div><b><span style=\"color: red;font-family: Verdana, sans-serif;font-size: medium\">MATEANDO EN EL RIACHUELO<\/span><\/b><\/div>\n<div><span style=\"font-family: Verdana, sans-serif\">Informaci\u00f3n con sentido popular y arraigo territorial<\/span><\/div>\n<div><i><span style=\"font-family: Verdana, sans-serif\">De 10 a 12 hs. Jueves de 9 a 10 hs. y de 11 a 12 hs.<\/span><\/i><\/div>\n<div><span style=\"color: red\"><span style=\"color: black;font-family: Verdana, sans-serif\"><i><br \/><\/i><\/span><\/span><\/div>\n<div><span style=\"color: red\"><span style=\"color: black\"><b><span style=\"color: red\"><span style=\"background-color: red\"><span style=\"color: white;font-family: Verdana, sans-serif\">&nbsp;L&nbsp;U N E S&nbsp; A&nbsp; V I E R N E S&nbsp;<\/span><\/span><\/span><\/b><\/span><\/span><\/div>\n<div><span style=\"color: red\"><span style=\"color: black\"><b><span style=\"color: red;font-family: Verdana, sans-serif;font-size: medium\">ROMP\u00c9 EL CERCO INFORMATIVO<\/span><\/b><\/span><\/span><\/div>\n<div><span style=\"font-family: Verdana, sans-serif\">La lucha diaria del Pueblo Organizado desde la&nbsp;comunicaci\u00f3n popular<\/span><\/div>\n<div><span style=\"color: red\"><span style=\"color: black;font-family: Verdana, sans-serif\"><i>De 18 a 19 hs. Mi\u00e9rcoles de 17 a 18 hs.<\/i><\/span><\/span><\/div>\n<p><\/p>\n<div><b><span style=\"color: red\"><span style=\"color: red\"><span style=\"color: black\"><b><span style=\"color: red\"><span style=\"color: red\"><span style=\"color: black\"><b><span style=\"color: red\"><span style=\"background-color: red\"><span style=\"color: white;font-family: Verdana, sans-serif\">&nbsp;V I E R N&nbsp;E S&nbsp;<\/span><\/span><\/span><\/b><\/span><\/span><\/span><\/b><\/span><\/span><\/span><\/b><\/div>\n<div><b><span style=\"color: red;font-family: Verdana, sans-serif;font-size: medium\">CAZADORES DE ZONCERAS<\/span><\/b><\/div>\n<div><span style=\"font-family: Verdana, sans-serif\">Donde el norte es el sur y el sur es el norte.<\/span><\/div>\n<div><i><span style=\"font-family: Verdana, sans-serif\">De 19 a 21 hs.<\/span><\/i><\/div>\n<div><span style=\"font-family: Verdana, sans-serif\"><br style=\"font-style: italic\" \/><\/span><\/div>\n<div><span style=\"color: red\"><span style=\"color: black\"><b><span style=\"color: red\"><span style=\"background-color: red\"><span style=\"color: white;font-family: Verdana, sans-serif\">&nbsp;L&nbsp;U N E S&nbsp;<\/span><\/span><\/span><\/b><\/span><\/span><\/div>\n<div><span style=\"color: red;font-family: Verdana, sans-serif;font-size: medium\"><b>CONVENTILLERAS<\/b><\/span><\/div>\n<p><span style=\"font-family: Verdana, sans-serif\">Boque\u00e1ndote la posta.. aunque no lo quieran.<\/span><\/p>\n<div><i><span style=\"font-family: Verdana, sans-serif\">A las 21 hs.<\/span><\/i><\/div>\n<div><span style=\"font-family: Verdana, sans-serif\"><br style=\"font-style: italic\" \/><\/span><\/div>\n<div><span style=\"color: red\"><span style=\"color: black\"><b><span style=\"color: red\"><span style=\"background-color: red\"><span style=\"color: white;font-family: Verdana, sans-serif\">&nbsp;L&nbsp;U N E S&nbsp; A&nbsp; V I E R N E S&nbsp;<\/span><\/span><\/span><\/b><\/span><\/span><\/div>\n<div><b><span style=\"color: red;font-family: Verdana, sans-serif;font-size: medium\">EL RAT\u00d3N IMPUNE&nbsp;<\/span><\/b><\/div>\n<div><span style=\"font-family: Verdana, sans-serif\">Para rescatar a los poetas argentinos olvidados, desde\u00f1ados y&nbsp;abandonados&#8230;<\/span><\/div>\n<div><i><span style=\"font-family: Verdana, sans-serif\">A las 22 hs.<\/span><\/i><\/div>\n<div><span style=\"font-family: Verdana, sans-serif\"><br style=\"font-style: italic\" \/><\/span><\/div>\n<div><b><span style=\"color: red\"><span style=\"color: red\"><span style=\"color: black\"><b><span style=\"color: red\"><span style=\"color: red\"><span style=\"color: black\"><b><span style=\"color: red\"><span style=\"background-color: red\"><span style=\"color: white;font-family: Verdana, sans-serif\">&nbsp;M I \u00c9 R C O L E&nbsp;S&nbsp;<\/span><\/span><\/span><\/b><\/span><\/span><\/span><\/b><\/span><\/span><\/span><\/b><\/div>\n<div><b><span style=\"color: red;font-family: Verdana, sans-serif;font-size: medium\">CON OTRO ACENTO<\/span><\/b><\/div>\n<div><span style=\"font-family: Verdana, sans-serif\">Los oyentes de viaje por el mundo.<\/span><\/div>\n<div><span style=\"color: red\"><span style=\"color: black;font-family: Verdana, sans-serif\"><i>De 18 a 19 hs.<\/i><\/span><\/span><\/div>\n<div><span style=\"font-family: Verdana, sans-serif\"><br style=\"font-style: italic\" \/><\/span><\/div>\n<div><span style=\"color: red\"><span style=\"color: black\"><b><span style=\"color: red\"><span style=\"color: red\"><span style=\"color: black\"><b><span style=\"color: red\"><span style=\"color: red\"><span style=\"color: black\"><b><span style=\"color: red\"><span style=\"background-color: red\"><span style=\"color: white;font-family: Verdana, sans-serif\">J U E V&nbsp;E S&nbsp;<\/span><\/span><\/span><\/b><\/span><\/span><\/span><\/b><\/span><\/span><\/span><\/b><\/span><\/span><\/div>\n<p><b><span lang=\"ES\" style=\"color: red;font-family: Verdana, sans-serif;font-size: medium\">HORA LIBRE<\/span><\/b><\/p>\n<div><span style=\"font-family: Verdana, sans-serif;line-height: 1.4\">Las ni\u00f1as, ni\u00f1os y j\u00f3venes al micr\u00f3fono en este programa de la Red Escuela Comunicaci\u00f3n (REC).<\/span><\/div>\n<div><span style=\"line-height: 1.4\"><span lang=\"ES\" style=\"font-family: Verdana, sans-serif\"><i>De 10 a 11&nbsp;hs.&nbsp;<\/i><b><span style=\"color: #134f5c\">A partir del jueves 7 de mayo.<\/span><\/b><\/span><\/span><\/div>\n<div><i><span lang=\"ES\" style=\"color: black;font-family: Verdana, sans-serif\"><br \/><\/span><\/i><\/div>\n<div><b><span style=\"color: red\"><span style=\"color: red\"><span style=\"color: black\"><b><span style=\"color: red\"><span style=\"color: red\"><span style=\"color: black\"><b><span style=\"color: red\"><span style=\"background-color: red\"><span style=\"color: white;font-family: Verdana, sans-serif\">&nbsp;S \u00c1 B A D O&nbsp;<\/span><\/span><\/span><\/b><\/span><\/span><\/span><\/b><\/span><\/span><\/span><\/b><\/div>\n<p><span style=\"color: red;font-family: Verdana, sans-serif;font-size: medium\"><b>EL ENFOQUE<\/b><\/span><br \/><span style=\"font-family: Verdana, sans-serif\">Vamos juntos pariendo culturas.<\/span><br \/><i><span style=\"font-family: Verdana, sans-serif\">De 10 a 11 hs.<\/span><\/i><br \/><span style=\"font-family: Verdana, sans-serif\"><i><br \/><\/i><\/span><br \/><b><span style=\"color: red\"><span style=\"color: red\"><span style=\"color: black\"><b><span style=\"color: red\"><span style=\"color: red\"><span style=\"color: black\"><b><span style=\"color: red\"><span style=\"background-color: red\"><span style=\"color: white;font-family: Verdana, sans-serif\">&nbsp;S \u00c1 B A D O&nbsp;<\/span><\/span><\/span><\/b><\/span><\/span><\/span><\/b><\/span><\/span><\/span><\/b><\/p>\n<div><span style=\"color: red\"><span style=\"color: black\"><b><span style=\"color: red;font-family: Verdana, sans-serif;font-size: medium\">RESUMEN LATINOAMERICANO<\/span><\/b><\/span><\/span><\/div>\n<div><span style=\"font-family: Verdana, sans-serif\">Un continente que sigue caminando hacia su Segunda Independencia.<\/span><\/div>\n<div><i><span style=\"font-family: Verdana, sans-serif\">De 11 a 13 hs.<\/span><\/i><\/div>\n<div><span style=\"font-family: Verdana, sans-serif\"><br style=\"font-style: italic\" \/><\/span><\/div>\n<div><span style=\"color: red\"><span style=\"color: black\"><b><span style=\"color: red\"><span style=\"color: red\"><span style=\"color: black\"><b><span style=\"color: red\"><span style=\"color: red\"><span style=\"color: black\"><b><span style=\"color: red\"><span style=\"background-color: red\"><span style=\"color: white;font-family: Verdana, sans-serif\">&nbsp;S \u00c1 B A D O&nbsp;<\/span><\/span><\/span><\/b><\/span><\/span><\/span><\/b><\/span><\/span><\/span><\/b><\/span><\/span><\/div>\n<div><span style=\"font-family: Verdana, sans-serif;font-size: medium\"><b><span style=\"color: red\">ESPANTARREJAS<\/span><\/b>&nbsp;<\/span><\/div>\n<p><span style=\"font-family: Verdana, sans-serif\">Programa de la Asamblea de Parque Lezama.<\/span><\/p>\n<div><i><span style=\"font-family: Verdana, sans-serif\">De 13 a 14 hs.<\/span><\/i><\/div>\n<div><i><span style=\"font-family: Verdana, sans-serif\"><br \/><\/span><\/i><\/div>\n<div><b><span style=\"color: red\"><span style=\"color: red\"><span style=\"color: black\"><b><span style=\"color: red\"><span style=\"color: red\"><span style=\"color: black\"><b><span style=\"color: red\"><span style=\"background-color: red\"><span style=\"color: white;font-family: Verdana, sans-serif\">&nbsp;S \u00c1 B A D O&nbsp;<\/span><\/span><\/span><\/b><\/span><\/span><\/span><\/b><\/span><\/span><\/span><\/b><\/div>\n<div><b style=\"color: red\"><span style=\"font-family: Verdana, sans-serif;font-size: medium\">LA VARIOPINTA<\/span><\/b><\/div>\n<p><span style=\"font-family: Verdana, sans-serif\">Estudiantes secundarios se expresan y comunican su opini\u00f3n sobre actualidad educativa, art\u00edstica y pol\u00edtica<\/span><br \/><i><span style=\"font-family: Verdana, sans-serif\">De 18 a 19 hs.<\/span><\/i><\/p>\n<div><b><span style=\"font-family: Verdana, sans-serif;font-size: medium\"><br \/><\/span><\/b><b><span style=\"font-family: Verdana, sans-serif;font-size: medium\">Adem\u00e1s la continuidad informativa de&nbsp;<span style=\"color: red\">FARCO, Noticias Nacionales,&nbsp;<\/span><\/span><\/b><\/div>\n<div><span style=\"color: red\"><span style=\"color: black;font-family: Verdana, sans-serif;font-size: medium\"><b><span style=\"color: red\">CHISPAZOS informativos<\/span>&nbsp;y m\u00e1s\u2026<\/b><\/span><\/span><\/div>\n<div><\/div>\n<p><b><span style=\"color: red;font-family: Verdana, sans-serif;font-size: x-large\">\u00a1\u00a1\u00a1NO TE LO POD\u00c9S PERDER!!!<\/span><\/b><\/div>\n","protected":false},"excerpt":{"rendered":"<p>A PARTIR DE ESTE LUNES 6 DE ABRIL, LA FM RIACHUELO 100.9 LANZA SU PROGRAMACI\u00d3N 2015 Acompa\u00f1anos.Para compartir lo que somos, y avanzar juntos hacia lo que queremos ser. &nbsp;L&nbsp;U N E S&nbsp; A&nbsp; V I E R N E S&nbsp; MATEANDO EN EL RIACHUELO Informaci\u00f3n con sentido popular y arraigo territorial De 10 a [&hellip;]<\/p>\n","protected":false},"author":4,"featured_media":0,"comment_status":"open","ping_status":"open","sticky":false,"template":"","format":"standard","meta":{"_monsterinsights_skip_tracking":false,"_monsterinsights_sitenote_active":false,"_monsterinsights_sitenote_note":"","_monsterinsights_sitenote_category":0,"jnews-multi-image_gallery":[],"jnews_single_post":{"format":"standard"},"jnews_primary_category":[],"_joinchat":[],"footnotes":""},"categories":[58],"tags":[108],"class_list":["post-600","post","type-post","status-publish","format-standard","hentry","category-noticiariachuelo","tag-comunicacion-popular"],"_links":{"self":[{"href":"http:\/\/fmriachuelo.it10.com.ar\/index.php\/wp-json\/wp\/v2\/posts\/600","targetHints":{"allow":["GET"]}}],"collection":[{"href":"http:\/\/fmriachuelo.it10.com.ar\/index.php\/wp-json\/wp\/v2\/posts"}],"about":[{"href":"http:\/\/fmriachuelo.it10.com.ar\/index.php\/wp-json\/wp\/v2\/types\/post"}],"author":[{"embeddable":true,"href":"http:\/\/fmriachuelo.it10.com.ar\/index.php\/wp-json\/wp\/v2\/users\/4"}],"replies":[{"embeddable":true,"href":"http:\/\/fmriachuelo.it10.com.ar\/index.php\/wp-json\/wp\/v2\/comments?post=600"}],"version-history":[{"count":1,"href":"http:\/\/fmriachuelo.it10.com.ar\/index.php\/wp-json\/wp\/v2\/posts\/600\/revisions"}],"predecessor-version":[{"id":22971,"href":"http:\/\/fmriachuelo.it10.com.ar\/index.php\/wp-json\/wp\/v2\/posts\/600\/revisions\/22971"}],"wp:attachment":[{"href":"http:\/\/fmriachuelo.it10.com.ar\/index.php\/wp-json\/wp\/v2\/media?parent=600"}],"wp:term":[{"taxonomy":"category","embeddable":true,"href":"http:\/\/fmriachuelo.it10.com.ar\/index.php\/wp-json\/wp\/v2\/categories?post=600"},{"taxonomy":"post_tag","embeddable":true,"href":"http:\/\/fmriachuelo.it10.com.ar\/index.php\/wp-json\/wp\/v2\/tags?post=600"}],"curies":[{"name":"wp","href":"https:\/\/api.w.org\/{rel}","templated":true}]}}