{"id":5998,"date":"2017-11-19T13:51:43","date_gmt":"2017-11-19T13:51:43","guid":{"rendered":"http:\/\/fmriachuelo.com.ar\/?p=5998"},"modified":"2017-11-19T13:51:43","modified_gmt":"2017-11-19T13:51:43","slug":"fm-la-milagrosa-inauguro-nuevo-estudio-de-radio","status":"publish","type":"post","link":"http:\/\/fmriachuelo.it10.com.ar\/index.php\/2017\/11\/19\/fm-la-milagrosa-inauguro-nuevo-estudio-de-radio\/","title":{"rendered":"FM LA MILAGROSA INAUGUR\u00d3 NUEVO ESTUDIO DE RADIO"},"content":{"rendered":"<p>[FM Riachuelo 19-11-2017]Ayer por la noche en el Club Cardenas, ubicado en el barrio de Mataderos, se dio lugar a una fiesta de inauguraci\u00f3n del nuevo estudio de radio de FM La Milagrosa, quienes adem\u00e1s cumplen 10 a\u00f1os de comunicaci\u00f3n popular.<\/p>\n<p><iframe loading=\"lazy\" title=\"19-11-2017- FM LA MILAGROSA INAUGUR\u00d3 NUEVO ESTUDIO DE RADIO by FMR\" width=\"500\" height=\"450\" scrolling=\"no\" frameborder=\"no\" src=\"https:\/\/w.soundcloud.com\/player\/?visual=true&#038;url=https%3A%2F%2Fapi.soundcloud.com%2Fplaylists%2F380869151&#038;show_artwork=true&#038;maxheight=750&#038;maxwidth=500\"><\/iframe><\/p>\n<p>Con motivo de festejo, este s\u00e1bado se realiz\u00f3 una fiesta en el Club Cardenas de Mataderos, donde se festej\u00f3 junto a vecinos y compa\u00f1eros de otras radios comunitarias, la apertura del nuevo estudio de radio de FM 100.9 La Milagrosa. Esta radio que lleva transmitiendo hace 10 a\u00f1os en el edificio \u201cElefante Blanco\u201d, ante la inminente demolici\u00f3n del mismo, logr\u00f3 conseguir un nuevo estudio con el cual seguir ejerciendo la comunicaci\u00f3n popular.<\/p>\n<p>Juan N\u00fa\u00f1ez, director de la radio, record\u00f3 los comienzos de La Milagrosa y dijo: \u201ces la radio que so\u00f1\u00e1bamos, porque la verdad que so\u00f1\u00e1bamos que nos merec\u00edamos un estudio como el que tenemos hoy, grande y amplio. Que nos merec\u00edamos poder utilizar ese recurso que conseguimos para ampliar la radio, gracias a FARCO y el apoyo del Ministerio de Desarrollo Social, que nos permiti\u00f3 tambi\u00e9n ampliar la potencia y tener una gran cobertura en la ciudad\u201d.<\/p>\n<p>Pablo Antonini, presidente de FARCO, brindo unas palabras para los presentes diciendo \u201cSobre todo, lo que estamos celebrando es pueblo organizado haciendo comunicaci\u00f3n\u201d. Adem\u00e1s expres\u00f3 que \u201cnos la arreglamos para decir lo que nos pasa, para decir que no queremos que nos cuenten, para decir que queremos tener nuestras propias voces. Y lo hacemos de las maneras m\u00e1s creativas, m\u00e1s inimaginables, de las maneras que a ellos les enojan tanto\u201d.<\/p>\n<p>Finalmente, Marcela Villar, presidente del club, le dio la bienvenida a la radio de la siguiente manera: \u201cBienvenidos a este club, que es su casa y para esta gran familia que se sigue agrandando, porque si algo le faltaba al Cardenas era esto para seguir creciendo\u201d. Por otro lado, demostr\u00f3 su apoyo para este proyecto que reci\u00e9n comienza, ya que \u201cmerecemos una ciudad, un barrio con una comunicaci\u00f3n verdadera, con nuestros derechos respetados, que hoy est\u00e1n siendo vulnerados y con todo ese discurso que nos excluye todo el tiempo\u201d.<\/p>\n","protected":false},"excerpt":{"rendered":"<p>[FM Riachuelo 19-11-2017]Ayer por la noche en el Club Cardenas, ubicado en el barrio de Mataderos, se dio lugar a una fiesta de inauguraci\u00f3n del nuevo estudio de radio de FM La Milagrosa, quienes adem\u00e1s cumplen 10 a\u00f1os de comunicaci\u00f3n popular. Con motivo de festejo, este s\u00e1bado se realiz\u00f3 una fiesta en el Club Cardenas [&hellip;]<\/p>\n","protected":false},"author":5,"featured_media":5999,"comment_status":"open","ping_status":"open","sticky":false,"template":"","format":"standard","meta":{"_monsterinsights_skip_tracking":false,"_monsterinsights_sitenote_active":false,"_monsterinsights_sitenote_note":"","_monsterinsights_sitenote_category":0,"jnews-multi-image_gallery":[],"jnews_single_post":[],"jnews_primary_category":[],"_joinchat":[],"footnotes":""},"categories":[76,77],"tags":[],"class_list":["post-5998","post","type-post","status-publish","format-standard","has-post-thumbnail","hentry","category-salud-comunitaria","category-soberania"],"_links":{"self":[{"href":"http:\/\/fmriachuelo.it10.com.ar\/index.php\/wp-json\/wp\/v2\/posts\/5998","targetHints":{"allow":["GET"]}}],"collection":[{"href":"http:\/\/fmriachuelo.it10.com.ar\/index.php\/wp-json\/wp\/v2\/posts"}],"about":[{"href":"http:\/\/fmriachuelo.it10.com.ar\/index.php\/wp-json\/wp\/v2\/types\/post"}],"author":[{"embeddable":true,"href":"http:\/\/fmriachuelo.it10.com.ar\/index.php\/wp-json\/wp\/v2\/users\/5"}],"replies":[{"embeddable":true,"href":"http:\/\/fmriachuelo.it10.com.ar\/index.php\/wp-json\/wp\/v2\/comments?post=5998"}],"version-history":[{"count":0,"href":"http:\/\/fmriachuelo.it10.com.ar\/index.php\/wp-json\/wp\/v2\/posts\/5998\/revisions"}],"wp:featuredmedia":[{"embeddable":true,"href":"http:\/\/fmriachuelo.it10.com.ar\/index.php\/wp-json\/wp\/v2\/media\/5999"}],"wp:attachment":[{"href":"http:\/\/fmriachuelo.it10.com.ar\/index.php\/wp-json\/wp\/v2\/media?parent=5998"}],"wp:term":[{"taxonomy":"category","embeddable":true,"href":"http:\/\/fmriachuelo.it10.com.ar\/index.php\/wp-json\/wp\/v2\/categories?post=5998"},{"taxonomy":"post_tag","embeddable":true,"href":"http:\/\/fmriachuelo.it10.com.ar\/index.php\/wp-json\/wp\/v2\/tags?post=5998"}],"curies":[{"name":"wp","href":"https:\/\/api.w.org\/{rel}","templated":true}]}}