{"id":5995,"date":"2017-11-21T23:58:11","date_gmt":"2017-11-21T23:58:11","guid":{"rendered":"http:\/\/fmriachuelo.com.ar\/?p=5995"},"modified":"2017-11-21T23:58:11","modified_gmt":"2017-11-21T23:58:11","slug":"homenaje-a-nehuen-rodriguez-en-la-cancha-de-huracan","status":"publish","type":"post","link":"http:\/\/fmriachuelo.it10.com.ar\/index.php\/2017\/11\/21\/homenaje-a-nehuen-rodriguez-en-la-cancha-de-huracan\/","title":{"rendered":"HOMENAJE A NEHUEN RODRIGUEZ EN LA CANCHA DE HURAC\u00c1N"},"content":{"rendered":"<p>[FM RIACHUELO 21\/11\/2017] Este Lunes antes del arranque del partido entre Hurac\u00e1n y V\u00e9lez Sarsfield, los jugadores posaron con un cartel con consigna \u201cNehuen Rodriguez presente\u201d. El joven fan\u00e1tico de Hurac\u00e1n hab\u00eda dado sus primeros pasos en divisiones inferiores y como alcanza pelotas en el club, perdi\u00f3 su vida (atropellado por un patrullero de la polic\u00eda metropolitana) yendo a los festejos del 15 de diciembre de 2014, cuando el club ascend\u00eda a primera divisi\u00f3n.<\/p>\n<p>Fm Riachuelo convers\u00f3 con \u00a0Juan Manuel Ciuccio, hincha del club y periodista de la Agencia Paco Urondo, que particip\u00f3 en la organizaci\u00f3n del homenaje a Nehuen , dijo que \u201cla idea surgi\u00f3 hace un tiempo cuando busc\u00e1bamos maneras de visibilizar el caso, despu\u00e9s de que \u00a0hayan suspendido dos veces el juicio\u00bb, y agreg\u00f3 \u00bb ahora esperamos que el <strong>20 de febrero<\/strong> sea la fecha definitiva para el inicio del juicio a los culpables\u201d. Tambi\u00e9n se refiri\u00f3 a la impunidad policial y las maniobras judiciales para proteger a los efectivos que atropellaron al joven: \u201cEl poder judicial demuestra cada vez m\u00e1s que por algo es uno de los poderes del estado m\u00e1s criticados por todos y cuando se intent\u00f3 hacer una \u00a0democratizaci\u00f3n hicieron todo lo posible para que eso no suceda. Se siguen manejando con un modelo de castas y elitista que genera impunidad\u201d.<\/p>\n<p>Escucha la entrevista: <a href=\"https:\/\/soundcloud.com\/prensa-fm-riachuelo\/jugadores-de-huracan-homenajearon-a-nehuen-rodriguez\">https:\/\/soundcloud.com\/prensa-fm-riachuelo\/jugadores-de-huracan-homenajearon-a-nehuen-rodriguez<\/a><\/p>\n<p>Juan Manuel Ciuccio public\u00f3 una nota en la Agencia Paco Urondo donde escribi\u00f3: \u201cNehuen tuvo finalmente el merecido homenaje en el club de sus amores. Un primer paso para visibilizar su caso en la familia quemera, buscando nuevos apoyos de cara al juicio que se viene. Peque\u00f1os gestos que a veces puede conquistar el f\u00fatbol argentino, alej\u00e1ndose de las tramas privatistas y excluyentes en que ha vuelto a verse enrevesado. El rostro emocionado de Roxi, volviendo a ver a su Nehuen en el Duc\u00f3, nos indica que ha servido tambi\u00e9n para darle fuerzas a\u00a0<a href=\"https:\/\/www.facebook.com\/Justicia-x-Nehuen-905822736102614\/\">esta familia tan golpeada<\/a>, que intentar\u00e1 que \u00e9sta vez el Poder Judicial no le d\u00e9 la espalda\u201d.<\/p>\n","protected":false},"excerpt":{"rendered":"<p>[FM RIACHUELO 21\/11\/2017] Este Lunes antes del arranque del partido entre Hurac\u00e1n y V\u00e9lez Sarsfield, los jugadores posaron con un cartel con consigna \u201cNehuen Rodriguez presente\u201d. El joven fan\u00e1tico de Hurac\u00e1n hab\u00eda dado sus primeros pasos en divisiones inferiores y como alcanza pelotas en el club, perdi\u00f3 su vida (atropellado por un patrullero de la [&hellip;]<\/p>\n","protected":false},"author":5,"featured_media":5996,"comment_status":"open","ping_status":"open","sticky":false,"template":"","format":"standard","meta":{"_monsterinsights_skip_tracking":false,"_monsterinsights_sitenote_active":false,"_monsterinsights_sitenote_note":"","_monsterinsights_sitenote_category":0,"jnews-multi-image_gallery":[],"jnews_single_post":[],"jnews_primary_category":[],"_joinchat":[],"footnotes":""},"categories":[78,76],"tags":[],"class_list":["post-5995","post","type-post","status-publish","format-standard","has-post-thumbnail","hentry","category-economia-popular","category-salud-comunitaria"],"_links":{"self":[{"href":"http:\/\/fmriachuelo.it10.com.ar\/index.php\/wp-json\/wp\/v2\/posts\/5995","targetHints":{"allow":["GET"]}}],"collection":[{"href":"http:\/\/fmriachuelo.it10.com.ar\/index.php\/wp-json\/wp\/v2\/posts"}],"about":[{"href":"http:\/\/fmriachuelo.it10.com.ar\/index.php\/wp-json\/wp\/v2\/types\/post"}],"author":[{"embeddable":true,"href":"http:\/\/fmriachuelo.it10.com.ar\/index.php\/wp-json\/wp\/v2\/users\/5"}],"replies":[{"embeddable":true,"href":"http:\/\/fmriachuelo.it10.com.ar\/index.php\/wp-json\/wp\/v2\/comments?post=5995"}],"version-history":[{"count":0,"href":"http:\/\/fmriachuelo.it10.com.ar\/index.php\/wp-json\/wp\/v2\/posts\/5995\/revisions"}],"wp:featuredmedia":[{"embeddable":true,"href":"http:\/\/fmriachuelo.it10.com.ar\/index.php\/wp-json\/wp\/v2\/media\/5996"}],"wp:attachment":[{"href":"http:\/\/fmriachuelo.it10.com.ar\/index.php\/wp-json\/wp\/v2\/media?parent=5995"}],"wp:term":[{"taxonomy":"category","embeddable":true,"href":"http:\/\/fmriachuelo.it10.com.ar\/index.php\/wp-json\/wp\/v2\/categories?post=5995"},{"taxonomy":"post_tag","embeddable":true,"href":"http:\/\/fmriachuelo.it10.com.ar\/index.php\/wp-json\/wp\/v2\/tags?post=5995"}],"curies":[{"name":"wp","href":"https:\/\/api.w.org\/{rel}","templated":true}]}}