{"id":599,"date":"2015-04-06T16:25:00","date_gmt":"2015-04-06T16:25:00","guid":{"rendered":"http:\/\/fmriachuelo.observatorioess.org.ar\/index.php\/2015\/04\/06\/un-nuevo-aniversario-del-asesinato-del-maestro-y-luchador-carlos-fuentealba\/"},"modified":"2025-03-27T13:42:29","modified_gmt":"2025-03-27T16:42:29","slug":"un-nuevo-aniversario-del-asesinato-del-maestro-y-luchador-carlos-fuentealba","status":"publish","type":"post","link":"http:\/\/fmriachuelo.it10.com.ar\/index.php\/2015\/04\/06\/un-nuevo-aniversario-del-asesinato-del-maestro-y-luchador-carlos-fuentealba\/","title":{"rendered":"UN NUEVO ANIVERSARIO DEL ASESINATO DEL MAESTRO Y LUCHADOR CARLOS FUENTEALBA"},"content":{"rendered":"<p><span style=\"font-family: Verdana, sans-serif\"><strong>Carlos Fuentealba: ocho a\u00f1os de impunidad, ocho a\u00f1os de lucha<\/strong><\/span><span style=\"font-family: Verdana, sans-serif\">Este 4 de abril se llevaron adelante en Neuqu\u00e9n distintas actividades en reclamo de juicio y castigo a los responsables del fusilamiento p\u00fablico de Carlos Fuentealba.<\/p>\n<div style=\"clear: both;text-align: center\"><a href=\"http:\/\/3.bp.blogspot.com\/-gEfN_kjYU30\/VSQFKI625wI\/AAAAAAAADoY\/OovcsCYG4NM\/s1600\/MARCHA%2BFUENTE.jpg\" style=\"clear: left;float: left;margin-bottom: 1em;margin-right: 1em\"><img loading=\"lazy\" decoding=\"async\" border=\"0\" src=\"http:\/\/3.bp.blogspot.com\/-gEfN_kjYU30\/VSQFKI625wI\/AAAAAAAADoY\/OovcsCYG4NM\/s1600\/MARCHA%2BFUENTE.jpg\" height=\"212\" width=\"320\" \/><\/a><\/div>\n<p>En estos ocho a\u00f1os, la gran conquista de haber logrado la perpetua para el cabo Poblete, que fue quien jal\u00f3 el gatillo de la pistola lanzagases que asesin\u00f3 a nuestro compa\u00f1ero, se ha visto desvirtuada por reiteradas violaciones de las autoridades penitenciarias, que le permiten salir a su antojo, llegando incluso a \u00abdarle trabajo\u00bb como represor de los detenidos en la U11, cuando estaba en esa unidad, \u00abcastigado\u00bb por salir de la c\u00e1rcel de Zapala a \u00abcomprar remedios\u00bb.<br \/>Adem\u00e1s, como se denuncia desde el conjunto de las organizaciones, la justicia del MPN ha ido deslindando de responsabilidades a los jefes policiales y funcionarios, empezando por el odiado Jorge Omar Sobisch, que en ese momento era el gobernador y fue quien dio la orden a la polic\u00eda provincial de reprimir aquel 4 de abril del 2007.<a name='more'><\/a><br \/>Por todos estos motivos, el de juicio y castigo a todos los responsables es un reclamo muy sentido por los trabajadores y trabajadoras de la educaci\u00f3n, que transformamos cada 4 de abril en una jornada de lucha y movilizaci\u00f3n contra la impunidad.<\/span><br \/><span style=\"font-family: Verdana, sans-serif\">Este a\u00f1o no fue la excepci\u00f3n y la jornada comenz\u00f3 como todos los a\u00f1os con un acto en el lugar de la ruta 22 en que Carlos recibi\u00f3 el disparo de la polic\u00eda asesina. Esta actividad fue convocada por la seccional Senillosa y cont\u00f3 con la participaci\u00f3n de las seccionales y agrupaciones de ATEN opositoras a la actual conducci\u00f3n yaskista.<\/p>\n<p>Posteriormente un grupo de profesores\/as realiz\u00f3 una bicicleteada desde ese punto hasta el centro de la ciudad de Neuqu\u00e9n, donde estaba convocado el acto central, consistente en una marcha y posterior recital de Victor Heredia.<\/p>\n<p>La movilizaci\u00f3n fue masiva, considerando que era s\u00e1bado de un fin de semana largo y casi en paridad de fuerzas entre los sectores que responden a la conducci\u00f3n provincial de ATEN, alineada con la CTERA y el gobierno nacional y los sectores opositores a la conducci\u00f3n del sindicato, acompa\u00f1ados por la Junta Interna del Hospital Castro Rend\u00f3n y las organizaciones de izquierda.<\/p>\n<p>Ambos sectores partimos de compartir el mismo reclamo, pero sostenemos distintas posiciones sobre c\u00f3mo llevar adelante la lucha contra la impunidad.<\/p>\n<p>Mientras que la conducci\u00f3n provincial de ATEN privilegia la pol\u00edtica de realizar acciones judiciales sin apelar a la movilizaci\u00f3n ni realizando exigencias de ning\u00fan tipo a la CTERA, desde la oposici\u00f3n sostenemos que la forma de realizar una lucha masiva y contundente, con mayores perspectivas de lograr el juicio y castigo a los responsables es con una lucha activa convocada desde la CTERA, que a su vez no debe estar desligada del conjunto de los reclamos de los trabajadores y trabajadoras de la educaci\u00f3n a nivel nacional.<\/p>\n<p>No es casual que en aquel 2007 hab\u00edamos llegado a la ruta por la negativa cerrada de la CTERA a impulsar cualquier tipo de plan de lucha nacional.<\/p>\n<p>Por este motivo, desde el bloque de la oposici\u00f3n, integrado por las seccionales de Cutral C\u00f3, Zapala, Plottier, Rinc\u00f3n de los Sauces, Andacollo, Piedra del \u00c1guila, Las Lajas y las minor\u00edas de ATEN provincial y Capital y las agrupaciones opositoras y combativas del sindicato, nos retiramos del acto cuando se le dio la palabra al representante de la CTERA, dirigi\u00e9ndonos a la Casa de Gobierno, que es el lugar que ocupa aquel que garantiz\u00f3 el pacto de impunidad para Sobisch: el actual gobernador Sapag.<\/span><br \/><span style=\"font-family: Verdana\"><\/span><br \/><span style=\"font-family: Verdana, sans-serif\"><strong>A ocho a\u00f1os del fusilamiento del compa\u00f1ero Carlos Fuentealba<\/strong><\/span><br \/><span style=\"font-family: Verdana, sans-serif\">El polic\u00eda asesino de Fuentealba, Dar\u00edo Poblete, cumple condena perpetua, pero goza de salidas transitorias y se pasea por las calles de Neuqu\u00e9n. Por otra parte, en la causa Fuentealba II que investiga a los autores intelectuales y pol\u00edticos del hecho, el exgobernador Jorge Sobisch, que diera la orden de represi\u00f3n, y el resto de los responsables siguen impunes. El pr\u00f3ximo martes el Tribunal de Impugnaci\u00f3n decidir\u00e1 sobre el desenlace de esta causa en la que tambi\u00e9n est\u00e1n imputados 15 polic\u00edas que actuaron en el violento operativo donde asesinaron al docente neuquino. En una audiencia, se revisar\u00e1 el sobreseimiento que dict\u00f3 la jueza Ana Malvido sobre todos los imputados.<\/p>\n<p>La manifestaci\u00f3n de Arroyito y su muerte a manos de la Polic\u00eda<\/p>\n<p> En el marco de una huelga del sindicato docente neuquino ATEN, perteneciente a la CTERA, se decidi\u00f3, como medida de protesta, hacer un corte de la ruta 22 a la altura de Arroyito , cerca del pueblo de Senillosa, el 4 de abril de 2007. La decisi\u00f3n fue tomada en asamblea por la mayor\u00eda de los afiliados al sindicato. Ese d\u00eda la polic\u00eda provincial recibi\u00f3 la orden del Gobernador Jorge Sobisch de impedir que los manifestantes cortaran la ruta. Al llegar al lugar y antes de que se efectivizara el corte de ruta, los docentes fueron desalojados en dos ocasiones con balas de goma, gases lacrim\u00f3genos y un carro hidrante. Luego cuando se retiraban, las camionetas policiales se adelantaron a la caravana, encerr\u00e1ndola y reanudaron la represi\u00f3n. Fuentealba se encontraba en el asiento trasero de un Fiat 147 cuando el polic\u00eda Jos\u00e9 Dar\u00edo Poblete, integrante del Grupo Especial de Operaciones Policiales (G.E.O.P.) dispar\u00f3 una granada de gas lacrim\u00f3geno hacia el auto, que se encontraba a unos 2 metros de distancia. El cartucho de gas lacrim\u00f3geno atraves\u00f3 el vidrio del veh\u00edculo y le impact\u00f3 en la nuca a Fuentealba, caus\u00e1ndole un hundimiento de cr\u00e1neo. En el hospital provincial fue sometido a dos operaciones y finalmente muri\u00f3 al d\u00eda siguiente.<\/p>\n<p>Causa Fuentealba II: Sobreseyeron a todos los imputados<\/p>\n<p>Los quince imputados en la causa Fuentealba II, en la que se investigan las responsabilidades pol\u00edticas y policiales por el crimen de Carlos Fuentealba fueron sobrese\u00eddos el 5 de septiembre de 2014. La magistrada (Ana Malvido) hizo lugar a un planteo del Ministerio P\u00fablico Fiscal y a las defensas de los imputados, mientras que la querella en representaci\u00f3n de Sandra Rodr\u00edguez, la viuda del docente, reclam\u00f3 la continuidad de la investigaci\u00f3n. Con esta resoluci\u00f3n, fueron sobrese\u00eddos Ra\u00fal Pascuarelli, ex secretario de Seguridad de Neuqu\u00e9n; el ex jefe de la polic\u00eda Carlos Salazar; el ex subjefe de esa fuerza Mois\u00e9s Soto, y otros 12 agentes policiales. La viuda de Fuentealba afirm\u00f3 que \u00abla impunidad no va a durar por siempre\u00bb.<\/p>\n<p>La Confederaci\u00f3n de Trabajadores de la Educaci\u00f3n (CTERA) junto a la CTA Yasky y organismos de Derechos Humanos anunciaron el lanzamiento de una campa\u00f1a por \u00abjusticia completa\u00bb en la causa de Carlos Fuentealba, el 11 de noviembre pasado, adem\u00e1s de la elevaci\u00f3n a tribunales internacionales. Sin embargo no han llamado a ninguna medida concreta de lucha para imponer estas demandas.<\/span><br \/><span style=\"color: blue;font-family: Verdana\">Fuente: La Izquierda Diario, Producci\u00f3n Riachuelo<\/span><\/p>\n<hr class=\"spip\" \/>\n","protected":false},"excerpt":{"rendered":"<p>Carlos Fuentealba: ocho a\u00f1os de impunidad, ocho a\u00f1os de luchaEste 4 de abril se llevaron adelante en Neuqu\u00e9n distintas actividades en reclamo de juicio y castigo a los responsables del fusilamiento p\u00fablico de Carlos Fuentealba. En estos ocho a\u00f1os, la gran conquista de haber logrado la perpetua para el cabo Poblete, que fue quien jal\u00f3 [&hellip;]<\/p>\n","protected":false},"author":4,"featured_media":0,"comment_status":"open","ping_status":"open","sticky":false,"template":"","format":"standard","meta":{"_monsterinsights_skip_tracking":false,"_monsterinsights_sitenote_active":false,"_monsterinsights_sitenote_note":"","_monsterinsights_sitenote_category":0,"jnews-multi-image_gallery":[],"jnews_single_post":{"format":"standard"},"jnews_primary_category":[],"_joinchat":[],"footnotes":""},"categories":[58],"tags":[119,89],"class_list":["post-599","post","type-post","status-publish","format-standard","hentry","category-noticiariachuelo","tag-derechos-humanos","tag-violencia-institucional"],"_links":{"self":[{"href":"http:\/\/fmriachuelo.it10.com.ar\/index.php\/wp-json\/wp\/v2\/posts\/599","targetHints":{"allow":["GET"]}}],"collection":[{"href":"http:\/\/fmriachuelo.it10.com.ar\/index.php\/wp-json\/wp\/v2\/posts"}],"about":[{"href":"http:\/\/fmriachuelo.it10.com.ar\/index.php\/wp-json\/wp\/v2\/types\/post"}],"author":[{"embeddable":true,"href":"http:\/\/fmriachuelo.it10.com.ar\/index.php\/wp-json\/wp\/v2\/users\/4"}],"replies":[{"embeddable":true,"href":"http:\/\/fmriachuelo.it10.com.ar\/index.php\/wp-json\/wp\/v2\/comments?post=599"}],"version-history":[{"count":1,"href":"http:\/\/fmriachuelo.it10.com.ar\/index.php\/wp-json\/wp\/v2\/posts\/599\/revisions"}],"predecessor-version":[{"id":22972,"href":"http:\/\/fmriachuelo.it10.com.ar\/index.php\/wp-json\/wp\/v2\/posts\/599\/revisions\/22972"}],"wp:attachment":[{"href":"http:\/\/fmriachuelo.it10.com.ar\/index.php\/wp-json\/wp\/v2\/media?parent=599"}],"wp:term":[{"taxonomy":"category","embeddable":true,"href":"http:\/\/fmriachuelo.it10.com.ar\/index.php\/wp-json\/wp\/v2\/categories?post=599"},{"taxonomy":"post_tag","embeddable":true,"href":"http:\/\/fmriachuelo.it10.com.ar\/index.php\/wp-json\/wp\/v2\/tags?post=599"}],"curies":[{"name":"wp","href":"https:\/\/api.w.org\/{rel}","templated":true}]}}