{"id":5989,"date":"2017-11-21T20:02:31","date_gmt":"2017-11-21T20:02:31","guid":{"rendered":"http:\/\/fmriachuelo.com.ar\/?p=5989"},"modified":"2017-11-21T20:02:31","modified_gmt":"2017-11-21T20:02:31","slug":"movimientos-populares-se-movilizaron-al-anses-por-el-bono-a-jubilados-y-a-la-auh","status":"publish","type":"post","link":"http:\/\/fmriachuelo.it10.com.ar\/index.php\/2017\/11\/21\/movimientos-populares-se-movilizaron-al-anses-por-el-bono-a-jubilados-y-a-la-auh\/","title":{"rendered":"MOVIMIENTOS POPULARES SE MOVILIZARON AL ANSES POR EL BONO A JUBILADOS Y A LA AUH"},"content":{"rendered":"<p style=\"text-align: left\">[FM Riachuelo 21\/11\/2017] \u00a0En el d\u00eda de hoy diferentes organizaciones sociales encabezadas por la Confederaci\u00f3n de Trabajadores de la Econom\u00eda Popular, la \u00a0Corriente Clasista Combativa y por el Movimiento Barrios De Pie marcharon desde el obelisco a la sede central del ANSES ubicado en Avenida C\u00f3rdoba 720.<\/p>\n<p style=\"text-align: left\">Cerca de las once de la ma\u00f1ana concentraron en el obelisco y luego se movilizaron hasta la puerta del ANSES\u00a0 para entregar un petitorio a las autoridades correspondientes. Exigiendo\u00a0 que el gobierno les pague el bono de fin de a\u00f1o a los jubilados y beneficiarios de la Asignaci\u00f3n Universal por Hijos, con el prop\u00f3sito de que ning\u00fan sector social quede desprotegido.<\/p>\n<p><iframe loading=\"lazy\" title=\"21-11-17 - MOVIMIENTOS POPULARES SE MOVILIZAN AL ANSES POR EL BONO A JUBILADOS Y EL AUH by FMR\" width=\"500\" height=\"450\" scrolling=\"no\" frameborder=\"no\" src=\"https:\/\/w.soundcloud.com\/player\/?visual=true&#038;url=https%3A%2F%2Fapi.soundcloud.com%2Fplaylists%2F380156597&#038;show_artwork=true&#038;maxheight=750&#038;maxwidth=500\"><\/iframe><\/p>\n<p>&nbsp;<\/p>\n<p>Los referentes de las organizaciones sociales\u00a0 Luciano \u00c1lvarez (CTEP),Jos\u00e9 Oscari (BARRIOS DE PIE), Cristina Mena (CTEP), Gildo Oronato (CTEP) y Mariano S\u00e1nchez (MIJP-CCC), fueron recibidos por el Director de Asuntos Gremiales Max Fehrmann.<\/p>\n<p>En el petitorio entregado solicitan el bono de fin de a\u00f1o acorde al valor del INDEC de la canasta navide\u00f1a; la incorporaci\u00f3n de todos los jubilados, incluidos aquellos que se jubilaron por moratoria en el proyecto del 82 % m\u00f3vil y adem\u00e1s manifestaron el rechazo al proyecto de modificaci\u00f3n provisional.<\/p>\n<p>Fm Riachuelo 100.9, dialog\u00f3 con el Secretario General de la CTEP Esteban \u201cGringo\u201d Castro \u00a0\u201cEl gobierno dispuso que los jubilados y pensionados no cobrar\u00e1n el bono de fin de a\u00f1o, planteando que los que tienen\u00a0 Programas de Empleados con Inclusi\u00f3n y Salario Social Complementario ellos si van a cobrar, lo cual\u00a0 divide el campo popular. Creemos que es una aberraci\u00f3n por parte de los sectores m\u00e1s concentrados de la econom\u00eda\u201d.<\/p>\n<p>Al t\u00e9rmino de la reuni\u00f3n Luciano \u00c1lvarez referente de la Mesa Gremial 19 y 20 (CTEP) asegur\u00f3 \u201cles planteamos que nuestro pueblo no va a soportar este modelo econ\u00f3mico de ajuste, si en 15 d\u00edas no hay respuestas \u00a0concretas nos van a volver a ver en la puerta de todos los ANSES \u00a0del pa\u00eds y si eso no alcanza nos van a encontrar pasando la navidad en Plaza de Mayo y todas las plazas del pa\u00eds.\u201d<\/p>\n<p>&nbsp;<\/p>\n","protected":false},"excerpt":{"rendered":"<p>[FM Riachuelo 21\/11\/2017] \u00a0En el d\u00eda de hoy diferentes organizaciones sociales encabezadas por la Confederaci\u00f3n de Trabajadores de la Econom\u00eda Popular, la \u00a0Corriente Clasista Combativa y por el Movimiento Barrios De Pie marcharon desde el obelisco a la sede central del ANSES ubicado en Avenida C\u00f3rdoba 720. Cerca de las once de la ma\u00f1ana concentraron [&hellip;]<\/p>\n","protected":false},"author":5,"featured_media":5990,"comment_status":"open","ping_status":"open","sticky":false,"template":"","format":"standard","meta":{"_monsterinsights_skip_tracking":false,"_monsterinsights_sitenote_active":false,"_monsterinsights_sitenote_note":"","_monsterinsights_sitenote_category":0,"jnews-multi-image_gallery":[],"jnews_single_post":[],"jnews_primary_category":[],"_joinchat":[],"footnotes":""},"categories":[76,74,75],"tags":[],"class_list":["post-5989","post","type-post","status-publish","format-standard","has-post-thumbnail","hentry","category-salud-comunitaria","category-san-cayetano","category-trabajo"],"_links":{"self":[{"href":"http:\/\/fmriachuelo.it10.com.ar\/index.php\/wp-json\/wp\/v2\/posts\/5989","targetHints":{"allow":["GET"]}}],"collection":[{"href":"http:\/\/fmriachuelo.it10.com.ar\/index.php\/wp-json\/wp\/v2\/posts"}],"about":[{"href":"http:\/\/fmriachuelo.it10.com.ar\/index.php\/wp-json\/wp\/v2\/types\/post"}],"author":[{"embeddable":true,"href":"http:\/\/fmriachuelo.it10.com.ar\/index.php\/wp-json\/wp\/v2\/users\/5"}],"replies":[{"embeddable":true,"href":"http:\/\/fmriachuelo.it10.com.ar\/index.php\/wp-json\/wp\/v2\/comments?post=5989"}],"version-history":[{"count":0,"href":"http:\/\/fmriachuelo.it10.com.ar\/index.php\/wp-json\/wp\/v2\/posts\/5989\/revisions"}],"wp:featuredmedia":[{"embeddable":true,"href":"http:\/\/fmriachuelo.it10.com.ar\/index.php\/wp-json\/wp\/v2\/media\/5990"}],"wp:attachment":[{"href":"http:\/\/fmriachuelo.it10.com.ar\/index.php\/wp-json\/wp\/v2\/media?parent=5989"}],"wp:term":[{"taxonomy":"category","embeddable":true,"href":"http:\/\/fmriachuelo.it10.com.ar\/index.php\/wp-json\/wp\/v2\/categories?post=5989"},{"taxonomy":"post_tag","embeddable":true,"href":"http:\/\/fmriachuelo.it10.com.ar\/index.php\/wp-json\/wp\/v2\/tags?post=5989"}],"curies":[{"name":"wp","href":"https:\/\/api.w.org\/{rel}","templated":true}]}}