{"id":5983,"date":"2017-11-17T23:46:25","date_gmt":"2017-11-17T23:46:25","guid":{"rendered":"http:\/\/fmriachuelo.com.ar\/?p=5983"},"modified":"2017-11-17T23:46:25","modified_gmt":"2017-11-17T23:46:25","slug":"entrevista-a-luciano-alvarez-soberania-alimentaria-en-la-agenda-de-la-economia-popular","status":"publish","type":"post","link":"http:\/\/fmriachuelo.it10.com.ar\/index.php\/2017\/11\/17\/entrevista-a-luciano-alvarez-soberania-alimentaria-en-la-agenda-de-la-economia-popular\/","title":{"rendered":"ENTREVISTA A LUCIANO ALVAREZ: SOBERAN\u00cdA ALIMENTARIA EN LA AGENDA DE LA ECONOM\u00cdA POPULAR"},"content":{"rendered":"<p>[FM RIACHUELO 17\/11\/2017] Entre los d\u00edas 16, 17 y 18 de noviembre mas de 700 trabajadores y trabajadoras de cooperativas, organizaciones sociales, empresas sociales, talleres protegidos y universidades se reunir\u00e1n en la Universas Nacional de Quilmes en el marco del \u00abI Encuentro Latinoamericano de Cooperaci\u00f3n Social y Econom\u00eda Solidaria y el II Encuentro de Empresas Sociales en Salud Mental\u00bb. Dichos encuentros se dan con el fin de construir \u00a0espacios colectivos \u00a0donde puedan realizarse intercambios entre las diversas experiencias y \u00a0lograr el fortalecimiento de la cooperaci\u00f3n social como estrategia de ampliaci\u00f3n de derechos en educaci\u00f3n, salud y trabajo. En ese sentido, este viernes, se pudo celebrar la firma de un convenio entre la Universidad Nacional de Quilmes y la CTEP para que los conocimientos desarrollados por los estudiantes de la carrera de Ingenier\u00eda naval puedan quedar a disposici\u00f3n de los productores y pescadores para el crecimiento de sus actividades.<\/p>\n<p>Por otra parte, tambi\u00e9n se realiz\u00f3 el 3\u00ba Encuentro de Formaci\u00f3n en Econom\u00eda Popular en el Polo textil y productivo del Frente Popular Dar\u00edo Santill\u00e1n, los mismos que se vienen desarrollando con el objetivo de generar estrategias para el fortalecimiento de la econom\u00eda popular y contra la llegada en diciembre de la OMC (Organizaci\u00f3n Mundial del Comercio) a nuestro pa\u00eds.<\/p>\n<p>Luciano Alvarez de la mesa gremial 19 y 20 e integrante de la Organizaci\u00f3n Social y Pol\u00edtica Los Pibes estuvo presente en ambas actividades y detall\u00f3 como se fueron llevando a cabo cada una de ellas. Escucha la entrevista realizada en Rompe el Cerco Informativo:<\/p>\n<p><iframe loading=\"lazy\" title=\"17-11-2017-ENCUENTRO DE FORMACI\u00d3N EN ECONOM\u00cdA POPULAR Y 1\u00ba ENCUENTRO DE COOP. SOCIAL by FMR\" width=\"500\" height=\"450\" scrolling=\"no\" frameborder=\"no\" src=\"https:\/\/w.soundcloud.com\/player\/?visual=true&#038;url=https%3A%2F%2Fapi.soundcloud.com%2Fplaylists%2F377364884&#038;show_artwork=true&#038;maxheight=750&#038;maxwidth=500\"><\/iframe><\/p>\n<p>&nbsp;<\/p>\n","protected":false},"excerpt":{"rendered":"<p>[FM RIACHUELO 17\/11\/2017] Entre los d\u00edas 16, 17 y 18 de noviembre mas de 700 trabajadores y trabajadoras de cooperativas, organizaciones sociales, empresas sociales, talleres protegidos y universidades se reunir\u00e1n en la Universas Nacional de Quilmes en el marco del \u00abI Encuentro Latinoamericano de Cooperaci\u00f3n Social y Econom\u00eda Solidaria y el II Encuentro de Empresas [&hellip;]<\/p>\n","protected":false},"author":5,"featured_media":5984,"comment_status":"open","ping_status":"open","sticky":false,"template":"","format":"standard","meta":{"_monsterinsights_skip_tracking":false,"_monsterinsights_sitenote_active":false,"_monsterinsights_sitenote_note":"","_monsterinsights_sitenote_category":0,"jnews-multi-image_gallery":[],"jnews_single_post":[],"jnews_primary_category":[],"_joinchat":[],"footnotes":""},"categories":[76],"tags":[],"class_list":["post-5983","post","type-post","status-publish","format-standard","has-post-thumbnail","hentry","category-salud-comunitaria"],"_links":{"self":[{"href":"http:\/\/fmriachuelo.it10.com.ar\/index.php\/wp-json\/wp\/v2\/posts\/5983","targetHints":{"allow":["GET"]}}],"collection":[{"href":"http:\/\/fmriachuelo.it10.com.ar\/index.php\/wp-json\/wp\/v2\/posts"}],"about":[{"href":"http:\/\/fmriachuelo.it10.com.ar\/index.php\/wp-json\/wp\/v2\/types\/post"}],"author":[{"embeddable":true,"href":"http:\/\/fmriachuelo.it10.com.ar\/index.php\/wp-json\/wp\/v2\/users\/5"}],"replies":[{"embeddable":true,"href":"http:\/\/fmriachuelo.it10.com.ar\/index.php\/wp-json\/wp\/v2\/comments?post=5983"}],"version-history":[{"count":0,"href":"http:\/\/fmriachuelo.it10.com.ar\/index.php\/wp-json\/wp\/v2\/posts\/5983\/revisions"}],"wp:featuredmedia":[{"embeddable":true,"href":"http:\/\/fmriachuelo.it10.com.ar\/index.php\/wp-json\/wp\/v2\/media\/5984"}],"wp:attachment":[{"href":"http:\/\/fmriachuelo.it10.com.ar\/index.php\/wp-json\/wp\/v2\/media?parent=5983"}],"wp:term":[{"taxonomy":"category","embeddable":true,"href":"http:\/\/fmriachuelo.it10.com.ar\/index.php\/wp-json\/wp\/v2\/categories?post=5983"},{"taxonomy":"post_tag","embeddable":true,"href":"http:\/\/fmriachuelo.it10.com.ar\/index.php\/wp-json\/wp\/v2\/tags?post=5983"}],"curies":[{"name":"wp","href":"https:\/\/api.w.org\/{rel}","templated":true}]}}