{"id":598,"date":"2015-04-07T16:18:00","date_gmt":"2015-04-07T16:18:00","guid":{"rendered":"http:\/\/fmriachuelo.observatorioess.org.ar\/index.php\/2015\/04\/07\/ciudad-de-buenos-aires-la-policia-metropolitana\/"},"modified":"2025-03-27T13:43:26","modified_gmt":"2025-03-27T16:43:26","slug":"ciudad-de-buenos-aires-la-policia-metropolitana","status":"publish","type":"post","link":"http:\/\/fmriachuelo.it10.com.ar\/index.php\/2015\/04\/07\/ciudad-de-buenos-aires-la-policia-metropolitana\/","title":{"rendered":"CIUDAD DE BUENOS AIRES: LA POLICIA METROPOLITANA"},"content":{"rendered":"<p><span style=\"color: red;font-family: Verdana, sans-serif;font-size: large\"><strong>SOSPECHOSOS<\/strong><\/span><br \/><span style=\"font-family: Verdana, sans-serif\"><strong>M\u00e1s de la mitad de los altos mandos de la Metropolitana fueron parte de la dictadura<\/strong><\/span><br \/><span style=\"font-family: Verdana, sans-serif\">La Polic\u00eda Metropolitana cuenta con 186 miembros de las Fuerzas Armadas. 38 de los 52 miembros que ocupan los altos mandos provienen de la dictadura.<\/span><\/p>\n<div style=\"clear: both;text-align: center\"><span style=\"font-family: Verdana, sans-serif\"><a href=\"http:\/\/3.bp.blogspot.com\/-2RNnDtfhmdo\/VSQCPvGiJ7I\/AAAAAAAADoA\/tCyDMSd_iMg\/s1600\/METROPOLITANA.jpg\" style=\"clear: left;float: left;margin-bottom: 1em;margin-right: 1em\"><img loading=\"lazy\" decoding=\"async\" border=\"0\" src=\"http:\/\/3.bp.blogspot.com\/-2RNnDtfhmdo\/VSQCPvGiJ7I\/AAAAAAAADoA\/tCyDMSd_iMg\/s1600\/METROPOLITANA.jpg\" height=\"240\" width=\"320\" \/><\/a><\/span><\/div>\n<p><span style=\"font-family: Verdana, sans-serif\"><br \/>[Por Alejandrina Barry en La Izquierda Diario, 07\/04\/14]Desde que la Polic\u00eda Metropolitana fue creada por el jefe de gobierno de la Ciudad de Buenos Aires, Mauricio Macri, en acuerdo con el kirchnerismo, han salido a la luz diversos esc\u00e1ndalos relacionados con la violaci\u00f3n a los derechos humanos por parte de esta fuerza.<br \/>La designaci\u00f3n del Fino Palacios al mando de la misma, un defensor del golpe militar,  encubridor en la causa AMIA y creador de un sistema de espionaje paralelo al servicio de Macri, fue una de las denuncias m\u00e1s conocidas. Hoy est\u00e1n en discusi\u00f3n las armas de tortura: pistolas T\u00e1ser, que muestran para qu\u00e9 se prepara la derecha en la Ciudad.<br \/>La actuaci\u00f3n de la Metropolitana en las brutales represiones hacia los trabajadores y sectores populares en la ciudad dejaron en claro el objetivo que buscaban al incorporar una cuarta fuerza a las ya existentes en el territorio porte\u00f1o (Polic\u00eda Federal, Prefectura, Gendarmer\u00eda): construir una fuerza de choque, propia, que incremente la represi\u00f3n (llegando, como en el Parque Indoamericano, al asesinato) hacia los sectores m\u00e1s vulnerables que reclaman derechos elementales como una vivienda digna, derecho a la salud y a la educaci\u00f3n.<a name='more'><\/a><br \/>Con estos objetivos, seg\u00fan un informe del CELS, en el a\u00f1o 2010 la Polic\u00eda Metropolitana reclut\u00f3 a varios oficiales de la Polic\u00eda Federal que hab\u00edan sido pasados a retiro (sin explicaci\u00f3n, manteniendo su impunidad) encontr\u00e1ndose entre los agentes antecedentes en tareas de inteligencia, capacitaci\u00f3n en lucha antisubversiva y guerrilla urbana, varios en la \u00e9poca de la dictadura militar.<br \/>Esta informaci\u00f3n se comprob\u00f3 mediante un pedido de informes de la Defensor\u00eda del Pueblo de la Ciudad. La respuesta que tard\u00f3 mucho tiempo en llegar result\u00f3 en esta grav\u00edsima denuncia. Sin embargo a\u00fan falta conocer los datos de cu\u00e1ntos represores, agentes de inteligencia, polic\u00edas exonerados componen esta fuerza. Como le ha gustado decir al derechista empresario Macri, sin duda, \u201cson gente con experiencia\u201d.<br \/>La Comisi\u00f3n de Evaluaci\u00f3n de la Incorporaci\u00f3n de Personal comprob\u00f3 que 38 de los 52 altos mandos de la Polic\u00eda Metropolitana cumplieron funciones durante la dictadura militar, no dando a conocer hasta el momento a que fuerza pertenec\u00edan en aquel momento.<br \/>En la informaci\u00f3n que se ha conocido consta que hasta el 2013, ingresaron 186 militares, 142 de la Armada, 35 del Ej\u00e9rcito, 9 de la Fuerza A\u00e9rea, violando la ley de Seguridad Interior y la propia norma local que establece que no pueden incorporase a \u00e9sta fuerza sin haber renunciado a las Fuerzas Armadas. El gobierno de la Ciudad sali\u00f3 de este escollo para crear su fuerza de choque con un decreto reglamentario permiti\u00e9ndoles incorporarse sin problema.<\/p>\n<h3>Fuerzas represivas a la medida de la derecha<\/h3>\n<p>Cu\u00e1l era el inter\u00e9s, se pregunt\u00f3 el Cels, para la formaci\u00f3n en inteligencia y contra el terrorismo. La respuesta podemos darla en base a su actuaci\u00f3n bajo la formaci\u00f3n de combate al enemigo. En este caso el enemigo son los trabajadores, los j\u00f3venes y los sectores m\u00e1s pobres de la ciudad. Los desalojos y allanamiento violentos, los casos de gatillo f\u00e1cil que hoy contin\u00faan impunes son una muestra de ello.<br \/>Doce militares cumplen tareas en la llamada Divisi\u00f3n de Especiales Metropolitanas (DOEM), una de las tres fuerzas que act\u00faan en causas complejas. Por supuesto que para estas fuerzas represivas causas complejas, no son el narcotr\u00e1fico, la trata de personas, todo el crimen organizado. No. Causas complejas fueron el desalojo del Parque Indoamericano, el hospital Borda, la sala Alberdi y el desalojo del barrio Papa Francisco, entre otros desalojos y represiones.<br \/>En ninguno de estos casos es de extra\u00f1ar lamentablemente que este organismo este compuesto por integrantes de las fuerzas armadas, formados para operativos de guerra.<br \/>En el caso del Parque Indoamericano como en el barrio Papa Francisco, actuando en com\u00fan con el gobierno nacional, la Metropolitana y la Federal reprimieron salvajemente (sin mediar siquiera dialogo previo) con balas de plomo matando a 3 compa\u00f1eros en el Indoamericano.<br \/>En el barrio Papa Francisco, rememorando una escena de la \u00e9poca mas oscura de nuestra historia, golpearon a mujeres y chicos y arrasaron con topadoras el \u00fanico techo que ten\u00edan para dormir las cientos de familias que all\u00ed viv\u00edan.<br \/>En la sala Alberdi el desalojo y la represi\u00f3n fue con balas de plomo. En el hospital Borda sin ninguna compasi\u00f3n golpearon salvajemente a m\u00e9dicos, pacientes y miembros de organismos de Derechos Humanos que est\u00e1bamos all\u00ed para impedir la represi\u00f3n.<br \/>En todos estos casos la Polic\u00eda ha recibido el absoluto respaldo del gobierno de la Ciudad y de su Ministerio Publico Fiscal, llegando la impunidad a tal nivel que los mismos polic\u00edas que estuvieron imputados en la causa del Indoamericano,  participaron en las represiones posteriores.<br \/>\u00bfC\u00f3mo puede explicarse que un hecho tan grave como \u00e9sta denuncia no haya sido tomada con fuerza por ning\u00fan medio nacional? La respuesta es sencilla y explica que s\u00f3lo haya salido alguna que otra nota aislada sobre el tema. El kirchnerismo que vot\u00f3, en la ciudad, junto con el PRO la creaci\u00f3n de esta fuerza, no ha hecho ninguna denuncia seria sobre militares y efectivos de la dictadura, porque han actuado en com\u00fan en las represiones, porque en las fuerzas que dependen del Ejecutivo tambi\u00e9n hay efectivos (miles) que vienen de la dictadura comenzando por el General Cesar Milani. Es por esto que no podr\u00edan hacer una denuncia que luego se les vendr\u00eda en contra por tener la misma pol\u00edtica.<\/p>\n<h3>Enfrentar a la derecha en la ciudad<\/h3>\n<p>Denunciar estos hechos y luchar por echar a todos los militares represores que actuaron en la dictadura y siguen en funciones como a los agentes de inteligencia es una necesidad primordial, querr\u00e1n usar esta fuerza de asesinos para construir su a\u00f1orada ciudad s\u00f3lo para los ricos.<br \/>La impunidad y la represi\u00f3n de esta fuerza la tenemos que enfrentar en com\u00fan los organismos de derechos humanos, organizaciones sociales, estudiantiles y partidos de izquierda, exigiendo ante todo el juicio y castigo a los polic\u00edas de la Metropolitana como de la Federal responsables del asesinato de los compa\u00f1eros del Indoamericano, de las brutales represiones con balas de plomo y de los casos de gatillo f\u00e1cil.<br \/> <\/span><span style=\"color: blue;font-family: Verdana, sans-serif\">&nbsp;Producci\u00f3n Riachuelo<\/span><\/p>\n","protected":false},"excerpt":{"rendered":"<p>SOSPECHOSOSM\u00e1s de la mitad de los altos mandos de la Metropolitana fueron parte de la dictaduraLa Polic\u00eda Metropolitana cuenta con 186 miembros de las Fuerzas Armadas. 38 de los 52 miembros que ocupan los altos mandos provienen de la dictadura. [Por Alejandrina Barry en La Izquierda Diario, 07\/04\/14]Desde que la Polic\u00eda Metropolitana fue creada por [&hellip;]<\/p>\n","protected":false},"author":4,"featured_media":0,"comment_status":"open","ping_status":"open","sticky":false,"template":"","format":"standard","meta":{"_monsterinsights_skip_tracking":false,"_monsterinsights_sitenote_active":false,"_monsterinsights_sitenote_note":"","_monsterinsights_sitenote_category":0,"jnews-multi-image_gallery":[],"jnews_single_post":{"format":"standard"},"jnews_primary_category":[],"_joinchat":[],"footnotes":""},"categories":[58],"tags":[119,89],"class_list":["post-598","post","type-post","status-publish","format-standard","hentry","category-noticiariachuelo","tag-derechos-humanos","tag-violencia-institucional"],"_links":{"self":[{"href":"http:\/\/fmriachuelo.it10.com.ar\/index.php\/wp-json\/wp\/v2\/posts\/598","targetHints":{"allow":["GET"]}}],"collection":[{"href":"http:\/\/fmriachuelo.it10.com.ar\/index.php\/wp-json\/wp\/v2\/posts"}],"about":[{"href":"http:\/\/fmriachuelo.it10.com.ar\/index.php\/wp-json\/wp\/v2\/types\/post"}],"author":[{"embeddable":true,"href":"http:\/\/fmriachuelo.it10.com.ar\/index.php\/wp-json\/wp\/v2\/users\/4"}],"replies":[{"embeddable":true,"href":"http:\/\/fmriachuelo.it10.com.ar\/index.php\/wp-json\/wp\/v2\/comments?post=598"}],"version-history":[{"count":1,"href":"http:\/\/fmriachuelo.it10.com.ar\/index.php\/wp-json\/wp\/v2\/posts\/598\/revisions"}],"predecessor-version":[{"id":22974,"href":"http:\/\/fmriachuelo.it10.com.ar\/index.php\/wp-json\/wp\/v2\/posts\/598\/revisions\/22974"}],"wp:attachment":[{"href":"http:\/\/fmriachuelo.it10.com.ar\/index.php\/wp-json\/wp\/v2\/media?parent=598"}],"wp:term":[{"taxonomy":"category","embeddable":true,"href":"http:\/\/fmriachuelo.it10.com.ar\/index.php\/wp-json\/wp\/v2\/categories?post=598"},{"taxonomy":"post_tag","embeddable":true,"href":"http:\/\/fmriachuelo.it10.com.ar\/index.php\/wp-json\/wp\/v2\/tags?post=598"}],"curies":[{"name":"wp","href":"https:\/\/api.w.org\/{rel}","templated":true}]}}