{"id":5979,"date":"2017-11-17T22:47:32","date_gmt":"2017-11-17T22:47:32","guid":{"rendered":"http:\/\/fmriachuelo.com.ar\/?p=5979"},"modified":"2017-11-17T22:47:32","modified_gmt":"2017-11-17T22:47:32","slug":"vecinos-y-vecinas-de-la-boca-se-organizan-para-frenar-el-enrejamiento-de-los-campitos-de-casa-amarilla","status":"publish","type":"post","link":"http:\/\/fmriachuelo.it10.com.ar\/index.php\/2017\/11\/17\/vecinos-y-vecinas-de-la-boca-se-organizan-para-frenar-el-enrejamiento-de-los-campitos-de-casa-amarilla\/","title":{"rendered":"VECINOS Y VECINAS DE LA BOCA SE ORGANIZAN PARA FRENAR EL ENREJAMIENTO DE LOS CAMPITOS DE CASA AMARILLA"},"content":{"rendered":"<p>[FM RIACHUELO 17\/11\/2017] FM Riachuelo convers\u00f3 con Martina Noailles, editora de Sur Capitalino que escribi\u00f3 una nota publicada el martes pasado acerca de las intenciones del Club Boca Juniors de enrejar los\u00a0 campitos de Casa Amarilla. Si bien el club est\u00e1 impedido de construir o usar esas tierras p\u00fablicas gracias a un recurso de amparo pedido por los vecinos, presentaron una solicitud para vallar los terrenos alegando \u201cseguridad y derecho a la propiedad\u201d. Los vecinos y organizaciones del barrio ya se preparan para enfrentar el enrejamiento con actividades: El s\u00e1bado 18\/11 de 15 a 17 hs se realizar\u00e1 una mateada y radio abierta en Blanes y Mart\u00edn Rodriguez, y el s\u00e1bado 25 una carabana art\u00edstica desde Olavarria y la v\u00eda partir de las 17 hs terminado en el campito con un festival.<\/p>\n<p>Lee la nota de Martina Noailles y escuch\u00e1 la entrevista en el siguiente link:<\/p>\n<p><iframe loading=\"lazy\" title=\"17-11-2017- BOCA JRS. QUIERE ENREJAR LOS TERRENOS DE CASA AMARILLA by FMR\" width=\"500\" height=\"450\" scrolling=\"no\" frameborder=\"no\" src=\"https:\/\/w.soundcloud.com\/player\/?visual=true&#038;url=https%3A%2F%2Fapi.soundcloud.com%2Fplaylists%2F377327504&#038;show_artwork=true&#038;maxheight=750&#038;maxwidth=500\"><\/iframe><\/p>\n<p><strong>Las tierras son m\u00edas, m\u00edas, m\u00edas<\/strong><\/p>\n<p>Aunque la Justicia le prohibi\u00f3 realizar cualquier tipo de obra hasta tanto se determine la legalidad de la venta del predio, el Club Boca Juniors le pidi\u00f3 autorizaci\u00f3n al juez para enrejar los campitos de Casa Amarilla. La gesti\u00f3n de Angelici alega motivos de \u201cseguridad\u201d y \u201cderecho a la propiedad\u201d. Vecinos y artistas convocan una caravana para el 25 de noviembre en defensa del espacio p\u00fablico.\u00a0Por <strong>Martina Noailles<\/strong><\/p>\n<p>En una demostraci\u00f3n de poder y argumentando motivos de \u201cseguridad\u201d, el Club Atl\u00e9tico Boca Jrs busca vallar las tres hect\u00e1reas de los campitos de Casa Amarilla. As\u00ed se lo solicit\u00f3 al juez en lo Contencioso Administrativo porte\u00f1o Guillermo Scheibler, quien en junio pasado dispuso la \u00abparalizaci\u00f3n absoluta de cualquier tipo de tarea de ejecuci\u00f3n\u00bb de las obras previstas por el club, hasta tanto se determine la legalidad de la privatizaci\u00f3n de ese espacio p\u00fablico. \u201cLa orden judicial estableci\u00f3 la suspensi\u00f3n absoluta de cualquier obra, justamente para impedir que se modifique el uso actual de dichos predios en perjuicio de la comunidad de La Boca\u201d, consider\u00f3 Jonatan Baldiviezo, el abogado del Observatorio por el Derecho a la Ciudad que present\u00f3 el amparo en representaci\u00f3n de la multisectorial La Boca Resiste y Propone.<\/p>\n<p>Es que de avanzar el pedido de cerramiento perimetral realizado por el club xeneize, el barrio perder\u00eda varias manzanas que son utilizadas a diario por los vecinos para jugar al futbol, hacer picnics y festivales, ensayar candombe o pasear al perro. Y si bien la venta est\u00e1 siendo investigada actualmente por la Justicia, Boca quiere hacer valer a toda costa su \u201cderecho a la propiedad\u201d sobre el predio.<\/p>\n<p>En la cautelar que fren\u00f3 las obras, el juez reconoci\u00f3 que la privatizaci\u00f3n de los terrenos p\u00fablicos se produjo \u00absin aprobaci\u00f3n de la Legislatura\u00bb, tal como lo establece el art\u00edculo 82 de la Constituci\u00f3n porte\u00f1a sobre \u201cla disposici\u00f3n de bienes inmuebles de la Ciudad\u201d. Tambi\u00e9n se\u00f1al\u00f3 que \u00abel proyecto no respeta el C\u00f3digo de Planeamiento\u00bb en tanto el plan urban\u00edstico que present\u00f3 Boca en la licitaci\u00f3n no es compatible con la zonificaci\u00f3n actual de las manzanas (uso residencial). Por \u00faltimo, el magistrado adelant\u00f3 que tampoco \u201cse respet\u00f3 el procedimiento de Evaluaci\u00f3n de Impacto Ambiental que corresponde a las obras que tienen impacto ambiental con relevante efecto\u00bb ya que las tierras son parte del pol\u00edgono que la ley 2.240 declar\u00f3 en Emergencia Urban\u00edstica y Ambiental, justamente en lo que hace a vivienda, servicios, espacios verdes y equipamientos. \u201cLa ley hab\u00eda destinado estos predios para un gran espacio verde. Uso que es el que le dan los vecinos actualmente\u201d, aclar\u00f3 Baldiviezo.<\/p>\n<p>P\u00fablico y privado<\/p>\n<p>Los terrenos que Boca Juniors pretende cerrar al uso p\u00fablico eran administrados por el Instituto de la Vivienda de la Ciudad (IVC), con el prop\u00f3sito de brindar soluciones habitacionales, hasta que en 2010 decidi\u00f3 transfer\u00edrselos de manera gratuita al Gobierno porte\u00f1o. Seg\u00fan la ley 1.251, este tipo de transferencias de dominio s\u00f3lo pueden tener lugar cuando los terrenos fueran destinados al desarrollo de pol\u00edticas educacionales, de seguridad o de salud. Nada de esto ocurri\u00f3. Por decreto, la gesti\u00f3n de Mauricio Macri se los cedi\u00f3 r\u00e1pidamente a la Corporaci\u00f3n Buenos Aires Sur, que los puso en venta a trav\u00e9s de una licitaci\u00f3n p\u00fablica.<\/p>\n<p>Casualmente, Boca Juniors ven\u00eda expresando desde hac\u00eda varios a\u00f1os su pretensi\u00f3n de obtener el dominio de esas mismas manzanas para la realizaci\u00f3n de actividades deportivas, sociales y culturales. El propio IVC hab\u00eda desestimado cada requerimiento no s\u00f3lo porque el predio estaba destinado a viviendas, sino tambi\u00e9n porque para modificar ese destino deb\u00eda pasar por la Legislatura.<\/p>\n<p>En 2015, el legislador del PRO y por entonces vicepresidente de Boca, Oscar Moscariello, present\u00f3 un proyecto de ley para cambiar la zonificaci\u00f3n de los terrenos y que se pueda, as\u00ed, construir un nuevo estadio. Y aunque la iniciativa no avanz\u00f3 por la resistencia de varias organizaciones del barrio, la gesti\u00f3n de Daniel Angelici avanz\u00f3 por otro camino: le present\u00f3 a la Corporaci\u00f3n Sur un proyecto para comprar las tierras. As\u00ed fue que se lleg\u00f3 a la licitaci\u00f3n de febrero de 2016, armada especialmente para que el club cumpliera con los requisitos para presentarse. Boca, claro, fue el \u00fanico oferente. Aunque en los medios de comunicaci\u00f3n y en su campa\u00f1a para ser reelecto presidente, Angelici prometi\u00f3 construir en esos terrenos un nuevo estadio, el proyecto que gan\u00f3 la licitaci\u00f3n asegura que ser\u00e1n destinados a la construcci\u00f3n de un museo, un gimnasio, una galer\u00eda de arte, una biblioteca, un teatro independiente, una playa de estacionamiento, y un sal\u00f3n de juegos.<\/p>\n<p>El club, finalmente, adquiri\u00f3 las 3,2 hect\u00e1reas en 180 millones de pesos -unos 315 d\u00f3lares por metro cuadrado-y desde su adjudicaci\u00f3n, dej\u00f3 pasar un a\u00f1o y medio sin colocar ni un ladrillo ni una se\u00f1alizaci\u00f3n. En medio de esa situaci\u00f3n lleg\u00f3 el amparo del juez Scheibler que prohibi\u00f3 cualquier tipo de obra. Y ahora, de repente, Boca quiere enrejar.<\/p>\n<p>\u201cLos terrenos no cuentan con ninguna defensa perimetral y en orden a resguardar el derecho de propiedad, el lugar y la seguridad de terceros resulta razonable el vallado f\u00edsico del lugar\u201d, le plante\u00f3 el gerente de Legales de Boca, Claudio Lutzky, al juez. Ante esta explicaci\u00f3n, desde LBRP le preguntaron p\u00fablicamente al Club: \u201c\u00bfPor qu\u00e9 es necesario garantizar la seguridad de las tierras? Y sobre todo\u2026 \u00bfde qui\u00e9nes quieren cuidarlas? \u00bfLa quieren cuidar de los pibes que van a jugar a la pelota? \u00bfDe las murgas que van a ensayar antes del carnaval? \u00bfDe los pibes que, como no tienen lugar para jugar en la pieza del conventillo, van a correr por los campitos? Boca Jrs. quiere poner un alambrado y dejarnos afuera. Eso mismo que hace con los pibes del barrio que no conocen la cancha, esa misma pol\u00edtica de exclusi\u00f3n que caracteriza tanto al Club como al Gobierno de la Ciudad\u201d.<\/p>\n<p>Ahora es el turno del magistrado, quien deber\u00e1 decidir en los pr\u00f3ximos d\u00edas si habilita o no a enrejar las tierras.<\/p>\n<p>La disputa por los terrenos de Casa Amarilla lleva d\u00e9cadas. En todo este tiempo, organizaciones sociales, vecinos e hinchas de Boca levantaron su voz en contra de su privatizaci\u00f3n cada vez que tuvieron oportunidad. En la Legislatura, en la Comisi\u00f3n de Planeamiento Urbano, frente al Ministerio de Desarrollo Econ\u00f3mico y a la Corporaci\u00f3n Buenos Aires Sur, y en el Consejo Consultivo de la Comuna 4, donde una patota intent\u00f3 acallarlos a fuerza de golpes y cuchillazos.<\/p>\n<p>Boca tambi\u00e9n trat\u00f3 de deslegitimarlos ante la Justicia en el marco de la acci\u00f3n de amparo. Sin embargo, la C\u00e1mara de Apelaciones confirm\u00f3 la legitimidad de los amparistas, argumentando que, de avanzar el proyecto, podr\u00eda verse lesionado el derecho colectivo a un ambiente sano.<\/p>\n<p>Ante la posibilidad de que la Justicia le permita a Boca enrejar los campitos, los vecinos ya se organizan. Proponen realizar el s\u00e1bado 25 de noviembre una caravana art\u00edstica que recorra el barrio y termine en los terrenos de Casa Amarilla. Todos en defensa del espacio p\u00fablico.<\/p>\n<p>&nbsp;<\/p>\n<p>&nbsp;<\/p>\n","protected":false},"excerpt":{"rendered":"<p>[FM RIACHUELO 17\/11\/2017] FM Riachuelo convers\u00f3 con Martina Noailles, editora de Sur Capitalino que escribi\u00f3 una nota publicada el martes pasado acerca de las intenciones del Club Boca Juniors de enrejar los\u00a0 campitos de Casa Amarilla. Si bien el club est\u00e1 impedido de construir o usar esas tierras p\u00fablicas gracias a un recurso de amparo [&hellip;]<\/p>\n","protected":false},"author":5,"featured_media":5980,"comment_status":"open","ping_status":"open","sticky":false,"template":"","format":"standard","meta":{"_monsterinsights_skip_tracking":false,"_monsterinsights_sitenote_active":false,"_monsterinsights_sitenote_note":"","_monsterinsights_sitenote_category":0,"jnews-multi-image_gallery":[],"jnews_single_post":[],"jnews_primary_category":[],"_joinchat":[],"footnotes":""},"categories":[78,76],"tags":[],"class_list":["post-5979","post","type-post","status-publish","format-standard","has-post-thumbnail","hentry","category-economia-popular","category-salud-comunitaria"],"_links":{"self":[{"href":"http:\/\/fmriachuelo.it10.com.ar\/index.php\/wp-json\/wp\/v2\/posts\/5979","targetHints":{"allow":["GET"]}}],"collection":[{"href":"http:\/\/fmriachuelo.it10.com.ar\/index.php\/wp-json\/wp\/v2\/posts"}],"about":[{"href":"http:\/\/fmriachuelo.it10.com.ar\/index.php\/wp-json\/wp\/v2\/types\/post"}],"author":[{"embeddable":true,"href":"http:\/\/fmriachuelo.it10.com.ar\/index.php\/wp-json\/wp\/v2\/users\/5"}],"replies":[{"embeddable":true,"href":"http:\/\/fmriachuelo.it10.com.ar\/index.php\/wp-json\/wp\/v2\/comments?post=5979"}],"version-history":[{"count":0,"href":"http:\/\/fmriachuelo.it10.com.ar\/index.php\/wp-json\/wp\/v2\/posts\/5979\/revisions"}],"wp:featuredmedia":[{"embeddable":true,"href":"http:\/\/fmriachuelo.it10.com.ar\/index.php\/wp-json\/wp\/v2\/media\/5980"}],"wp:attachment":[{"href":"http:\/\/fmriachuelo.it10.com.ar\/index.php\/wp-json\/wp\/v2\/media?parent=5979"}],"wp:term":[{"taxonomy":"category","embeddable":true,"href":"http:\/\/fmriachuelo.it10.com.ar\/index.php\/wp-json\/wp\/v2\/categories?post=5979"},{"taxonomy":"post_tag","embeddable":true,"href":"http:\/\/fmriachuelo.it10.com.ar\/index.php\/wp-json\/wp\/v2\/tags?post=5979"}],"curies":[{"name":"wp","href":"https:\/\/api.w.org\/{rel}","templated":true}]}}