{"id":5976,"date":"2017-11-17T13:22:23","date_gmt":"2017-11-17T13:22:23","guid":{"rendered":"http:\/\/fmriachuelo.com.ar\/?p=5976"},"modified":"2017-11-17T13:22:23","modified_gmt":"2017-11-17T13:22:23","slug":"cierre-y-toma-de-una-fabrica-en-avellaneda","status":"publish","type":"post","link":"http:\/\/fmriachuelo.it10.com.ar\/index.php\/2017\/11\/17\/cierre-y-toma-de-una-fabrica-en-avellaneda\/","title":{"rendered":"CIERRE Y TOMA DE UNA F\u00c1BRICA EN AVELLANEDA"},"content":{"rendered":"<p>[FM Riachuelo 17\/11\/2017] Ayer Fm Riachuelo 100.9 habl\u00f3 con Alejandro trabajador de la F\u00e1brica de pl\u00e1sticos \u00a0Celin \u00a0de la localidad de Avellaneda,\u00a0 que transita desde hace dos semanas una situaci\u00f3n complicada, los trabajadores llevan adelante una toma por el no cobro de sus salarios.<\/p>\n<p>Es una empresa del conurbano bonaerense que se dedica a producir telas pl\u00e1sticas y marroquiner\u00eda, y que se suma a la lista de f\u00e1bricas tomadas que marcan el tono de la crisis de empleo que\u00a0 est\u00e1 viviendo \u00a0el pa\u00eds. \u00a0Sus 37 trabajadores ocupan\u00a0 el establecimiento porque hace tres meses que no cobran los sueldos y los titulares de la firma no dan respuestas.<\/p>\n<p>Escucha los audios<\/p>\n<p><iframe loading=\"lazy\" title=\"16 - 11 - 2017 - ALEJANDRO - TRABAJADOR DE FABRICA DE PLASTICO CELIN by FMR\" width=\"500\" height=\"400\" scrolling=\"no\" frameborder=\"no\" src=\"https:\/\/w.soundcloud.com\/player\/?visual=true&#038;url=https%3A%2F%2Fapi.soundcloud.com%2Ftracks%2F356860514&#038;show_artwork=true&#038;maxheight=750&#038;maxwidth=500\"><\/iframe><\/p>\n<p>La f\u00e1brica, que funciona hace 60 a\u00f1os, fue heredada por el actual due\u00f1o que desde hace algunos a\u00f1os comenz\u00f3 a vaciarla, son m\u00e1s de 37 familias que se ven afectadas, mientras el due\u00f1o hace un mes que no aparece por la f\u00e1brica.<\/p>\n<p><em>\u00a0<\/em>Se Hab\u00eda arreglado un plan de financiamiento entre el Ministerio de Trabajo y el sindicato, donde se deb\u00eda\u00a0 \u00a0pagar entre 4000 y 5000 pesos en 10 cuotas quincenales, pero este acuerdo \u00a0no se cumpli\u00f3.<\/p>\n<p>Alejandro trabajador de Celin nos dijo:\u201dEsto viene\u00a0 de arrastre largo, desde hace dos a\u00f1os que nos pagan en cuotas, por eso hace dos semanas empezamos la toma porque no cumplen con los pagos\u201d. \u00a0Y \u00a0agreg\u00f3: \u00a0\u201cYo hace 14 a\u00f1os que estoy, \u00a0y nos dec\u00edan que iba a cerrar si no produc\u00edamos m\u00e1s, pero ellos dicen que hace 14 a\u00f1os que est\u00e1n en p\u00e9rdida, y mienten diciendo que no tienen plata porque tiene propiedades por todos lados\u201d.<\/p>\n<p>Por otro lado nos coment\u00f3: \u201cMario Augusto Filippi el due\u00f1o est\u00e1 vaciando la empresa, por eso planteamos con \u00a0la toma que queremos mantener el trabajo, la calle est\u00e1 dura y el pa\u00eds est\u00e1 en una situaci\u00f3n complicada, sino la mantenemos nosotros, \u00a0la queremos sostener\u201d<\/p>\n<p>Esto \u00a0est\u00e1 sucediendo \u00a0en todo el pa\u00eds, \u00a0hay 3.560.000 trabajadores seg\u00fan cifras del iNDEC \u00a0que tienen problemas laborales en la Argentina. \u00a0Mientras tanto, el Gobierno neoliberal \u00a0alista su proyecto de reforma laboral, rechazado por los sindicatos y abogados laboralistas,\u00a0que destacan que generar\u00e1 flexibilizaci\u00f3n en todos los sectores.<\/p>\n","protected":false},"excerpt":{"rendered":"<p>[FM Riachuelo 17\/11\/2017] Ayer Fm Riachuelo 100.9 habl\u00f3 con Alejandro trabajador de la F\u00e1brica de pl\u00e1sticos \u00a0Celin \u00a0de la localidad de Avellaneda,\u00a0 que transita desde hace dos semanas una situaci\u00f3n complicada, los trabajadores llevan adelante una toma por el no cobro de sus salarios. Es una empresa del conurbano bonaerense que se dedica a producir [&hellip;]<\/p>\n","protected":false},"author":5,"featured_media":5977,"comment_status":"open","ping_status":"open","sticky":false,"template":"","format":"standard","meta":{"_monsterinsights_skip_tracking":false,"_monsterinsights_sitenote_active":false,"_monsterinsights_sitenote_note":"","_monsterinsights_sitenote_category":0,"jnews-multi-image_gallery":[],"jnews_single_post":[],"jnews_primary_category":[],"_joinchat":[],"footnotes":""},"categories":[76,74,75],"tags":[],"class_list":["post-5976","post","type-post","status-publish","format-standard","has-post-thumbnail","hentry","category-salud-comunitaria","category-san-cayetano","category-trabajo"],"_links":{"self":[{"href":"http:\/\/fmriachuelo.it10.com.ar\/index.php\/wp-json\/wp\/v2\/posts\/5976","targetHints":{"allow":["GET"]}}],"collection":[{"href":"http:\/\/fmriachuelo.it10.com.ar\/index.php\/wp-json\/wp\/v2\/posts"}],"about":[{"href":"http:\/\/fmriachuelo.it10.com.ar\/index.php\/wp-json\/wp\/v2\/types\/post"}],"author":[{"embeddable":true,"href":"http:\/\/fmriachuelo.it10.com.ar\/index.php\/wp-json\/wp\/v2\/users\/5"}],"replies":[{"embeddable":true,"href":"http:\/\/fmriachuelo.it10.com.ar\/index.php\/wp-json\/wp\/v2\/comments?post=5976"}],"version-history":[{"count":0,"href":"http:\/\/fmriachuelo.it10.com.ar\/index.php\/wp-json\/wp\/v2\/posts\/5976\/revisions"}],"wp:featuredmedia":[{"embeddable":true,"href":"http:\/\/fmriachuelo.it10.com.ar\/index.php\/wp-json\/wp\/v2\/media\/5977"}],"wp:attachment":[{"href":"http:\/\/fmriachuelo.it10.com.ar\/index.php\/wp-json\/wp\/v2\/media?parent=5976"}],"wp:term":[{"taxonomy":"category","embeddable":true,"href":"http:\/\/fmriachuelo.it10.com.ar\/index.php\/wp-json\/wp\/v2\/categories?post=5976"},{"taxonomy":"post_tag","embeddable":true,"href":"http:\/\/fmriachuelo.it10.com.ar\/index.php\/wp-json\/wp\/v2\/tags?post=5976"}],"curies":[{"name":"wp","href":"https:\/\/api.w.org\/{rel}","templated":true}]}}