{"id":5973,"date":"2017-11-17T04:04:14","date_gmt":"2017-11-17T04:04:14","guid":{"rendered":"http:\/\/fmriachuelo.com.ar\/?p=5973"},"modified":"2017-11-17T04:04:14","modified_gmt":"2017-11-17T04:04:14","slug":"masiva-movilizacion-para-exigir-vivienda-digna","status":"publish","type":"post","link":"http:\/\/fmriachuelo.it10.com.ar\/index.php\/2017\/11\/17\/masiva-movilizacion-para-exigir-vivienda-digna\/","title":{"rendered":"MASIVA MOVILIZACI\u00d3N PARA EXIGIR VIVIENDA DIGNA"},"content":{"rendered":"<p>[FM RIACHUELO 16\/11\/2017] Hoy miles de vecinos de asentamientos, villas, barrios, complejos, y cooperativas de vivienda marcharon desde el Obelisco hasta la Legislatura porte\u00f1a para exigir la urgente urbanizaci\u00f3n, freno de desalojos, terminaci\u00f3n de obras y viviendas sociales, y pol\u00edticas p\u00fablicas que faciliten el acceso a cr\u00e9ditos para las cooperativas.<\/p>\n<p>La crisis habitacional en la Ciudad de Buenos Aires y la falta de pol\u00edticas p\u00fablicas est\u00e1 generando que miles de vecinos sean expulsados de sus barrios. El gobierno porte\u00f1o lejos de instrumentar una estrategia que resuelva la problem\u00e1tica, lo profundiza con desalojos, recorte de presupuesto y negociados inmobiliarios que favorecen a las corporaciones que lucran con la especulaci\u00f3n del valor del suelo. Los vecinos ya ven\u00edan denunciando los recortes en el presupuesto para la vivienda para 2018: 31% menos de recursos con respecto del a\u00f1o pasado, que implica 2 mil millones de pesos menos para la realizaci\u00f3n de obras y mil millones menos para la Instituto de la Vivienda. Mientras en los barrios m\u00e1s humildes las personas sufren la falta de servicios esenciales como luz, gas, agua o cloacas, precariedad y hacinamiento, en la ciudad se registran alrededor de 100.000 viviendas ociosas. Esta situaci\u00f3n de extrema desigualdad e injusticia obliga a que los vecinos tomen edificios o terrenos abandonados para tener un techo donde dormir, a riesgo de ser judicializados y desalojados.<\/p>\n<p>Tal es el caso de la Cooperativa de Vivienda La Nueva Esperanza de La Boca (ubicada en Grotte 772) que con ayuda y solidaridad de organizaciones del barrio, pudo enfrentar varios intentos de desalojo. La cooperativa esta reclam\u00e1ndole al Instituto de Vivienda de la Ciudad (IVC), un cr\u00e9dito a partir de la ley 341(gran conquista del pueblo organizado) que establece la instrumentaci\u00f3n \u201cde pol\u00edticas de acceso a vivienda para uso exclusivo y permanente de hogares de escasos recursos en situaci\u00f3n cr\u00edtica habitacional\u201d. Pero el gobierno contin\u00faa con su plan de expulsi\u00f3n del pueblo trabajador, no s\u00f3lo incumpliendo la 341, sino tambi\u00e9n la 1770 de urbanizaci\u00f3n de villas, 1333 de emergencia habitacional del barrio Ram\u00f3n Carrillo y 3343 de urbanizaci\u00f3n de pol\u00edgonos de Villas 31 y 31 bis.<\/p>\n<p>En este contexto 15 mil vecinos se movilizaron hasta la legislatura donde se mont\u00f3 un escenario y se ley\u00f3 un documento en conjunto en el cual se denunci\u00f3 la pol\u00edtica de descarte y se exigi\u00f3 la urgente aplicaci\u00f3n de pol\u00edticas para resolver la crisis habitacional. Rodrigo Segovia de Izquierda Latinoamericana fue contundente: \u201cla \u00fanica manera de que la urbanizaci\u00f3n sea digna es haci\u00e9ndola nosotros. No queremos m\u00e1s a esas empresas privadas donde no trabaja ni un solo villero, queremos laburar nosotros y decidir como queremos construir nuestros barrios, basta de que estos chetos decidan como tenemos que vivir\u201d.<\/p>\n<p>Escucha los testimonios ac\u00e1:<\/p>\n<p><a href=\"https:\/\/soundcloud.com\/prensa-fm-riachuelo\/sets\/marchamos-a-la-legislatura-reclamando-urbanizacion-y-acceso-a-la-vivienda-digna\">https:\/\/soundcloud.com\/prensa-fm-riachuelo\/sets\/marchamos-a-la-legislatura-reclamando-urbanizacion-y-acceso-a-la-vivienda-digna<\/a><\/p>\n<p>&nbsp;<\/p>\n","protected":false},"excerpt":{"rendered":"<p>[FM RIACHUELO 16\/11\/2017] Hoy miles de vecinos de asentamientos, villas, barrios, complejos, y cooperativas de vivienda marcharon desde el Obelisco hasta la Legislatura porte\u00f1a para exigir la urgente urbanizaci\u00f3n, freno de desalojos, terminaci\u00f3n de obras y viviendas sociales, y pol\u00edticas p\u00fablicas que faciliten el acceso a cr\u00e9ditos para las cooperativas. La crisis habitacional en la [&hellip;]<\/p>\n","protected":false},"author":5,"featured_media":5974,"comment_status":"open","ping_status":"open","sticky":false,"template":"","format":"standard","meta":{"_monsterinsights_skip_tracking":false,"_monsterinsights_sitenote_active":false,"_monsterinsights_sitenote_note":"","_monsterinsights_sitenote_category":0,"jnews-multi-image_gallery":[],"jnews_single_post":[],"jnews_primary_category":[],"_joinchat":[],"footnotes":""},"categories":[78,76],"tags":[],"class_list":["post-5973","post","type-post","status-publish","format-standard","has-post-thumbnail","hentry","category-economia-popular","category-salud-comunitaria"],"_links":{"self":[{"href":"http:\/\/fmriachuelo.it10.com.ar\/index.php\/wp-json\/wp\/v2\/posts\/5973","targetHints":{"allow":["GET"]}}],"collection":[{"href":"http:\/\/fmriachuelo.it10.com.ar\/index.php\/wp-json\/wp\/v2\/posts"}],"about":[{"href":"http:\/\/fmriachuelo.it10.com.ar\/index.php\/wp-json\/wp\/v2\/types\/post"}],"author":[{"embeddable":true,"href":"http:\/\/fmriachuelo.it10.com.ar\/index.php\/wp-json\/wp\/v2\/users\/5"}],"replies":[{"embeddable":true,"href":"http:\/\/fmriachuelo.it10.com.ar\/index.php\/wp-json\/wp\/v2\/comments?post=5973"}],"version-history":[{"count":0,"href":"http:\/\/fmriachuelo.it10.com.ar\/index.php\/wp-json\/wp\/v2\/posts\/5973\/revisions"}],"wp:featuredmedia":[{"embeddable":true,"href":"http:\/\/fmriachuelo.it10.com.ar\/index.php\/wp-json\/wp\/v2\/media\/5974"}],"wp:attachment":[{"href":"http:\/\/fmriachuelo.it10.com.ar\/index.php\/wp-json\/wp\/v2\/media?parent=5973"}],"wp:term":[{"taxonomy":"category","embeddable":true,"href":"http:\/\/fmriachuelo.it10.com.ar\/index.php\/wp-json\/wp\/v2\/categories?post=5973"},{"taxonomy":"post_tag","embeddable":true,"href":"http:\/\/fmriachuelo.it10.com.ar\/index.php\/wp-json\/wp\/v2\/tags?post=5973"}],"curies":[{"name":"wp","href":"https:\/\/api.w.org\/{rel}","templated":true}]}}