{"id":597,"date":"2015-04-07T16:24:00","date_gmt":"2015-04-07T16:24:00","guid":{"rendered":"http:\/\/fmriachuelo.observatorioess.org.ar\/index.php\/2015\/04\/07\/cuba-participacion-en-las-cumbres-de-panama\/"},"modified":"2025-03-27T13:44:58","modified_gmt":"2025-03-27T16:44:58","slug":"cuba-participacion-en-las-cumbres-de-panama","status":"publish","type":"post","link":"http:\/\/fmriachuelo.it10.com.ar\/index.php\/2015\/04\/07\/cuba-participacion-en-las-cumbres-de-panama\/","title":{"rendered":"CUBA: PARTICIPACION EN LAS CUMBRES DE PANAM\u00c1"},"content":{"rendered":"<p><span style=\"color: red;font-family: Verdana, sans-serif;font-size: large\"><strong>DE ESTRENO<\/strong><\/span><br \/><span style=\"font-family: Verdana, sans-serif\"><strong>Cuba ofrece Declaraci\u00f3n de Principios previo a Cumbre en Panam\u00e1<\/strong><\/span><\/p>\n<div style=\"clear: both;text-align: center\"><a href=\"http:\/\/1.bp.blogspot.com\/-gDF7D3BCBrM\/VSQDlvz65FI\/AAAAAAAADoM\/JOxX1Snc64o\/s1600\/cumbre.jpg\" style=\"clear: left;float: left;margin-bottom: 1em;margin-right: 1em\"><img loading=\"lazy\" decoding=\"async\" border=\"0\" src=\"http:\/\/1.bp.blogspot.com\/-gDF7D3BCBrM\/VSQDlvz65FI\/AAAAAAAADoM\/JOxX1Snc64o\/s1600\/cumbre.jpg\" height=\"181\" width=\"320\" \/><\/a><\/div>\n<div>&nbsp;<\/div>\n<p><span style=\"font-family: Verdana, sans-serif\"><strong>Ser\u00e1 la primera&nbsp; vez en la que Cuba participa y lo hace gracias al reclamo solidario de la mayor parte de las naciones Latinoamericanas y Caribe\u00f1as.<\/strong><br \/>La delegaci\u00f3n de Cuba en la VII <\/span><span style=\"font-family: Verdana, sans-serif\"><strong>Cumbre de las Am\u00e9ricas<\/strong><\/span><span style=\"font-family: Verdana, sans-serif\"> y la <\/span><span style=\"font-family: Verdana, sans-serif\"><strong>Cumbre de los Pueblos<\/strong><\/span><span style=\"font-family: Verdana, sans-serif\"> presentar\u00e1 este martes en una rueda de prensa una Declaraci\u00f3n de Principios sobre su participaci\u00f3n en estas citas. <\/p>\n<p>Cuba participar\u00e1 por primera vez en la Cumbre de las Am\u00e9ricas gracias al reclamo solidario de la mayor\u00eda de los Gobiernos de Am\u00e9rica Latina y el Caribe; luego de a\u00f1os de exclusi\u00f3n impuestos por la pol\u00edtica exterior de los Estados Unidos. <\/span><br \/><span style=\"font-family: Verdana, sans-serif\"><\/span><a name='more'><\/a><span style=\"font-family: Verdana, sans-serif\"><br \/>El segmento oficial de la VII Cumbre de las Am\u00e9ricas, que re\u00fane a los Jefes de Estado y de Gobierno del Hemisferio, sesionar\u00e1 entre el 10 y el 11 de abril de 2015, en la Ciudad de Panam\u00e1.  <\/p>\n<p>En este contexto tambi\u00e9n se ha convocado a una Cumbre de los Pueblos donde estar\u00e1n representados los movimientos sindicales y sociales de la regi\u00f3n. <\/p>\n<p>De acuerdo con el Secretario General de la Uni\u00f3n de Naciones Suramericanas (Unasur), <\/span><span style=\"font-family: Verdana, sans-serif\">Ernesto Samper<\/span><span style=\"font-family: Verdana, sans-serif\">, el encuentro debe servir para replantear las relaciones de EE.UU. con los pa\u00edses latinoamericanos y caribe\u00f1os. <\/p>\n<p>En ese sentido, los Gobiernos participantes de la cita instar\u00e1n al presidente de los Estados Unidos, Barack Obama, a derogar la <\/span><span style=\"font-family: Verdana, sans-serif\">orden ejecutiva<\/span><span style=\"font-family: Verdana, sans-serif\"> del pasado 9 de marzo que declara a <\/span><span style=\"font-family: Verdana, sans-serif\">Venezuela<\/span><span style=\"font-family: Verdana, sans-serif\"> como una <\/span><span style=\"font-family: Verdana, sans-serif\">amenaza<\/span><span style=\"font-family: Verdana, sans-serif\"> para su seguridad nacional; as\u00ed como a levantar el bloqueo que pesa sobre Cuba desde hace m\u00e1s de 50 a\u00f1os. <\/span><br \/><span style=\"color: blue;font-family: Verdana\">Fuente: Telesur, Producci\u00f3n Riachuelo<\/span><\/p>\n","protected":false},"excerpt":{"rendered":"<p>DE ESTRENOCuba ofrece Declaraci\u00f3n de Principios previo a Cumbre en Panam\u00e1 &nbsp; Ser\u00e1 la primera&nbsp; vez en la que Cuba participa y lo hace gracias al reclamo solidario de la mayor parte de las naciones Latinoamericanas y Caribe\u00f1as.La delegaci\u00f3n de Cuba en la VII Cumbre de las Am\u00e9ricas y la Cumbre de los Pueblos presentar\u00e1 [&hellip;]<\/p>\n","protected":false},"author":4,"featured_media":0,"comment_status":"open","ping_status":"open","sticky":false,"template":"","format":"standard","meta":{"_monsterinsights_skip_tracking":false,"_monsterinsights_sitenote_active":false,"_monsterinsights_sitenote_note":"","_monsterinsights_sitenote_category":0,"jnews-multi-image_gallery":[],"jnews_single_post":{"format":"standard"},"jnews_primary_category":[],"_joinchat":[],"footnotes":""},"categories":[58],"tags":[70,167],"class_list":["post-597","post","type-post","status-publish","format-standard","hentry","category-noticiariachuelo","tag-de-la-patria-grande","tag-politica-internacional"],"_links":{"self":[{"href":"http:\/\/fmriachuelo.it10.com.ar\/index.php\/wp-json\/wp\/v2\/posts\/597","targetHints":{"allow":["GET"]}}],"collection":[{"href":"http:\/\/fmriachuelo.it10.com.ar\/index.php\/wp-json\/wp\/v2\/posts"}],"about":[{"href":"http:\/\/fmriachuelo.it10.com.ar\/index.php\/wp-json\/wp\/v2\/types\/post"}],"author":[{"embeddable":true,"href":"http:\/\/fmriachuelo.it10.com.ar\/index.php\/wp-json\/wp\/v2\/users\/4"}],"replies":[{"embeddable":true,"href":"http:\/\/fmriachuelo.it10.com.ar\/index.php\/wp-json\/wp\/v2\/comments?post=597"}],"version-history":[{"count":1,"href":"http:\/\/fmriachuelo.it10.com.ar\/index.php\/wp-json\/wp\/v2\/posts\/597\/revisions"}],"predecessor-version":[{"id":22975,"href":"http:\/\/fmriachuelo.it10.com.ar\/index.php\/wp-json\/wp\/v2\/posts\/597\/revisions\/22975"}],"wp:attachment":[{"href":"http:\/\/fmriachuelo.it10.com.ar\/index.php\/wp-json\/wp\/v2\/media?parent=597"}],"wp:term":[{"taxonomy":"category","embeddable":true,"href":"http:\/\/fmriachuelo.it10.com.ar\/index.php\/wp-json\/wp\/v2\/categories?post=597"},{"taxonomy":"post_tag","embeddable":true,"href":"http:\/\/fmriachuelo.it10.com.ar\/index.php\/wp-json\/wp\/v2\/tags?post=597"}],"curies":[{"name":"wp","href":"https:\/\/api.w.org\/{rel}","templated":true}]}}