{"id":5965,"date":"2017-11-16T14:44:16","date_gmt":"2017-11-16T14:44:16","guid":{"rendered":"http:\/\/fmriachuelo.com.ar\/?p=5965"},"modified":"2017-11-16T14:44:16","modified_gmt":"2017-11-16T14:44:16","slug":"arrestaron-a-militantes-del-movimiento-de-trabajadores-excluidos-ctep-en-plaza-constitucion","status":"publish","type":"post","link":"http:\/\/fmriachuelo.it10.com.ar\/index.php\/2017\/11\/16\/arrestaron-a-militantes-del-movimiento-de-trabajadores-excluidos-ctep-en-plaza-constitucion\/","title":{"rendered":"DETUVIERON A MILITANTES DEL MOVIMIENTO DE TRABAJADORES EXCLUIDOS-CTEP EN  PLAZA CONSTITUCI\u00d3N."},"content":{"rendered":"<p><strong>[<\/strong>FM Riachuelo 16\/11\/17]. Ayer la Polic\u00eda de la Ciudad detuvo violentamente a tres militantes del Movimiento de Trabajadores Excluidos-CTEP en Constituci\u00f3n, en el contexto de un desalojo ilegal a los trabajadores migrantes de la v\u00eda p\u00fablica.<\/p>\n<p>El episodio sucedi\u00f3 en el marco de la jornada de lucha de la econom\u00eda popular que se realiz\u00f3 ayer en diferentes puntos del pa\u00eds. \u00a0Al cierre de la misma el titular de Barrios de Pie Daniel Men\u00e9ndez comunic\u00f3 a trav\u00e9s de su red social: \u00abDetienen a militantes de MTE en el marco de la jornada de #MilOllas\u201d<\/p>\n<p>Luego de ser detenidos<strong> l<\/strong>os militantes fueron trasladados a la comisar\u00eda 16\u00aa, all\u00ed se hicieron presentes referentes de la Econom\u00eda Popular para reclamar por su inmediata liberaci\u00f3n.<\/p>\n<p>FM Riachuelo 100.9 estuvo junto a los compa\u00f1eros detenidos en la Plaza Constituci\u00f3n<br \/>\nEscuch\u00e1 los testimonios completos<\/p>\n<p><iframe loading=\"lazy\" title=\"15-11-2017 DETENCI\u00d3N DE TRABAJADORES DE LA ECONOMIA POPULAR by FMR\" width=\"500\" height=\"450\" scrolling=\"no\" frameborder=\"no\" src=\"https:\/\/w.soundcloud.com\/player\/?visual=true&#038;url=https%3A%2F%2Fapi.soundcloud.com%2Fplaylists%2F376127468&#038;show_artwork=true&#038;maxheight=750&#038;maxwidth=500\"><\/iframe><\/p>\n<p>Nicol\u00e1s del MTE dijo en el lugar: \u201cHace dos o tres meses comenzaron a perseguirlos, como a todxs los trabajadorxs de la Ciudad, los detienen les incautan la mercader\u00eda, los llevan a los penales incluso al Penal de Ezeiza\u201d. Continu\u00f3 diciendo:\u201d La situaci\u00f3n de los compa\u00f1eros Senegaleses es desesperante, hoy en d\u00eda en la Argentina \u00a0por esos estamos ac\u00e1 hoy en la puerta de la 16\u00aa para escrachar esta Comisar\u00eda y que no quede impune lo que acaban de hacer\u201d<\/p>\n<p>Por otra parte el abogado Juan Grabois expres\u00f3: \u201cEn esta Comisar\u00eda se cubre la trata de personas y la venta de drogas, y nunca van presos porque el negocio lo regulan ellos. Persiguen a los Senegaleses porque no se someten a la coima que quieren cobrar esta manga de delincuentes\u201d<\/p>\n<p>Gracias al reclamo y a la organizaci\u00f3n de los militantes populares que se hicieron presentes, \u00a0se logr\u00f3 liberar a todos los detenidos.<\/p>\n","protected":false},"excerpt":{"rendered":"<p>[FM Riachuelo 16\/11\/17]. Ayer la Polic\u00eda de la Ciudad detuvo violentamente a tres militantes del Movimiento de Trabajadores Excluidos-CTEP en Constituci\u00f3n, en el contexto de un desalojo ilegal a los trabajadores migrantes de la v\u00eda p\u00fablica. El episodio sucedi\u00f3 en el marco de la jornada de lucha de la econom\u00eda popular que se realiz\u00f3 ayer [&hellip;]<\/p>\n","protected":false},"author":5,"featured_media":5966,"comment_status":"open","ping_status":"open","sticky":false,"template":"","format":"standard","meta":{"_monsterinsights_skip_tracking":false,"_monsterinsights_sitenote_active":false,"_monsterinsights_sitenote_note":"","_monsterinsights_sitenote_category":0,"jnews-multi-image_gallery":[],"jnews_single_post":[],"jnews_primary_category":[],"_joinchat":[],"footnotes":""},"categories":[78,79,76,75],"tags":[],"class_list":["post-5965","post","type-post","status-publish","format-standard","has-post-thumbnail","hentry","category-economia-popular","category-nadie-se-salva-solo","category-salud-comunitaria","category-trabajo"],"_links":{"self":[{"href":"http:\/\/fmriachuelo.it10.com.ar\/index.php\/wp-json\/wp\/v2\/posts\/5965","targetHints":{"allow":["GET"]}}],"collection":[{"href":"http:\/\/fmriachuelo.it10.com.ar\/index.php\/wp-json\/wp\/v2\/posts"}],"about":[{"href":"http:\/\/fmriachuelo.it10.com.ar\/index.php\/wp-json\/wp\/v2\/types\/post"}],"author":[{"embeddable":true,"href":"http:\/\/fmriachuelo.it10.com.ar\/index.php\/wp-json\/wp\/v2\/users\/5"}],"replies":[{"embeddable":true,"href":"http:\/\/fmriachuelo.it10.com.ar\/index.php\/wp-json\/wp\/v2\/comments?post=5965"}],"version-history":[{"count":0,"href":"http:\/\/fmriachuelo.it10.com.ar\/index.php\/wp-json\/wp\/v2\/posts\/5965\/revisions"}],"wp:featuredmedia":[{"embeddable":true,"href":"http:\/\/fmriachuelo.it10.com.ar\/index.php\/wp-json\/wp\/v2\/media\/5966"}],"wp:attachment":[{"href":"http:\/\/fmriachuelo.it10.com.ar\/index.php\/wp-json\/wp\/v2\/media?parent=5965"}],"wp:term":[{"taxonomy":"category","embeddable":true,"href":"http:\/\/fmriachuelo.it10.com.ar\/index.php\/wp-json\/wp\/v2\/categories?post=5965"},{"taxonomy":"post_tag","embeddable":true,"href":"http:\/\/fmriachuelo.it10.com.ar\/index.php\/wp-json\/wp\/v2\/tags?post=5965"}],"curies":[{"name":"wp","href":"https:\/\/api.w.org\/{rel}","templated":true}]}}