{"id":5955,"date":"2017-11-15T21:46:06","date_gmt":"2017-11-15T21:46:06","guid":{"rendered":"http:\/\/fmriachuelo.com.ar\/?p=5955"},"modified":"2017-11-15T21:46:06","modified_gmt":"2017-11-15T21:46:06","slug":"olla-popular-en-la-boca-sin-tierra-techo-y-trabajo-la-reforma-es-contra-los-de-abajo","status":"publish","type":"post","link":"http:\/\/fmriachuelo.it10.com.ar\/index.php\/2017\/11\/15\/olla-popular-en-la-boca-sin-tierra-techo-y-trabajo-la-reforma-es-contra-los-de-abajo\/","title":{"rendered":"OLLA POPULAR EN LA BOCA: SIN TIERRA, TECHO Y TRABAJO LA REFORMA ES CONTRA LOS DE ABAJO"},"content":{"rendered":"<p style=\"text-align: left\">[FM RIACHUELO 15\/11\/2107] En el marco del plan de lucha nacional de los movimientos sociales, numerosas organizaciones se movilizaron y realizaron ollas populares\u00a0 en todo el pa\u00eds.<\/p>\n<p>La Jornada Nacional de Lucha, que inici\u00f3 desde las 7 de la ma\u00f1ana con una concentraci\u00f3n en el Obelisco y cont\u00f3 con m\u00e1s de 3.000 actividades en todo el territorio nacional, es para exigir el \u00a0tratamiento de la ley de Emergencia Alimentaria, impulsar una ley integral de la Econom\u00eda Popular, rechazar la reforma laboral y jubilatoria, y solicitar mayor presupuesto en las \u00e1reas de prevenci\u00f3n y atenci\u00f3n de adicciones.<\/p>\n<p>En el barrio de La Boca la concentraci\u00f3n se realiz\u00f3 entre las calles Almirante Brown y Brandsen para marchar hacia las cincos esquinas y de ah\u00ed hasta la plaza ubicada frente a la Usina del Arte.<\/p>\n<p>En el anfiteatro de la plaza comenz\u00f3 el acto donde los distintos referentes se expresaron contra las reformas y por las leyes de Emergencia Alimentaria y de la Econom\u00eda Popular. Alejandra de la Corriente Clasista y Combativa dijo que \u201cel gobierno con las reformas busca seguir avasallando nuestros derechos. Cada d\u00eda nos cuesta m\u00e1s llegar a fin de mes. Tenemos que enfrentar estas reformas en la calle y en cada lugar de trabajo\u201d. Por su parte, Alejo del Frente Social Peronista resalt\u00f3 la unidad: \u201clo m\u00e1s importante de esta jornada es el marco de unidad, tenemos que ser cada vez m\u00e1s porque la cosa se viene cada vez m\u00e1s dura\u201d. Jesica del Frente Popular Dar\u00edo Santill\u00e1n agreg\u00f3 que \u201cla reforma nos va a golpear el doble a los trabajadores y trabajadoras de la econom\u00eda popular\u201d. Mara Guanca del comedor San Jorge finaliz\u00f3 diciendo que \u201ccon revolver la olla solamente no alcanza. Parece que los muchachos vienen por todo, pero a nosotros siempre nos queda esta lucha genuina\u201d.<\/p>\n<p>FM Riachuelo pudo dialogar con Roxana Cainzos, la mam\u00e1 de Nehuen, que habl\u00f3 sobre el retroceso en materia de derechos: \u201cnos quieren sacar todo lo que se ha logrado en 12 a\u00f1os, ayer estuve en el Senado presentado una nota con otros familiares de v\u00edctimas de violencia institucional porque tambi\u00e9n pretenden avanzar contra nosotros. Evidentemente la \u00fanica respuesta para los sectores pobres son palos y m\u00e1s palos\u201d.<\/p>\n<p>Escucha todas las intervenciones en el siguiente link:<\/p>\n<p><iframe loading=\"lazy\" title=\"15-11-2017 - JORNADA DE LUCHA POPULAR EN LA BOCA by FMR\" width=\"500\" height=\"450\" scrolling=\"no\" frameborder=\"no\" src=\"https:\/\/w.soundcloud.com\/player\/?visual=true&#038;url=https%3A%2F%2Fapi.soundcloud.com%2Fplaylists%2F375603395&#038;show_artwork=true&#038;maxheight=750&#038;maxwidth=500\"><\/iframe><\/p>\n<p>Las organizaciones que participaron en la olla popular de La Boca fueron: CTEP- Corriente Clasista y Combativa- Frente Popular Dar\u00edo Santill\u00e1n- Mesa Gremial 19 y 20- Movimiento Popular la Dignidad- Izquierda Popular- Frente Social Peronista- MTL Rebelde- Organizaci\u00f3n Social y Pol\u00edtica Los Pibes- Cooperativa de Cartoneros de La Boca- Comedor San Jorge- Casa Cultural El Patio-Cooperativa de vivienda Los Honeros- Cooperativa de vivienda La Nueva Esperanza- Cooperativa de vivienda La Pacha- Cooperativa de vivienda Los Pibes- Cooperativa de vivienda En Lucha- Paseo de la Econom\u00eda Popular Mart\u00edn Oso Cisneros- Fm Riachuelo<\/p>\n","protected":false},"excerpt":{"rendered":"<p>[FM RIACHUELO 15\/11\/2107] En el marco del plan de lucha nacional de los movimientos sociales, numerosas organizaciones se movilizaron y realizaron ollas populares\u00a0 en todo el pa\u00eds. La Jornada Nacional de Lucha, que inici\u00f3 desde las 7 de la ma\u00f1ana con una concentraci\u00f3n en el Obelisco y cont\u00f3 con m\u00e1s de 3.000 actividades en todo [&hellip;]<\/p>\n","protected":false},"author":5,"featured_media":5958,"comment_status":"open","ping_status":"open","sticky":false,"template":"","format":"standard","meta":{"_monsterinsights_skip_tracking":false,"_monsterinsights_sitenote_active":false,"_monsterinsights_sitenote_note":"","_monsterinsights_sitenote_category":0,"jnews-multi-image_gallery":[],"jnews_single_post":[],"jnews_primary_category":[],"_joinchat":[],"footnotes":""},"categories":[76],"tags":[],"class_list":["post-5955","post","type-post","status-publish","format-standard","has-post-thumbnail","hentry","category-salud-comunitaria"],"_links":{"self":[{"href":"http:\/\/fmriachuelo.it10.com.ar\/index.php\/wp-json\/wp\/v2\/posts\/5955","targetHints":{"allow":["GET"]}}],"collection":[{"href":"http:\/\/fmriachuelo.it10.com.ar\/index.php\/wp-json\/wp\/v2\/posts"}],"about":[{"href":"http:\/\/fmriachuelo.it10.com.ar\/index.php\/wp-json\/wp\/v2\/types\/post"}],"author":[{"embeddable":true,"href":"http:\/\/fmriachuelo.it10.com.ar\/index.php\/wp-json\/wp\/v2\/users\/5"}],"replies":[{"embeddable":true,"href":"http:\/\/fmriachuelo.it10.com.ar\/index.php\/wp-json\/wp\/v2\/comments?post=5955"}],"version-history":[{"count":0,"href":"http:\/\/fmriachuelo.it10.com.ar\/index.php\/wp-json\/wp\/v2\/posts\/5955\/revisions"}],"wp:featuredmedia":[{"embeddable":true,"href":"http:\/\/fmriachuelo.it10.com.ar\/index.php\/wp-json\/wp\/v2\/media\/5958"}],"wp:attachment":[{"href":"http:\/\/fmriachuelo.it10.com.ar\/index.php\/wp-json\/wp\/v2\/media?parent=5955"}],"wp:term":[{"taxonomy":"category","embeddable":true,"href":"http:\/\/fmriachuelo.it10.com.ar\/index.php\/wp-json\/wp\/v2\/categories?post=5955"},{"taxonomy":"post_tag","embeddable":true,"href":"http:\/\/fmriachuelo.it10.com.ar\/index.php\/wp-json\/wp\/v2\/tags?post=5955"}],"curies":[{"name":"wp","href":"https:\/\/api.w.org\/{rel}","templated":true}]}}