{"id":5952,"date":"2017-11-15T19:11:43","date_gmt":"2017-11-15T19:11:43","guid":{"rendered":"http:\/\/fmriachuelo.com.ar\/?p=5952"},"modified":"2017-11-15T19:11:43","modified_gmt":"2017-11-15T19:11:43","slug":"organizaciones-populares-firmaron-un-convenio-para-desarrollar-emprendimientos-productivos","status":"publish","type":"post","link":"http:\/\/fmriachuelo.it10.com.ar\/index.php\/2017\/11\/15\/organizaciones-populares-firmaron-un-convenio-para-desarrollar-emprendimientos-productivos\/","title":{"rendered":"ORGANIZACIONES POPULARES FIRMARON UN CONVENIO PARA DESARROLLAR EMPRENDIMIENTOS PRODUCTIVOS"},"content":{"rendered":"<p>[FM RIACHUELO 15\/11\/2017] El s\u00e1bado pasado se realiz\u00f3 una reuni\u00f3n en M\u00e1ximo Paz, entre la Organizaci\u00f3n Social y Pol\u00edtica los Pibes y la Agrupaci\u00f3n de Frente para celebrar la firma de un convenio que permitir\u00e1 el desarrollo de un emprendimiento productivo que tendr\u00e1 lugar en el partido de Ca\u00f1uelas.<\/p>\n<p>FM Riachuelo convers\u00f3 con Marta Ferraro, de la Agrupaci\u00f3n de Frente, que se refiri\u00f3 al trabajo que hace ochos meses viene llevando adelante una peque\u00f1a cooperativa de M\u00e1ximo Paz, que \u00a0tiene inconvenientes <span style=\"line-height: inherit\">para producir debido a la imposibilidad de acceder a las herramientas de trabajo: \u201c ten\u00edamos la necesidad de utilizar m\u00e1quinas que no pod\u00edamos adquirir, fue as\u00ed que conversamos con el referente de Los Pibes, Lito Borello, para ver si era posible el pr\u00e9stamo de m\u00e1quinas de la textil que ellos ten\u00edan. En solidaridad absoluta la OSyPLP nos las envi\u00f3 en comodato con una contraprestaci\u00f3n en producci\u00f3n\u201d. La dirigente resalt\u00f3 la solidaridad de las organizaciones como eje central en la econom\u00eda popular: \u201c\u00e9sta es nuestra manera de trabajar, de sostenernos entre todos. No conocemos otra forma de hacerlo\u201d.<\/span><\/p>\n<p>Marta tambi\u00e9n se refiri\u00f3 a otro punto tratado en el convenio; el del pr\u00e9stamo de un micro de la organizaci\u00f3n Los Pibes: \u201clleg\u00f3 a M\u00e1ximo Paz para convertirse en un micro multiprop\u00f3sito, porque va a trasladar compa\u00f1eros y mercader\u00eda a los mercados populares\u00bb. Resaltando la dificultad de los productores de la econom\u00eda popular al momento de trasladar sus mercader\u00edas agreg\u00f3: \u201cla log\u00edstica es nefasta y cara, y a nosotros lo que m\u00e1s nos traba es eso, as\u00ed que es importante que le podamos dar esta funcionalidad primordial al veh\u00edculo de los compa\u00f1eros.\u201d<\/p>\n<p>Escucha la entrevista completa de Rompe el Cerco Informativo a Marta Ferraro:<\/p>\n<p><a href=\"https:\/\/soundcloud.com\/prensa-fm-riachuelo\/14-11-2017-marta-ferraro-agrup-de-frente-convenio-con-osplp\">https:\/\/soundcloud.com\/prensa-fm-riachuelo\/14-11-2017-marta-ferraro-agrup-de-frente-convenio-con-osplp<\/a><\/p>\n","protected":false},"excerpt":{"rendered":"<p>[FM RIACHUELO 15\/11\/2017] El s\u00e1bado pasado se realiz\u00f3 una reuni\u00f3n en M\u00e1ximo Paz, entre la Organizaci\u00f3n Social y Pol\u00edtica los Pibes y la Agrupaci\u00f3n de Frente para celebrar la firma de un convenio que permitir\u00e1 el desarrollo de un emprendimiento productivo que tendr\u00e1 lugar en el partido de Ca\u00f1uelas. FM Riachuelo convers\u00f3 con Marta Ferraro, [&hellip;]<\/p>\n","protected":false},"author":5,"featured_media":5953,"comment_status":"open","ping_status":"open","sticky":false,"template":"","format":"standard","meta":{"_monsterinsights_skip_tracking":false,"_monsterinsights_sitenote_active":false,"_monsterinsights_sitenote_note":"","_monsterinsights_sitenote_category":0,"jnews-multi-image_gallery":[],"jnews_single_post":[],"jnews_primary_category":[],"_joinchat":[],"footnotes":""},"categories":[76],"tags":[],"class_list":["post-5952","post","type-post","status-publish","format-standard","has-post-thumbnail","hentry","category-salud-comunitaria"],"_links":{"self":[{"href":"http:\/\/fmriachuelo.it10.com.ar\/index.php\/wp-json\/wp\/v2\/posts\/5952","targetHints":{"allow":["GET"]}}],"collection":[{"href":"http:\/\/fmriachuelo.it10.com.ar\/index.php\/wp-json\/wp\/v2\/posts"}],"about":[{"href":"http:\/\/fmriachuelo.it10.com.ar\/index.php\/wp-json\/wp\/v2\/types\/post"}],"author":[{"embeddable":true,"href":"http:\/\/fmriachuelo.it10.com.ar\/index.php\/wp-json\/wp\/v2\/users\/5"}],"replies":[{"embeddable":true,"href":"http:\/\/fmriachuelo.it10.com.ar\/index.php\/wp-json\/wp\/v2\/comments?post=5952"}],"version-history":[{"count":0,"href":"http:\/\/fmriachuelo.it10.com.ar\/index.php\/wp-json\/wp\/v2\/posts\/5952\/revisions"}],"wp:featuredmedia":[{"embeddable":true,"href":"http:\/\/fmriachuelo.it10.com.ar\/index.php\/wp-json\/wp\/v2\/media\/5953"}],"wp:attachment":[{"href":"http:\/\/fmriachuelo.it10.com.ar\/index.php\/wp-json\/wp\/v2\/media?parent=5952"}],"wp:term":[{"taxonomy":"category","embeddable":true,"href":"http:\/\/fmriachuelo.it10.com.ar\/index.php\/wp-json\/wp\/v2\/categories?post=5952"},{"taxonomy":"post_tag","embeddable":true,"href":"http:\/\/fmriachuelo.it10.com.ar\/index.php\/wp-json\/wp\/v2\/tags?post=5952"}],"curies":[{"name":"wp","href":"https:\/\/api.w.org\/{rel}","templated":true}]}}