{"id":595,"date":"2015-04-08T01:54:00","date_gmt":"2015-04-08T01:54:00","guid":{"rendered":"http:\/\/fmriachuelo.observatorioess.org.ar\/index.php\/2015\/04\/08\/vii-cumbre-de-las-americas-cumbre-del-capitalismo\/"},"modified":"2025-03-27T13:47:13","modified_gmt":"2025-03-27T16:47:13","slug":"vii-cumbre-de-las-americas-cumbre-del-capitalismo","status":"publish","type":"post","link":"http:\/\/fmriachuelo.it10.com.ar\/index.php\/2015\/04\/08\/vii-cumbre-de-las-americas-cumbre-del-capitalismo\/","title":{"rendered":"VII CUMBRE DE LAS AMERICAS: CUMBRE DEL CAPITALISMO"},"content":{"rendered":"<div style=\"clear: both;text-align: left\"><span style=\"color: red;font-family: Verdana, sans-serif;font-size: large\"><strong>DA\u00d1OS COLATERALES<\/strong><\/span><\/div>\n<div style=\"clear: both;text-align: center\">&nbsp;<\/div>\n<div style=\"clear: both;text-align: center\"><a href=\"http:\/\/1.bp.blogspot.com\/-PL9b0Q0fYBM\/VSSD445TSGI\/AAAAAAAADo8\/AiQP5WPi8AY\/s1600\/Cumbre-de-las-americas.jpg\" style=\"margin-left: 1em;margin-right: 1em\"><img loading=\"lazy\" decoding=\"async\" border=\"0\" src=\"http:\/\/1.bp.blogspot.com\/-PL9b0Q0fYBM\/VSSD445TSGI\/AAAAAAAADo8\/AiQP5WPi8AY\/s1600\/Cumbre-de-las-americas.jpg\" height=\"200\" width=\"400\" \/><\/a><\/div>\n<div style=\"clear: both;text-align: left\"><span style=\"font-family: Verdana, sans-serif\">Esta semana Panam\u00e1 acoge la VII Cumbre de Las Am\u00e9ricas, con la participaci\u00f3n de m\u00e1s de 25 jefes de Estado y de Gobierno, y por primera vez con la presencia de Cuba.<\/p>\n<p>Bajo el lema \u00abProsperidad con Equidad: El Desaf\u00edo de Cooperaci\u00f3n en las Am\u00e9ricas\u00bb, este encuentro, el s\u00e9ptimo desde que fuera lanzado por primera vez en 1994 en la ciudad estadounidense de Miami, tambi\u00e9n organiza tres \u201cforos oficiales\u201d y una cumbre paralela: uno juvenil, de rectores universitarios, de la sociedad civil y una cumbre empresarial. A los \u00faltimos dos asistir\u00e1 Barack Hussein Obama.<\/p>\n<p>A la II Cumbre Empresarial est\u00e1n citados varios de los m\u00e1ximos exponentes del capitalismo mundial. De marcas tan poderosas como la Coca Cola Company, la Pepsico, Walmark, Citigrouop o la Barrick Gold, los m\u00e1s de 30 panelistas expondr\u00e1n su visi\u00f3n sobre una \u00abintegraci\u00f3n productiva\u00bb que conlleve a un \u201cdesarrollo inclusivo\u201d para \u00abunir\u00bb a Las Am\u00e9ricas.<\/p>\n<p>Del bloque de las multinacionales que controlan el agua embotellada y las bebidas gaseosas asistir\u00e1n Indra Nooyi y Muthar Kent, directores ejecutivos de Pepsico y Coca-Cola.<\/p>\n<p>Adem\u00e1s del m\u00e1ximo ejecutivo de Coca-Cola, Muthar Kent, es:  Directivo de la fundaci\u00f3n infantil Ronald McDonald House,  Invitado del exclusivo  Grupo Bildenberg y asisti\u00f3 a la \u00faltima cumbre en  Grecia en 2009,  Directivo del Comit\u00e9 Nacional sobre las relaciones Estados Unidos-China.<\/span><\/div>\n<p><a name='more'><\/a><span style=\"font-family: Verdana, sans-serif\"><br \/>Por la  PepsiCo, viaja a Panam\u00e1  Indra Nooyi, una india-estadounidense que s\u00f3lo en  2014 recibi\u00f3 19,1 millones de d\u00f3lares de pago por sus servicios, 4 5% m\u00e1s de los 13,2 que percibi\u00f3 el a\u00f1o anterior. <br \/>Mientras Nooyi gana estos exuberantes sueldos, la Pepsico anunciaba para 2012, y para  mejorar su productividad, el despido de  ocho mil setecientas personas en todo el mundo.<\/span><\/p>\n<div style=\"clear: both;text-align: left\"><\/div>\n<p><span style=\"font-family: Verdana, sans-serif\">Estas empresas utilizan miles de acu\u00edferos en el mundo, tanto para embotellar agua \u00abpotable\u00bb como para fabricar sus bebidas carbonatadas.<\/p>\n<p>Por ejemplo la Coca-Cola usa, en los pa\u00edses desarrollados, 2.7 litros de agua para producir un litro de su refresco. En cambio en las mal llamadas naciones del \u201ctercer mundo\u201d gastan el doble y contaminan regiones enteras.<\/span><br \/><span style=\"font-family: Verdana, sans-serif\"><\/span><br \/><span style=\"font-family: Verdana, sans-serif\">Adem\u00e1s, en <strong>Colombia<\/strong> y otros pa\u00edses, a la Coca-Cola Company, se le ha relacionado grupos paramilitares.<\/p>\n<p>En 2001 un sindicato colombiano acus\u00f3 a la gigante gaseosa en un tribunal de Miami alegando que Panamaco, una embotelladora colombiana afiliada a la marca, ayud\u00f3 a un grupo de paramilitares a asesinar a varios miembros de esa organizaci\u00f3n.<\/p>\n<p>Y es que la implicaci\u00f3n de la empresa con grupos paramilitares para desarticular y amenazar iniciativas sindicalistas en <strong>Colombia<\/strong>, tambi\u00e9n se ha denunciado en pa\u00edses como <strong>Turqu\u00eda y Guatemala.<\/strong>Tambi\u00e9n ha sido acusada de explotaci\u00f3n laboral  infantil en los campos azucareros de <strong>El Salvador<\/strong>, donde un tercio de los obreros son menores de edad.<\/p>\n<p>Esta compa\u00f1\u00eda gan\u00f3 en los nueve primeros meses de 2014, seis mil 300 millones de d\u00f3lares y en abril de ese mismo a\u00f1o despidi\u00f3 a unos 235 trabajadores en <strong>Madrid, Espa\u00f1a<\/strong>.<\/p>\n<p>En octubre de 2014 anunci\u00f3 un plan de recortes que contemplaba una reducci\u00f3n del gasto anual de unos tres millones de d\u00f3lares hasta 2019 y para enero de 2015 anunci\u00f3 el despido de unos mil 800 trabajadores a escala mundial la decisi\u00f3n obedece a un nuevo plan de recortes.<\/p>\n<p>S\u00f3lo en <strong>M\u00e9xico<\/strong>, la Coca-Cola Company cotrola el 49 por ciento de los mantos fre\u00e1ticos.<\/p>\n<p>La controvertida Pepsico controla el 5.9 por ciento de agua pura de los mantos fre\u00e1ticos de <strong>M\u00e9xico,<\/strong> en momentos en que esta naci\u00f3n se encuentra en pol\u00e9mica por la Ley General de Aguas que pretende privatizar el l\u00edquido.<\/p>\n<p>En <strong>M\u00e9xico<\/strong> unas 10 millones de personas no cuentan con el servicio de agua entubada, y otras 13 millones, que viven en zonas rurales y urbanas, reciben el l\u00edquido contaminado por la falta de saneamiento<\/span>.<\/p>\n<p><span style=\"font-family: Verdana, sans-serif\">Otro de los invitados a la Cumbre Empresarial es Francisco Aristeguieta, director ejecutivo de Citigroup Am\u00e9rica Latina.<\/p>\n<p>Este grupo financiero es el due\u00f1o del banco m\u00e1s grande de <strong>M\u00e9xico<\/strong>, Banamex (antiguamente estatal) y ha sido investigado en <strong>M\u00e9xico y EE.UU<\/strong>. por fraudes multimillonarios calculados en m\u00e1s de 50 millones de d\u00f3lares.<\/p>\n<p>Citigroup tambi\u00e9n estuvo implicado en el caso de los <strong>Fondos Buitre<\/strong> contra Argentina. La Comisi\u00f3n Nacional de Valores (CNV) de ese pa\u00eds suspendi\u00f3 preventivamente en marzo de 2014 a Citibank para operar en el mercado de capitales ya que la entidad bancaria firm\u00f3 un acuerdo con los Fondos Buitre que litigan contra la naci\u00f3n en tribunales de Nueva York.<\/p>\n<p>Kelvin Dushnishky, comparte la responsabilidad general en la ejecuci\u00f3n de estrat\u00e9gicas y planes operativos de Barrick Gold, una compa\u00f1\u00eda canadiense que se dedica a la extracci\u00f3n de oro.<\/p>\n<p>Barrick Gold es considerada una amenaza en la <strong>Rep\u00fablica Dominicana<\/strong>, donde ha provocado un \u00abgenocidio silencioso\u00bb debido al uso de cianuro y otras sustancias letales para el ser humano. Maneja la mina Pueblo Viejo, una reserva de categor\u00eda mundial y uno de los dep\u00f3sitos m\u00e1s grandes de oro no desarrollados.<\/p>\n<p>Los activistas y dirigentes de Paz Dominicana han \u00absido objeto de amenazas de muerte\u00bb por denunciar esta situaci\u00f3n y acusados de enterrar vivos a 50 mineros en Tanzania y de hacer explotar las minas sin hacer caso de las preocupaciones ambientales en sus operaciones en todo \u00e9l mundo.<\/p>\n<p>Es una de las multinacionales que financi\u00f3 la guerra en el <strong>Congo<\/strong>, un conflicto impulsado para controlar la riqueza minera y en el que murieron 7 millones de personas en 10 a\u00f1os.<\/p>\n<p>En <strong>Chile<\/strong> la multinacional amenaza con destruir los glaciares andinos para extraer el oro de Pascua Lama. En marzo pasado un Tribunal Ambiental chileno <\/span><span style=\"font-family: Verdana, sans-serif\">rechaz\u00f3<\/span><span style=\"font-family: Verdana, sans-serif\"> la demanda de agricultores y pueblos ind\u00edgenas  contra la empresa Barrick Gold, en el marco del proyecto minero en la frontera con Argentina.<\/span><\/p>\n<p><span style=\"color: blue;font-family: Verdana, sans-serif\">Fuente: Informe Telesur, Producci\u00f3n Riachuelo<\/span><\/p>\n","protected":false},"excerpt":{"rendered":"<p>DA\u00d1OS COLATERALES &nbsp; Esta semana Panam\u00e1 acoge la VII Cumbre de Las Am\u00e9ricas, con la participaci\u00f3n de m\u00e1s de 25 jefes de Estado y de Gobierno, y por primera vez con la presencia de Cuba. Bajo el lema \u00abProsperidad con Equidad: El Desaf\u00edo de Cooperaci\u00f3n en las Am\u00e9ricas\u00bb, este encuentro, el s\u00e9ptimo desde que fuera [&hellip;]<\/p>\n","protected":false},"author":4,"featured_media":0,"comment_status":"open","ping_status":"open","sticky":false,"template":"","format":"standard","meta":{"_monsterinsights_skip_tracking":false,"_monsterinsights_sitenote_active":false,"_monsterinsights_sitenote_note":"","_monsterinsights_sitenote_category":0,"jnews-multi-image_gallery":[],"jnews_single_post":{"format":"standard"},"jnews_primary_category":[],"_joinchat":[],"footnotes":""},"categories":[58],"tags":[70,167],"class_list":["post-595","post","type-post","status-publish","format-standard","hentry","category-noticiariachuelo","tag-de-la-patria-grande","tag-politica-internacional"],"_links":{"self":[{"href":"http:\/\/fmriachuelo.it10.com.ar\/index.php\/wp-json\/wp\/v2\/posts\/595","targetHints":{"allow":["GET"]}}],"collection":[{"href":"http:\/\/fmriachuelo.it10.com.ar\/index.php\/wp-json\/wp\/v2\/posts"}],"about":[{"href":"http:\/\/fmriachuelo.it10.com.ar\/index.php\/wp-json\/wp\/v2\/types\/post"}],"author":[{"embeddable":true,"href":"http:\/\/fmriachuelo.it10.com.ar\/index.php\/wp-json\/wp\/v2\/users\/4"}],"replies":[{"embeddable":true,"href":"http:\/\/fmriachuelo.it10.com.ar\/index.php\/wp-json\/wp\/v2\/comments?post=595"}],"version-history":[{"count":1,"href":"http:\/\/fmriachuelo.it10.com.ar\/index.php\/wp-json\/wp\/v2\/posts\/595\/revisions"}],"predecessor-version":[{"id":23240,"href":"http:\/\/fmriachuelo.it10.com.ar\/index.php\/wp-json\/wp\/v2\/posts\/595\/revisions\/23240"}],"wp:attachment":[{"href":"http:\/\/fmriachuelo.it10.com.ar\/index.php\/wp-json\/wp\/v2\/media?parent=595"}],"wp:term":[{"taxonomy":"category","embeddable":true,"href":"http:\/\/fmriachuelo.it10.com.ar\/index.php\/wp-json\/wp\/v2\/categories?post=595"},{"taxonomy":"post_tag","embeddable":true,"href":"http:\/\/fmriachuelo.it10.com.ar\/index.php\/wp-json\/wp\/v2\/tags?post=595"}],"curies":[{"name":"wp","href":"https:\/\/api.w.org\/{rel}","templated":true}]}}