{"id":5946,"date":"2017-11-11T03:46:09","date_gmt":"2017-11-11T03:46:09","guid":{"rendered":"http:\/\/fmriachuelo.com.ar\/?p=5946"},"modified":"2017-11-11T03:46:09","modified_gmt":"2017-11-11T03:46:09","slug":"movimientos-populares-lanzaron-un-plan-de-lucha-nacional","status":"publish","type":"post","link":"http:\/\/fmriachuelo.it10.com.ar\/index.php\/2017\/11\/11\/movimientos-populares-lanzaron-un-plan-de-lucha-nacional\/","title":{"rendered":"MOVIMIENTOS POPULARES LANZARON UN PLAN DE LUCHA NACIONAL"},"content":{"rendered":"<p>[FM RIACHUEO 10\/11\/2017] Hoy se realiz\u00f3 una asamblea nacional donde los movimientos populares decidieron lanzar un plan de lucha contra las reformas del gobierno y para impulsar la ley de Emergencia Alimentaria y una ley integral de la Econom\u00eda Popular. Las medidas incluyen tres importantes movilizaciones: el 15 de noviembre en los centros de referencia de todo el pa\u00eds se realizaran ollas populares, desde las 7 de la ma\u00f1ana en el Obelisco, y con un cierre a las 18 hs en el Congreso. El 22 los productores de la Agricultura Familiar encabezar\u00e1n una marcha hacia el Ministerio de Agroindustria, tambi\u00e9n habr\u00e1 una marcha cartonera para promover la ley de envases y rechazar la ley de incineraci\u00f3n. Por \u00faltimo el viernes 24, los movimientos y organizaciones volver\u00e1n a las calles en el d\u00eda internacional contra la violencia machista.<\/p>\n<p>FM Riachuelo estuvo presente en la asamblea nacional que cont\u00f3 con una amplia participaci\u00f3n de organizaciones y donde los distintos referentes analizaron la actual situaci\u00f3n econ\u00f3mica y social \u00a0que golpean fuertemente a los trabajadores. Esteban Gringo Castro, secretario general de CTEP, expres\u00f3: \u201cLos Movimientos Populares, manteniendo la unidad en la lucha, volvemos a la calle para manifestarnos en contra de las reformas que propone el Ejecutivo, porque van en contra de los trabajadores y excluyen a la Econom\u00eda Popular. La agenda social est\u00e1 ausente y es necesario que visibilicemos los problemas que vive el sector. Vamos por la Ley de Emergencia Alimentaria y por una ley integral para los trabajadores y trabajadoras de la Econom\u00eda Popular\u201d.<\/p>\n<p>Escucha todas las intervenciones del plenario en el siguiente enlace:<\/p>\n<p><iframe loading=\"lazy\" title=\"10-11-2017 - ASAMBLEA NACIONAL DE MOVIMIENTOS POPULARES by FMR\" width=\"500\" height=\"450\" scrolling=\"no\" frameborder=\"no\" src=\"https:\/\/w.soundcloud.com\/player\/?visual=true&#038;url=https%3A%2F%2Fapi.soundcloud.com%2Fplaylists%2F371945870&#038;show_artwork=true&#038;maxheight=750&#038;maxwidth=500\"><\/iframe><\/p>\n<p>Las organizaciones presentes en la jornada fueron: CTEP \u2013 Barrios de Pie \u2013 Corriente Clasista Combativa CCC \u2013 Movimiento Evita \u2013 Frente Popular Dar\u00edo Santill\u00e1n \u2013 Movimiento de Trabajadores Excluidos MTE \u2013 Seamos Libres \u2013 Pueblo Unido \u2013 La Poderosa \u2013 Organizaci\u00f3n Social y Pol\u00edtica Los Pibes \u2013 Movimiento Nacional Campesino Ind\u00edgena MNCI\u00a0 \u2013 Movimiento Popular La Dignidad MPLD \u2013 Uni\u00f3n de Trabajadores de la Tierra UTT \u2013 Encuentro de Organizaciones EO \u2013 Octubres \u2013 Frente Barrial 19 de Diciembre \u2013 Frente de Organizaciones Populares \u2013 Frente Desocupados Eva Per\u00f3n \u2013 22 de Agosto \u2013 MTL Rebelde \u2013 MTD \u2013 Sim\u00f3n Bolivar \u2013 OLP \u2013 MTR 12 de Abril \u2013 OCR \u2013 Frente Social Peronista \u2013 Frente Social 17 de Octubre \u2013 Movimiento Popular Venceremos \u2013 Coordinadora de Barrios y de la Econom\u00eda Popular \u2013 Segundo Centenario \u2013 CTD An\u00edbal Ver\u00f3n Nacional \u2013 Izquierda Latinoamericana \u2013 Militancia Popular Antiimperialista \u2013 Pueblo Adentro La Plata \u2013 Mesa gremial 19 y 20 \u2013 UTD Mosconi &#8211; Kallpa Wayna<\/p>\n","protected":false},"excerpt":{"rendered":"<p>[FM RIACHUEO 10\/11\/2017] Hoy se realiz\u00f3 una asamblea nacional donde los movimientos populares decidieron lanzar un plan de lucha contra las reformas del gobierno y para impulsar la ley de Emergencia Alimentaria y una ley integral de la Econom\u00eda Popular. Las medidas incluyen tres importantes movilizaciones: el 15 de noviembre en los centros de referencia [&hellip;]<\/p>\n","protected":false},"author":5,"featured_media":5947,"comment_status":"open","ping_status":"open","sticky":false,"template":"","format":"standard","meta":{"_monsterinsights_skip_tracking":false,"_monsterinsights_sitenote_active":false,"_monsterinsights_sitenote_note":"","_monsterinsights_sitenote_category":0,"jnews-multi-image_gallery":[],"jnews_single_post":[],"jnews_primary_category":[],"_joinchat":[],"footnotes":""},"categories":[76],"tags":[],"class_list":["post-5946","post","type-post","status-publish","format-standard","has-post-thumbnail","hentry","category-salud-comunitaria"],"_links":{"self":[{"href":"http:\/\/fmriachuelo.it10.com.ar\/index.php\/wp-json\/wp\/v2\/posts\/5946","targetHints":{"allow":["GET"]}}],"collection":[{"href":"http:\/\/fmriachuelo.it10.com.ar\/index.php\/wp-json\/wp\/v2\/posts"}],"about":[{"href":"http:\/\/fmriachuelo.it10.com.ar\/index.php\/wp-json\/wp\/v2\/types\/post"}],"author":[{"embeddable":true,"href":"http:\/\/fmriachuelo.it10.com.ar\/index.php\/wp-json\/wp\/v2\/users\/5"}],"replies":[{"embeddable":true,"href":"http:\/\/fmriachuelo.it10.com.ar\/index.php\/wp-json\/wp\/v2\/comments?post=5946"}],"version-history":[{"count":0,"href":"http:\/\/fmriachuelo.it10.com.ar\/index.php\/wp-json\/wp\/v2\/posts\/5946\/revisions"}],"wp:featuredmedia":[{"embeddable":true,"href":"http:\/\/fmriachuelo.it10.com.ar\/index.php\/wp-json\/wp\/v2\/media\/5947"}],"wp:attachment":[{"href":"http:\/\/fmriachuelo.it10.com.ar\/index.php\/wp-json\/wp\/v2\/media?parent=5946"}],"wp:term":[{"taxonomy":"category","embeddable":true,"href":"http:\/\/fmriachuelo.it10.com.ar\/index.php\/wp-json\/wp\/v2\/categories?post=5946"},{"taxonomy":"post_tag","embeddable":true,"href":"http:\/\/fmriachuelo.it10.com.ar\/index.php\/wp-json\/wp\/v2\/tags?post=5946"}],"curies":[{"name":"wp","href":"https:\/\/api.w.org\/{rel}","templated":true}]}}