{"id":594,"date":"2015-04-08T02:05:00","date_gmt":"2015-04-08T02:05:00","guid":{"rendered":"http:\/\/fmriachuelo.observatorioess.org.ar\/index.php\/2015\/04\/08\/mexico-organizaciones-sociales-contra-la-privatizacion-del-agua\/"},"modified":"2025-03-27T13:48:42","modified_gmt":"2025-03-27T16:48:42","slug":"mexico-organizaciones-sociales-contra-la-privatizacion-del-agua","status":"publish","type":"post","link":"http:\/\/fmriachuelo.it10.com.ar\/index.php\/2015\/04\/08\/mexico-organizaciones-sociales-contra-la-privatizacion-del-agua\/","title":{"rendered":"MEXICO: ORGANIZACIONES SOCIALES CONTRA LA PRIVATIZACION DEL AGUA"},"content":{"rendered":"<p><span style=\"color: red;font-family: Verdana, sans-serif;font-size: large\"><strong>TIENE DUE\u00d1O<\/strong><\/span> <\/p>\n<div style=\"clear: both;text-align: center\"><a href=\"http:\/\/1.bp.blogspot.com\/-yJOiMX8xaHE\/VSSMm62ZOHI\/AAAAAAAADpM\/QNLiPpYnMIQ\/s1600\/MEXICO.png\" style=\"clear: left;float: left;margin-bottom: 1em;margin-right: 1em\"><img decoding=\"async\" border=\"0\" src=\"http:\/\/1.bp.blogspot.com\/-yJOiMX8xaHE\/VSSMm62ZOHI\/AAAAAAAADpM\/QNLiPpYnMIQ\/s1600\/MEXICO.png\" \/><\/a><\/div>\n<p><span style=\"font-family: Verdana, sans-serif\">El l\u00edder de la organizaci\u00f3n social del Frente Social por la Soberan\u00eda Popular (FSSP), destac\u00f3 que en materia de agua y lo que afectar\u00e1 en el tema de riego y pozos acu\u00edferos en miles de agricultores y ganaderos de la entidad zacatecana, se ver\u00e1 afectado por la agresividad de las nuevas reformas en materia de agua que el Congreso de la Uni\u00f3n y los partidos pol\u00edticos a nivel nacional para legislar sobre los mantos acu\u00edferos que forman parte de los ejidos y los pocos r\u00edos que cruzan el estado de Zacatecas, por lo que Jos\u00e9 Santos Cervantes recalc\u00f3 que todos debemos de tomar en cuenta que el agua es un recurso vital, y el problema est\u00e1 que as\u00ed como se pueden ir adue\u00f1ando del recurso natural, de las cerca de mil ciento cincuenta empresas medianas y peque\u00f1as, y otras fueron desapareciendo, ser\u00e1 posible que se privatice como ha pasado con la econom\u00eda, que son impuestas desde la econom\u00eda y el Banco Mundial, y se hace un extremo de llegar a privatizar todo, citando asimismo la educaci\u00f3n privada como en el caso del pa\u00eds chileno, donde la poblaci\u00f3n est\u00e1 luchando por buscar mejoras en el tema de la educaci\u00f3n.<\/p>\n<p>Asimismo, en el caso del agua, se lleg\u00f3 al extremo de privatizar el agua en Bolivia, hasta el actual gobierno nacionalista progresista de Evo Morales, pues antes privatizaron incluso la lluvia que no se pod\u00eda captarse, por lo que aqu\u00ed puede pasar lo mismo, privatizar incuso el consumo humano, pues las grandes empresas cerveceras y refresqueras, ya que tambi\u00e9n las empresas mineras podr\u00e1n extraer otros recursos como el gas y el petr\u00f3leo, \u201cporque ah\u00ed es donde se usa millones y millones de litros de agua para poder llevar a cabo el limpiado del mineral, eso por un lado, pero adem\u00e1s los mantos, los manantiales, las represas van a poder ser propiedad de particulares, entonces ya no hay l\u00edmites sino enriquecer a empresa privadas, pues forma parte de los premeditados intereses de la clase pol\u00edtica, por lo que el pueblo de M\u00e9xico no ha entendido que este tipo de gobierno atentara contra los derechos laborales y los derechos humanos del beneficio del vital l\u00edquido\u201d.<\/span><br \/><span style=\"color: blue;font-family: Verdana\">Fuente: Nodal, Producci\u00f3n Riachuelo<\/span><\/p>\n","protected":false},"excerpt":{"rendered":"<p>TIENE DUE\u00d1O El l\u00edder de la organizaci\u00f3n social del Frente Social por la Soberan\u00eda Popular (FSSP), destac\u00f3 que en materia de agua y lo que afectar\u00e1 en el tema de riego y pozos acu\u00edferos en miles de agricultores y ganaderos de la entidad zacatecana, se ver\u00e1 afectado por la agresividad de las nuevas reformas en [&hellip;]<\/p>\n","protected":false},"author":4,"featured_media":0,"comment_status":"open","ping_status":"open","sticky":false,"template":"","format":"standard","meta":{"_monsterinsights_skip_tracking":false,"_monsterinsights_sitenote_active":false,"_monsterinsights_sitenote_note":"","_monsterinsights_sitenote_category":0,"jnews-multi-image_gallery":[],"jnews_single_post":{"format":"standard"},"jnews_primary_category":[],"_joinchat":[],"footnotes":""},"categories":[58],"tags":[70,71],"class_list":["post-594","post","type-post","status-publish","format-standard","hentry","category-noticiariachuelo","tag-de-la-patria-grande","tag-de-la-tierra"],"_links":{"self":[{"href":"http:\/\/fmriachuelo.it10.com.ar\/index.php\/wp-json\/wp\/v2\/posts\/594","targetHints":{"allow":["GET"]}}],"collection":[{"href":"http:\/\/fmriachuelo.it10.com.ar\/index.php\/wp-json\/wp\/v2\/posts"}],"about":[{"href":"http:\/\/fmriachuelo.it10.com.ar\/index.php\/wp-json\/wp\/v2\/types\/post"}],"author":[{"embeddable":true,"href":"http:\/\/fmriachuelo.it10.com.ar\/index.php\/wp-json\/wp\/v2\/users\/4"}],"replies":[{"embeddable":true,"href":"http:\/\/fmriachuelo.it10.com.ar\/index.php\/wp-json\/wp\/v2\/comments?post=594"}],"version-history":[{"count":1,"href":"http:\/\/fmriachuelo.it10.com.ar\/index.php\/wp-json\/wp\/v2\/posts\/594\/revisions"}],"predecessor-version":[{"id":23242,"href":"http:\/\/fmriachuelo.it10.com.ar\/index.php\/wp-json\/wp\/v2\/posts\/594\/revisions\/23242"}],"wp:attachment":[{"href":"http:\/\/fmriachuelo.it10.com.ar\/index.php\/wp-json\/wp\/v2\/media?parent=594"}],"wp:term":[{"taxonomy":"category","embeddable":true,"href":"http:\/\/fmriachuelo.it10.com.ar\/index.php\/wp-json\/wp\/v2\/categories?post=594"},{"taxonomy":"post_tag","embeddable":true,"href":"http:\/\/fmriachuelo.it10.com.ar\/index.php\/wp-json\/wp\/v2\/tags?post=594"}],"curies":[{"name":"wp","href":"https:\/\/api.w.org\/{rel}","templated":true}]}}