{"id":5938,"date":"2017-11-10T14:05:34","date_gmt":"2017-11-10T14:05:34","guid":{"rendered":"http:\/\/fmriachuelo.com.ar\/?p=5938"},"modified":"2017-11-10T14:05:34","modified_gmt":"2017-11-10T14:05:34","slug":"vialidad-incertidumbre-laboral-y-especulacion-inmobiliaria-del-gobierno","status":"publish","type":"post","link":"http:\/\/fmriachuelo.it10.com.ar\/index.php\/2017\/11\/10\/vialidad-incertidumbre-laboral-y-especulacion-inmobiliaria-del-gobierno\/","title":{"rendered":"VIALIDAD: INCERTIDUMBRE LABORAL Y ESPECULACI\u00d3N INMOBILIARIA DEL GOBIERNO"},"content":{"rendered":"<p>[FM RIACHUELO 10\/11\/2107] \u00a0Crece la inquietud de los trabajadores de Vialidad Nacional y de los vecinxs de Mataderos \u00a0frente a la publicaci\u00f3n en el Bolet\u00edn oficial del decreto de necesidad y urgencia \u00a0794\/2017, donde se trat\u00f3 la \u00a0creaci\u00f3n de la sociedad an\u00f3nima \u201cCorredores Viales S.A\u201d.<\/p>\n<p>Este decreto promueve la privatizaci\u00f3n del sector, donde la firma podr\u00e1 suscribir convenios con empresas p\u00fablicas y privadas, nacionales y extranjeras. Esto preocupa adem\u00e1s de a \u00a0lxs trabajadores por \u00a0que peligra su continuidad laboral, \u00a0a los vecinos de Mataderos ya que se lleva adelante la venta de terrenos por parte del Gobierno de la Ciudad \u00a0del 1\u00b0 Distrito ubicado en Av. Gral. Paz y Emilio Castro, donde \u00a0funciona una Escuela T\u00e9cnica Vial.<\/p>\n<p>Escucha los audios<\/p>\n<p><iframe loading=\"lazy\" title=\"09-11-2017- SITUACION DE TBJDORES DE VIALIDAD NACIONAL  1er DISTRTTO PERO SEGUIMOS EN PIE DE LUCHA by FMR\" width=\"500\" height=\"450\" scrolling=\"no\" frameborder=\"no\" src=\"https:\/\/w.soundcloud.com\/player\/?visual=true&#038;url=https%3A%2F%2Fapi.soundcloud.com%2Fplaylists%2F371171438&#038;show_artwork=true&#038;maxheight=750&#038;maxwidth=500\"><\/iframe><\/p>\n<p>Sobre estos temas Graciela Ale\u00f1a Secetaria Adjunta del Sindicato de Trabajadores Viales dijo en una entrevista a Fm Riachuelo 100.9: \u201clo importante es la tarea de los compa\u00f1erxs que est\u00e1n realizando reclamos a los legisladores, ya \u00a0que los tres \u00a0puntos del decreto ni mencionan la Escuela t\u00e9cnica Vial, \u00a0ni la situaci\u00f3n de los trabajadores\u201d\u00a0 \u00a0Continu\u00f3 diciendo: \u00a0\u201dsi llegaran a vender los terrenos tendr\u00e1n que enfrentar un juicio\u201d.<\/p>\n<p>Los vecinxs de Mataderos marcharon junto a los trabajadores en varias oportunidades \u00a0al Congreso reclamando no\u00a0 s\u00f3lo por la p\u00e9rdida de puestos de trabajo, sino por un tema muy preocupante que es la venta de \u00a0los terrenos.<\/p>\n<p>El gobierno de la Ciudad pretende utilizar esos terrenos para favorecer la especulaci\u00f3n inmobiliaria, con una mega-construcci\u00f3n que afectar\u00e1 al barrio llevando adelante una \u00a0pol\u00edtica caracter\u00edstica de la gesti\u00f3n de CAMBIEMOS.<\/p>\n<p>Esto tambi\u00e9n est\u00e1 sucediendo en el barrio de La Boca, que sufre el mayor d\u00e9ficit habitacional de la ciudad, \u00a0donde los vecinxs y las organizaciones populares denuncian permanentemente los grandes negocios del gobierno porte\u00f1o, que est\u00e1 instaurando en la zona un gran proyecto de \u00a0desarrollo inmobiliario llamado \u201cDistrito de las Artes\u201d, provocando as\u00ed n\u00fameros desalojos.<\/p>\n","protected":false},"excerpt":{"rendered":"<p>[FM RIACHUELO 10\/11\/2107] \u00a0Crece la inquietud de los trabajadores de Vialidad Nacional y de los vecinxs de Mataderos \u00a0frente a la publicaci\u00f3n en el Bolet\u00edn oficial del decreto de necesidad y urgencia \u00a0794\/2017, donde se trat\u00f3 la \u00a0creaci\u00f3n de la sociedad an\u00f3nima \u201cCorredores Viales S.A\u201d. Este decreto promueve la privatizaci\u00f3n del sector, donde la firma [&hellip;]<\/p>\n","protected":false},"author":5,"featured_media":5940,"comment_status":"open","ping_status":"open","sticky":false,"template":"","format":"standard","meta":{"_monsterinsights_skip_tracking":false,"_monsterinsights_sitenote_active":false,"_monsterinsights_sitenote_note":"","_monsterinsights_sitenote_category":0,"jnews-multi-image_gallery":[],"jnews_single_post":[],"jnews_primary_category":[],"_joinchat":[],"footnotes":""},"categories":[78,79,76,74],"tags":[],"class_list":["post-5938","post","type-post","status-publish","format-standard","has-post-thumbnail","hentry","category-economia-popular","category-nadie-se-salva-solo","category-salud-comunitaria","category-san-cayetano"],"_links":{"self":[{"href":"http:\/\/fmriachuelo.it10.com.ar\/index.php\/wp-json\/wp\/v2\/posts\/5938","targetHints":{"allow":["GET"]}}],"collection":[{"href":"http:\/\/fmriachuelo.it10.com.ar\/index.php\/wp-json\/wp\/v2\/posts"}],"about":[{"href":"http:\/\/fmriachuelo.it10.com.ar\/index.php\/wp-json\/wp\/v2\/types\/post"}],"author":[{"embeddable":true,"href":"http:\/\/fmriachuelo.it10.com.ar\/index.php\/wp-json\/wp\/v2\/users\/5"}],"replies":[{"embeddable":true,"href":"http:\/\/fmriachuelo.it10.com.ar\/index.php\/wp-json\/wp\/v2\/comments?post=5938"}],"version-history":[{"count":0,"href":"http:\/\/fmriachuelo.it10.com.ar\/index.php\/wp-json\/wp\/v2\/posts\/5938\/revisions"}],"wp:featuredmedia":[{"embeddable":true,"href":"http:\/\/fmriachuelo.it10.com.ar\/index.php\/wp-json\/wp\/v2\/media\/5940"}],"wp:attachment":[{"href":"http:\/\/fmriachuelo.it10.com.ar\/index.php\/wp-json\/wp\/v2\/media?parent=5938"}],"wp:term":[{"taxonomy":"category","embeddable":true,"href":"http:\/\/fmriachuelo.it10.com.ar\/index.php\/wp-json\/wp\/v2\/categories?post=5938"},{"taxonomy":"post_tag","embeddable":true,"href":"http:\/\/fmriachuelo.it10.com.ar\/index.php\/wp-json\/wp\/v2\/tags?post=5938"}],"curies":[{"name":"wp","href":"https:\/\/api.w.org\/{rel}","templated":true}]}}