{"id":5929,"date":"2017-11-08T15:28:18","date_gmt":"2017-11-08T15:28:18","guid":{"rendered":"http:\/\/fmriachuelo.com.ar\/?p=5929"},"modified":"2017-11-08T15:28:18","modified_gmt":"2017-11-08T15:28:18","slug":"la-boca-seguimos-exigiendo-justicia-por-nehuen","status":"publish","type":"post","link":"http:\/\/fmriachuelo.it10.com.ar\/index.php\/2017\/11\/08\/la-boca-seguimos-exigiendo-justicia-por-nehuen\/","title":{"rendered":"LA BOCA: SEGUIMOS EXIGIENDO JUSTICIA POR NEHU\u00c9N"},"content":{"rendered":"<p>[FM Riachuelo 08\/11\/2017] Ayer por la tarde en el barrio de La Boca, se llev\u00f3 a cabo una actividad en conmemoraci\u00f3n al cumplea\u00f1os de Nehu\u00e9n Rodr\u00edguez, para recordarlo y honrar su memoria.<\/p>\n<p><iframe loading=\"lazy\" title=\"07-11-2011 - CUMPLEA\u00d1OS DE NEHUEN - SEGUIMOS PIDIENDO JUSTICIA by FMR\" width=\"500\" height=\"450\" scrolling=\"no\" frameborder=\"no\" src=\"https:\/\/w.soundcloud.com\/player\/?visual=true&#038;url=https%3A%2F%2Fapi.soundcloud.com%2Fplaylists%2F369478298&#038;show_artwork=true&#038;maxheight=750&#038;maxwidth=500\"><\/iframe><\/p>\n<p>La actividad comenz\u00f3 a las 16 hs en las calles Pinz\u00f3n y Palos, en una tarde amenazada por la lluvia, pero que sin embargo, logr\u00f3 llevarse a cabo gracias al esfuerzo de todos los familiares y amigos que lo organizaron. Bandas en vivo, buffet y exposiciones de fotos fueron parte de la jornada, donde a pesar de la tristeza del recuerdo, se pudo vivir un ambiente c\u00e1lido de encuentro y solidaridad entre todos los presentes.<\/p>\n<p>Junto a distintos familiares de otros casos de violencia institucional, el festival tuvo como consigna \u00abPorque a Nehu\u00e9n nunca lo vamos a olvidar, porque a Nehu\u00e9n lo mato\u00a0la polic\u00eda y esta lucha la vamos a ganar! Justicia por \u00e9l y por todos nuestros pibes! La lucha se gana en las calles, no seamos parte del silencio\u00bb.<\/p>\n<p>FM Riachuelo entrevisto a Roxana Cainzos, mam\u00e1 de Nehu\u00e9n Rodr\u00edguez quien agradeci\u00f3 la presencia de todos y dijo que \u201cpara cuidar a nuestros pibes es muy necesario que nos encontremos organizados y juntos sobre todo\u201d. Adem\u00e1s record\u00f3 el caso de Santiago Maldonado diciendo que \u201csiempre es responsable el Estado y nunca da respuestas. Siempre estamos acotados por la impunidad total que ellos manejan\u201d.<\/p>\n<p>Jorge Piquete, pap\u00e1 de Pitu y Pola estuvo presente en el festival, donde expreso lo siguiente \u201ceste reclamo es para todos los chicos que perdimos ac\u00e1 en el barrio de La Boca\u201d. De esta forma, record\u00f3 a todas las v\u00edctimas de violencia institucional y arremeti\u00f3 contra el Estado argumentando que \u201cla justicia mira para otro lado y las autoridades en vez de cuidarte, te matan. Entonces los que tenemos que unirnos somos las organizaciones sociales y los grupos comunitarios\u201d.<\/p>\n<p>Hacia el final de la actividad, se sumo una emoci\u00f3n m\u00e1s, la proyecci\u00f3n del v\u00eddeo documental titulado \u201cUn \u00e1ngel quemero\u201d, recordando el reclamo del pedido de justicia por nuestros pibes.<\/p>\n<p><a href=\"https:\/\/www.facebook.com\/fmriachuelo\/posts\/1558797780842098\" target=\"_blank\" rel=\"noopener\"><span style=\"color: #ff0000\"><strong>GALERIA DE FOTOS<\/strong><\/span><\/a><\/p>\n","protected":false},"excerpt":{"rendered":"<p>[FM Riachuelo 08\/11\/2017] Ayer por la tarde en el barrio de La Boca, se llev\u00f3 a cabo una actividad en conmemoraci\u00f3n al cumplea\u00f1os de Nehu\u00e9n Rodr\u00edguez, para recordarlo y honrar su memoria. La actividad comenz\u00f3 a las 16 hs en las calles Pinz\u00f3n y Palos, en una tarde amenazada por la lluvia, pero que sin [&hellip;]<\/p>\n","protected":false},"author":5,"featured_media":5930,"comment_status":"open","ping_status":"open","sticky":false,"template":"","format":"standard","meta":{"_monsterinsights_skip_tracking":false,"_monsterinsights_sitenote_active":false,"_monsterinsights_sitenote_note":"","_monsterinsights_sitenote_category":0,"jnews-multi-image_gallery":[],"jnews_single_post":[],"jnews_primary_category":[],"_joinchat":[],"footnotes":""},"categories":[79,76,77],"tags":[],"class_list":["post-5929","post","type-post","status-publish","format-standard","has-post-thumbnail","hentry","category-nadie-se-salva-solo","category-salud-comunitaria","category-soberania"],"_links":{"self":[{"href":"http:\/\/fmriachuelo.it10.com.ar\/index.php\/wp-json\/wp\/v2\/posts\/5929","targetHints":{"allow":["GET"]}}],"collection":[{"href":"http:\/\/fmriachuelo.it10.com.ar\/index.php\/wp-json\/wp\/v2\/posts"}],"about":[{"href":"http:\/\/fmriachuelo.it10.com.ar\/index.php\/wp-json\/wp\/v2\/types\/post"}],"author":[{"embeddable":true,"href":"http:\/\/fmriachuelo.it10.com.ar\/index.php\/wp-json\/wp\/v2\/users\/5"}],"replies":[{"embeddable":true,"href":"http:\/\/fmriachuelo.it10.com.ar\/index.php\/wp-json\/wp\/v2\/comments?post=5929"}],"version-history":[{"count":0,"href":"http:\/\/fmriachuelo.it10.com.ar\/index.php\/wp-json\/wp\/v2\/posts\/5929\/revisions"}],"wp:featuredmedia":[{"embeddable":true,"href":"http:\/\/fmriachuelo.it10.com.ar\/index.php\/wp-json\/wp\/v2\/media\/5930"}],"wp:attachment":[{"href":"http:\/\/fmriachuelo.it10.com.ar\/index.php\/wp-json\/wp\/v2\/media?parent=5929"}],"wp:term":[{"taxonomy":"category","embeddable":true,"href":"http:\/\/fmriachuelo.it10.com.ar\/index.php\/wp-json\/wp\/v2\/categories?post=5929"},{"taxonomy":"post_tag","embeddable":true,"href":"http:\/\/fmriachuelo.it10.com.ar\/index.php\/wp-json\/wp\/v2\/tags?post=5929"}],"curies":[{"name":"wp","href":"https:\/\/api.w.org\/{rel}","templated":true}]}}