{"id":5922,"date":"2017-11-08T14:41:42","date_gmt":"2017-11-08T14:41:42","guid":{"rendered":"http:\/\/fmriachuelo.com.ar\/?p=5922"},"modified":"2017-11-08T14:41:42","modified_gmt":"2017-11-08T14:41:42","slug":"otro-caso-mas-de-judicializacion-de-la-protesta-social-comunicado-sec-ddhh-de-ctep","status":"publish","type":"post","link":"http:\/\/fmriachuelo.it10.com.ar\/index.php\/2017\/11\/08\/otro-caso-mas-de-judicializacion-de-la-protesta-social-comunicado-sec-ddhh-de-ctep\/","title":{"rendered":"OTRO CASO M\u00c1S DE JUDICIALIZACI\u00d3N DE LA PROTESTA SOCIAL: COMUNICADO SEC.DDHH DE CTEP"},"content":{"rendered":"<p>[FM Riachuelo 8\/11\/2017] \u201cHoy se busca castigar y condenar la protesta social\u201d el 6 de noviembre en los Tribunales de Comodoro Py se declar\u00f3 culpable a Luis D\u00b4El\u00eda, conden\u00e1ndolo a \u00a04 a\u00f1os de c\u00e1rcel por la toma de la Comisaria Nro. 24 de La Boca, ocurrida hace 14 a\u00f1os, luego de que el militante popular Martin \u201cOso\u201d Cisneros fuese asesinado por el narco Juan Carlos Duarte.<\/p>\n<p>En el juicio, Luis D\u00b4El\u00eda estuvo acompa\u00f1ado por Lito Borello, Secretario de DDHH de la CTEP y Luis Bord\u00f3n, representante de los familiares de las v\u00edctimas en el Programa Anti-Impunidad, con quienes comparti\u00f3 los momentos de la toma de la comisaria (ambos fueron absueltos por prescripci\u00f3n de la causa),\u00a0 all\u00ed Lito Borello se pronunci\u00f3 acerca del juicio diciendo:.. \u201cYo ya no creo en esta justicia, pero lo peor es que la sociedad ya no cree en esta justicia\u201d.<\/p>\n<p>En el marco del reclamo por justicia para las organizaciones sociales que est\u00e1n siendo perseguidas judicialmente, \u00a0la secretar\u00eda de DDHH de CTEP lanz\u00f3 un comunicado que reproducimos a continuaci\u00f3n:<\/p>\n<p>\u201cConsecuentemente con un mapa del pa\u00eds que sigue ti\u00f1\u00e9ndose del color de la traici\u00f3n, la criminalizaci\u00f3n de la protesta social vivi\u00f3 un nuevo hito durante la v\u00edspera en los Tribunales de Comodoro Py, con la condena dictada contra Luis D\u00b4El\u00eda a 4 a\u00f1os de c\u00e1rcel por la toma de la<br \/>\nComisaria Nro. 24 de La Boca, ocurrida hace 14 a\u00f1os, tras el alevoso asesinato del militante popular Martin \u201cOso\u201d Cisneros, perpetrado por el narco Juan Carlos Duarte bajo inequ\u00edvoca cobertura policial.<\/p>\n<p>Semejante proceder de una Justicia en plena sinton\u00eda con el poder de turno ya no sorprende a los sectores en lucha contra un gobierno de explotadores con buenos modales. Y esto es as\u00ed porque &#8211; a todas luces &#8211; el intranquilizador paquete de reformas impositivas, previsionales, y laborales anunciado por el presidente a pedido del FMI requerir\u00e1 de m\u00e1s medidas punitivas tendientes al disciplinamiento de todas las rebeld\u00edas y a un todav\u00eda mayor blindaje tanto medi\u00e1tico como represivo. El uno para construir sentido com\u00fan favorable al ajuste, y el otro para continuar intentando escarmentar a l@s tant@s argentin@s que se van plegando a la resistencia contra este modelo de exclusi\u00f3n social.\u201d<\/p>\n<p>\u00a1AC\u00c1 NO SE RINDE NADIE!<\/p>\n<p>SECRETAR\u00cdA DE DDHH CTEP<\/p>\n<p><a href=\"https:\/\/www.facebook.com\/fmriachuelo\/posts\/1558759907512552\"><strong><span style=\"color: #ff0000\">GALERIA DE FOTOS<\/span><\/strong><\/a><\/p>\n","protected":false},"excerpt":{"rendered":"<p>[FM Riachuelo 8\/11\/2017] \u201cHoy se busca castigar y condenar la protesta social\u201d el 6 de noviembre en los Tribunales de Comodoro Py se declar\u00f3 culpable a Luis D\u00b4El\u00eda, conden\u00e1ndolo a \u00a04 a\u00f1os de c\u00e1rcel por la toma de la Comisaria Nro. 24 de La Boca, ocurrida hace 14 a\u00f1os, luego de que el militante popular [&hellip;]<\/p>\n","protected":false},"author":5,"featured_media":5918,"comment_status":"open","ping_status":"open","sticky":false,"template":"","format":"standard","meta":{"_monsterinsights_skip_tracking":false,"_monsterinsights_sitenote_active":false,"_monsterinsights_sitenote_note":"","_monsterinsights_sitenote_category":0,"jnews-multi-image_gallery":[],"jnews_single_post":[],"jnews_primary_category":[],"_joinchat":[],"footnotes":""},"categories":[79,76,77],"tags":[],"class_list":["post-5922","post","type-post","status-publish","format-standard","has-post-thumbnail","hentry","category-nadie-se-salva-solo","category-salud-comunitaria","category-soberania"],"_links":{"self":[{"href":"http:\/\/fmriachuelo.it10.com.ar\/index.php\/wp-json\/wp\/v2\/posts\/5922","targetHints":{"allow":["GET"]}}],"collection":[{"href":"http:\/\/fmriachuelo.it10.com.ar\/index.php\/wp-json\/wp\/v2\/posts"}],"about":[{"href":"http:\/\/fmriachuelo.it10.com.ar\/index.php\/wp-json\/wp\/v2\/types\/post"}],"author":[{"embeddable":true,"href":"http:\/\/fmriachuelo.it10.com.ar\/index.php\/wp-json\/wp\/v2\/users\/5"}],"replies":[{"embeddable":true,"href":"http:\/\/fmriachuelo.it10.com.ar\/index.php\/wp-json\/wp\/v2\/comments?post=5922"}],"version-history":[{"count":0,"href":"http:\/\/fmriachuelo.it10.com.ar\/index.php\/wp-json\/wp\/v2\/posts\/5922\/revisions"}],"wp:featuredmedia":[{"embeddable":true,"href":"http:\/\/fmriachuelo.it10.com.ar\/index.php\/wp-json\/wp\/v2\/media\/5918"}],"wp:attachment":[{"href":"http:\/\/fmriachuelo.it10.com.ar\/index.php\/wp-json\/wp\/v2\/media?parent=5922"}],"wp:term":[{"taxonomy":"category","embeddable":true,"href":"http:\/\/fmriachuelo.it10.com.ar\/index.php\/wp-json\/wp\/v2\/categories?post=5922"},{"taxonomy":"post_tag","embeddable":true,"href":"http:\/\/fmriachuelo.it10.com.ar\/index.php\/wp-json\/wp\/v2\/tags?post=5922"}],"curies":[{"name":"wp","href":"https:\/\/api.w.org\/{rel}","templated":true}]}}