{"id":5916,"date":"2017-11-07T15:07:40","date_gmt":"2017-11-07T15:07:40","guid":{"rendered":"http:\/\/fmriachuelo.com.ar\/?p=5916"},"modified":"2017-11-07T15:07:40","modified_gmt":"2017-11-07T15:07:40","slug":"condena-en-el-juicio-a-la-protesta-social","status":"publish","type":"post","link":"http:\/\/fmriachuelo.it10.com.ar\/index.php\/2017\/11\/07\/condena-en-el-juicio-a-la-protesta-social\/","title":{"rendered":"CONDENA EN EL JUICIO A LA PROTESTA SOCIAL"},"content":{"rendered":"<p>[FM Riachuelo 07\/11\/2017] En el d\u00eda de ayer en los Tribunales de Comodoro Py se declar\u00f3 culpable a Luis D\u00b4El\u00eda, quien enfrenta una condena de 4 a\u00f1os de c\u00e1rcel por la toma de la Comisaria Nro 24 de La Boca, ocurrida hace 14 a\u00f1os, luego de que el militante popular Martin \u201cOso\u201d Cisneros fuese asesinado por el narco, Juan Carlos Duarte.<\/p>\n<p><iframe loading=\"lazy\" title=\"06-11-2017 - SE DICTO SENTENCIA EN EL JUICIO A LA PROTESTA SOCIAL by FMR\" width=\"500\" height=\"450\" scrolling=\"no\" frameborder=\"no\" src=\"https:\/\/w.soundcloud.com\/player\/?visual=true&#038;url=https%3A%2F%2Fapi.soundcloud.com%2Fplaylists%2F368640401&#038;show_artwork=true&#038;maxheight=750&#038;maxwidth=500\"><\/iframe><\/p>\n<p>En el juicio, Luis D\u00b4El\u00eda estuvo acompa\u00f1ado por Lito Borello, Secretario de DDHH de la CTEP y Luis Bordon, representante de los familiares de las v\u00edctimas en el Programa Anti-Impunidad, con quienes comparti\u00f3 los momentos de la toma de la comisaria. Sin embargo, las causas de Borello y Bordon quedaron prescriptas, y no as\u00ed la de D\u00b4El\u00eda, al que tambi\u00e9n se lo condena por un conflicto que tuvo lugar en la contra-marcha a Plaza de Mayo en el 2008. El TOF 6 dar\u00e1 a conocer los fundamentos de la condena el d\u00eda 6 de diciembre, a las 18 hs. Justo despu\u00e9s comenzaran a correr los plazos para presentar la apelaci\u00f3n de la sentencia a la C\u00e1mara de Casaci\u00f3n.<\/p>\n<p>Lito Borello se pronuncio acerca del juicio diciendo \u201cYo ya no creo en esta justicia, pero lo peor es que la sociedad ya no cree en esta justicia\u201d. Adem\u00e1s, Luis Bordon recalco que \u201cnosotros siempre decimos la verdad y la historia de vida de mis dos compa\u00f1eros, demuestra que siempre dijeron la verdad\u201d. Luis D\u00b4El\u00eda agrego \u201cel Poder Judicial se transformo en la fuerza de choque del Poder Ejecutivo que conduce el presidente Macri. Hoy se busca castigar y condenar la protesta social\u201d.<\/p>\n<p><img loading=\"lazy\" decoding=\"async\" class=\"alignnone size-medium wp-image-5918\" src=\"http:\/\/fmriachuelo.com.ar\/wp-content\/uploads\/2017\/11\/WhatsApp-Image-2017-11-06-at-19.25.50-300x200.jpeg\" alt=\"\" width=\"300\" height=\"200\" srcset=\"http:\/\/fmriachuelo.it10.com.ar\/wp-content\/uploads\/2017\/11\/WhatsApp-Image-2017-11-06-at-19.25.50-300x200.jpeg 300w, http:\/\/fmriachuelo.it10.com.ar\/wp-content\/uploads\/2017\/11\/WhatsApp-Image-2017-11-06-at-19.25.50-1024x683.jpeg 1024w, http:\/\/fmriachuelo.it10.com.ar\/wp-content\/uploads\/2017\/11\/WhatsApp-Image-2017-11-06-at-19.25.50-768x512.jpeg 768w, http:\/\/fmriachuelo.it10.com.ar\/wp-content\/uploads\/2017\/11\/WhatsApp-Image-2017-11-06-at-19.25.50-750x500.jpeg 750w, http:\/\/fmriachuelo.it10.com.ar\/wp-content\/uploads\/2017\/11\/WhatsApp-Image-2017-11-06-at-19.25.50-1140x761.jpeg 1140w, http:\/\/fmriachuelo.it10.com.ar\/wp-content\/uploads\/2017\/11\/WhatsApp-Image-2017-11-06-at-19.25.50.jpeg 1280w\" sizes=\"auto, (max-width: 300px) 100vw, 300px\" \/><\/p>\n<p>El Tribunal Oral Federal 6 compuesto por Julio Panelo, Jos\u00e9 Mart\u00ednez Sobrino y Fernando Carnero lo declar\u00f3 culpable de todos los cargos que se le imputaban. Adem\u00e1s de condenarlo a 4 a\u00f1os de prisi\u00f3n, se le prohibi\u00f3 la salida del pa\u00eds, as\u00ed como tambi\u00e9n lo inhabilitaron para ocupar cargos p\u00fablicos por 8 a\u00f1os.<\/p>\n<p>Por otro lado, afuera de los Tribunales de Comodoro Py concentraban cientos de militantes de distintas organizaciones sociales y pol\u00edticas, para apoyar a los compa\u00f1eros criminalizados, en lo que se caratula como un claro juicio al derecho a la protesta. D\u00b4El\u00eda se pronunci\u00f3 argumentando lo siguiente: \u201cno creo en este juicio. Este juicio est\u00e1 hecho a pedido de Mauricio Macri al solo efecto de meterme preso\u201d. Adem\u00e1s dijo \u201csi alguien vuelve a atentar contra la democracia y la vida, me van a ver como siempre, a la cabeza de esta protesta\u201d.<\/p>\n<p>Por \u00faltimo, Lito Borello se expres\u00f3 diciendo \u201cComo mucho nos podr\u00e1n condenar, pero sepan que hay cientos, que hay millones de \u201cOsos\u201d que siguen construyendo un nuevo mundo posible\u201d.<\/p>\n","protected":false},"excerpt":{"rendered":"<p>[FM Riachuelo 07\/11\/2017] En el d\u00eda de ayer en los Tribunales de Comodoro Py se declar\u00f3 culpable a Luis D\u00b4El\u00eda, quien enfrenta una condena de 4 a\u00f1os de c\u00e1rcel por la toma de la Comisaria Nro 24 de La Boca, ocurrida hace 14 a\u00f1os, luego de que el militante popular Martin \u201cOso\u201d Cisneros fuese asesinado [&hellip;]<\/p>\n","protected":false},"author":5,"featured_media":5917,"comment_status":"open","ping_status":"open","sticky":false,"template":"","format":"standard","meta":{"_monsterinsights_skip_tracking":false,"_monsterinsights_sitenote_active":false,"_monsterinsights_sitenote_note":"","_monsterinsights_sitenote_category":0,"jnews-multi-image_gallery":[],"jnews_single_post":[],"jnews_primary_category":[],"_joinchat":[],"footnotes":""},"categories":[79,76],"tags":[],"class_list":["post-5916","post","type-post","status-publish","format-standard","has-post-thumbnail","hentry","category-nadie-se-salva-solo","category-salud-comunitaria"],"_links":{"self":[{"href":"http:\/\/fmriachuelo.it10.com.ar\/index.php\/wp-json\/wp\/v2\/posts\/5916","targetHints":{"allow":["GET"]}}],"collection":[{"href":"http:\/\/fmriachuelo.it10.com.ar\/index.php\/wp-json\/wp\/v2\/posts"}],"about":[{"href":"http:\/\/fmriachuelo.it10.com.ar\/index.php\/wp-json\/wp\/v2\/types\/post"}],"author":[{"embeddable":true,"href":"http:\/\/fmriachuelo.it10.com.ar\/index.php\/wp-json\/wp\/v2\/users\/5"}],"replies":[{"embeddable":true,"href":"http:\/\/fmriachuelo.it10.com.ar\/index.php\/wp-json\/wp\/v2\/comments?post=5916"}],"version-history":[{"count":0,"href":"http:\/\/fmriachuelo.it10.com.ar\/index.php\/wp-json\/wp\/v2\/posts\/5916\/revisions"}],"wp:featuredmedia":[{"embeddable":true,"href":"http:\/\/fmriachuelo.it10.com.ar\/index.php\/wp-json\/wp\/v2\/media\/5917"}],"wp:attachment":[{"href":"http:\/\/fmriachuelo.it10.com.ar\/index.php\/wp-json\/wp\/v2\/media?parent=5916"}],"wp:term":[{"taxonomy":"category","embeddable":true,"href":"http:\/\/fmriachuelo.it10.com.ar\/index.php\/wp-json\/wp\/v2\/categories?post=5916"},{"taxonomy":"post_tag","embeddable":true,"href":"http:\/\/fmriachuelo.it10.com.ar\/index.php\/wp-json\/wp\/v2\/tags?post=5916"}],"curies":[{"name":"wp","href":"https:\/\/api.w.org\/{rel}","templated":true}]}}